{"id":407794,"date":"2018-12-17T00:03:18","date_gmt":"2018-12-17T06:03:18","guid":{"rendered":"https:\/\/www.diarioimagen.net\/?p=407794"},"modified":"2018-12-17T03:30:36","modified_gmt":"2018-12-17T09:30:36","slug":"autonomia-valor-mas-preciado-en-la-uaem-dice-alfredo-barrera","status":"publish","type":"post","link":"https:\/\/www.diarioimagen.net\/?p=407794","title":{"rendered":"Autonom\u00eda, valor m\u00e1s preciado en la UAEM, dice Alfredo Barrera"},"content":{"rendered":"<ul>\n<li><strong><em>Para la transmisi\u00f3n del conocimiento<\/em><\/strong><\/li>\n<\/ul>\n<p>&nbsp;<\/p>\n<div id=\"attachment_407863\" style=\"width: 470px\" class=\"wp-caption aligncenter\"><a href=\"https:\/\/www.diarioimagen.net\/?attachment_id=407863\" rel=\"attachment wp-att-407863\"><img loading=\"lazy\" decoding=\"async\" aria-describedby=\"caption-attachment-407863\" class=\"wp-image-407863 size-large\" src=\"https:\/\/www.diarioimagen.net\/wp-content\/uploads\/2018\/12\/UAEM-17-460x307.jpg\" alt=\"\" width=\"460\" height=\"307\" srcset=\"https:\/\/www.diarioimagen.net\/wp-content\/uploads\/2018\/12\/UAEM-17-460x307.jpg 460w, https:\/\/www.diarioimagen.net\/wp-content\/uploads\/2018\/12\/UAEM-17-240x160.jpg 240w, https:\/\/www.diarioimagen.net\/wp-content\/uploads\/2018\/12\/UAEM-17.jpg 700w\" sizes=\"auto, (max-width: 460px) 100vw, 460px\" \/><\/a><p id=\"caption-attachment-407863\" class=\"wp-caption-text\">En la sesi\u00f3n ordinaria del H. Consejo Universitario, el rector Alfredo Barrera Baca asever\u00f3 que la Universidad Aut\u00f3noma del Estado de M\u00e9xico es refugio de las libertades.<\/p><\/div>\n<p>&nbsp;<\/p>\n<p><strong>Toluca, Estado de M\u00e9xico<\/strong>.\u2013 La obtenci\u00f3n de la autonom\u00eda, el valor m\u00e1s preciado para la transmisi\u00f3n del conocimiento y la b\u00fasqueda de la verdad, constituye uno de los acontecimientos m\u00e1s relevantes en la historia contempor\u00e1nea de la Universidad Aut\u00f3noma del Estado de M\u00e9xico, sostuvo el rector Alfredo Barrera Baca.<\/p>\n<p>Durante la sesi\u00f3n ordinaria del H. Consejo Universitario correspondiente al mes de diciembre, donde el pleno del m\u00e1ximo \u00f3rgano colegiado de la instituci\u00f3n aprob\u00f3 por unanimidad la leyenda institucional para el pr\u00f3ximo a\u00f1o: \u201c2019, a\u00f1o del 75 aniversario de la autonom\u00eda ICLA-UAEM\u201d, Barrera Baca asever\u00f3 que esta casa de estudios es refugio de las libertades.<\/p>\n<p>Con base en su autonom\u00eda, puntualiz\u00f3 Alfredo Barrera Baca, la Aut\u00f3noma mexiquense brinda a la sociedad la apertura para pensar, imaginar y crear, aporta nuevos horizontes y espacios de crecimiento.<\/p>\n<p>El rector consider\u00f3 que estas fiestas son una excelente oportunidad para reflexionar y mantener en unidad a la comunidad verde y oro, mediante el trabajo acad\u00e9mico y cient\u00edfico, a trav\u00e9s del di\u00e1logo, la comunicaci\u00f3n profunda, transparente y honesta que distingue a la Aut\u00f3noma mexiquense.<\/p>\n<p>Al respecto, el consejero alumno de la Facultad de Contadur\u00eda y Administraci\u00f3n de la UAEM, Mariano Jos\u00e9 de Le\u00f3n Sanabria, destac\u00f3 que la defensa de la autonom\u00eda es prioridad para los universitarios.<\/p>\n<p>El consejero alumno de la Facultad de Derecho, Eliot Fernando Cruz D\u00edaz, asegur\u00f3 que la autonom\u00eda es reflejo de una lucha y un proceso hist\u00f3rico de la UAEM. En tanto, el consejero profesor de la Facultad de Derecho, Sergio Ruiz Pe\u00f1a, consider\u00f3 sumamente pertinente la propuesta de la nueva leyenda institucional, pues la autonom\u00eda es un valor heredado y es obligaci\u00f3n de los universitarios cuidarla y defenderla.<\/p>\n<p>Asimismo, el director de la Facultad de Medicina Veterinaria y Zootecnia de la UAEM, Roberto Montes de Oca Jim\u00e9nez, y el estudiante de la Facultad de Humanidades, Josu\u00e9 Galeano Salguero, subrayaron el liderazgo, sensibilidad y calidad humana que caracteriza al rector Alfredo Barrera Baca, quien en todo momento apoya a la comunidad de esta casa de estudios.<\/p>\n","protected":false},"excerpt":{"rendered":"<p>La obtenci\u00f3n de la autonom\u00eda, el valor m\u00e1s preciado para la transmisi\u00f3n del conocimiento y la b\u00fasqueda de la verdad, constituye uno de los acontecimientos m\u00e1s relevantes en la historia contempor\u00e1nea de la Universidad Aut\u00f3noma del Estado de M\u00e9xico, sostuvo el rector Alfredo Barrera Baca.<\/p>\n","protected":false},"author":3,"featured_media":407863,"comment_status":"open","ping_status":"open","sticky":false,"template":"","format":"standard","meta":{"_monsterinsights_skip_tracking":false,"_monsterinsights_sitenote_active":false,"_monsterinsights_sitenote_note":"","_monsterinsights_sitenote_category":0,"footnotes":""},"categories":[35155],"tags":[58572,43675,452,1490],"class_list":["post-407794","post","type-post","status-publish","format-standard","has-post-thumbnail","hentry","category-estado-de-mexico-estado-de-mexico","tag-alfredo-barrera-baca","tag-estado-de-mexico","tag-toluca","tag-universidad-autonoma-del-estado-de-mexico"],"_links":{"self":[{"href":"https:\/\/www.diarioimagen.net\/index.php?rest_route=\/wp\/v2\/posts\/407794","targetHints":{"allow":["GET"]}}],"collection":[{"href":"https:\/\/www.diarioimagen.net\/index.php?rest_route=\/wp\/v2\/posts"}],"about":[{"href":"https:\/\/www.diarioimagen.net\/index.php?rest_route=\/wp\/v2\/types\/post"}],"author":[{"embeddable":true,"href":"https:\/\/www.diarioimagen.net\/index.php?rest_route=\/wp\/v2\/users\/3"}],"replies":[{"embeddable":true,"href":"https:\/\/www.diarioimagen.net\/index.php?rest_route=%2Fwp%2Fv2%2Fcomments&post=407794"}],"version-history":[{"count":0,"href":"https:\/\/www.diarioimagen.net\/index.php?rest_route=\/wp\/v2\/posts\/407794\/revisions"}],"wp:featuredmedia":[{"embeddable":true,"href":"https:\/\/www.diarioimagen.net\/index.php?rest_route=\/wp\/v2\/media\/407863"}],"wp:attachment":[{"href":"https:\/\/www.diarioimagen.net\/index.php?rest_route=%2Fwp%2Fv2%2Fmedia&parent=407794"}],"wp:term":[{"taxonomy":"category","embeddable":true,"href":"https:\/\/www.diarioimagen.net\/index.php?rest_route=%2Fwp%2Fv2%2Fcategories&post=407794"},{"taxonomy":"post_tag","embeddable":true,"href":"https:\/\/www.diarioimagen.net\/index.php?rest_route=%2Fwp%2Fv2%2Ftags&post=407794"}],"curies":[{"name":"wp","href":"https:\/\/api.w.org\/{rel}","templated":true}]}}