{"id":407847,"date":"2018-12-17T00:00:49","date_gmt":"2018-12-17T06:00:49","guid":{"rendered":"https:\/\/www.diarioimagen.net\/?p=407847"},"modified":"2018-12-18T02:14:04","modified_gmt":"2018-12-18T08:14:04","slug":"pemex-completo-a-ciudad-del-carmen","status":"publish","type":"post","link":"https:\/\/www.diarioimagen.net\/?p=407847","title":{"rendered":"Pemex completo, a Ciudad del Carmen"},"content":{"rendered":"<h2>La Retaguardia<\/h2>\n<h5>Adriana Moreno Cordero<\/h5>\n<p><em>\u00a0<\/em><em>\u00a0<\/em><\/p>\n<ul>\n<li><strong><em>Se reactivar\u00e1 industria petrolera<\/em><\/strong><\/li>\n<li><strong><em>Pena ajena recorte a universidades<\/em><\/strong><\/li>\n<\/ul>\n<p>&nbsp;<\/p>\n<p>Gran actividad tuvo el presidente <strong>Andr\u00e9s Manuel L\u00f3pez Obrador<\/strong> en el Sureste del pa\u00eds. Ayer, coloc\u00f3 la primera piedra de lo que ser\u00e1 la obra \u201cestrella\u201d de su administraci\u00f3n, el Tren Maya y lleg\u00f3 a ese momento en medio de serios cuestionamientos respecto a que sin an\u00e1lisis t\u00e9cnico de por medio, est\u00e1n en riesgo importantes zonas de reserva de esa parte de la selva, el tabasque\u00f1o, solo bajo la ley del \u201cme canso ganso\u201d, dio luz verde a su anhelada propuesta.<\/p>\n<p>Sin embargo, lo que llama poderosamente la atenci\u00f3n es la presentaci\u00f3n del Plan Nacional de Producci\u00f3n de Hidrocarburos que proyecta reactivar la industria petrolera y producir m\u00e1s de dos millones 400 mil barriles diarios al final del presente sexenio; luego de esto, el presidente confirm\u00f3 que la Direcci\u00f3n General de Petr\u00f3leos Mexicanos, incluyendo Exploraci\u00f3n y Producci\u00f3n, se trasladar\u00e1 por completo a Isla del Carmen.<\/p>\n<p>Ante los gobernadores de Campeche, <strong>Alejandro Moreno C\u00e1rdenas<\/strong>, tambi\u00e9n en su calidad de presidente de la Conferencia Nacional de Gobernadores (Conago); de Oaxaca, <strong>Alejandro Murat Hinojosa<\/strong> y los mandatarios estatales en funciones y electo de Tabasco, <strong>Arturo N\u00fa\u00f1ez Jim\u00e9nez<\/strong> y <strong>Ad\u00e1n Augusto L\u00f3pez Hern\u00e1ndez<\/strong>, respectivamente, el titular del Ejecutivo federal subray\u00f3 que el plan de rescate es un hecho decisivo en el pa\u00eds, es bastante realista e incluye la participaci\u00f3n y experiencia de trabajadores petroleros en activo, de planta, transitorios,\u00a0 jubilados\u00a0 y sindicalizados de Pemex, y de las empresas.<\/p>\n<p>Desde el puerto de Isla del Carmen, el presidente de la Rep\u00fablica asegur\u00f3 que el plan es un reto, porque de un mill\u00f3n 750 mil barriles diarios que se producen actualmente, se proyecta alcanzar m\u00e1s de dos millones 400 mil barriles diarios a finales del sexenio.<\/p>\n<p>Indic\u00f3 que este plan de producci\u00f3n forma parte de una estrategia integral que incluye el de refinaci\u00f3n, que consiste en modernizar seis refiner\u00edas y construir la de Dos Bocas, Tabasco.<\/p>\n<p>L\u00f3pez Obrador reconoci\u00f3 el apoyo que ha brindado a su gobierno el mandatario campechano para impulsar los proyectos y programas que impulsar\u00e1n la transformaci\u00f3n de M\u00e9xico, en armon\u00eda y por el camino de la concordia.<\/p>\n<p>Resalt\u00f3 que el plan es un nuevo rescate de Petr\u00f3leos Mexicanos, por lo que ahora se invertir\u00e1 en exploraci\u00f3n, en perforaci\u00f3n de pozos, en tierra y en aguas someras de Veracruz, Tabasco y Campeche, adem\u00e1s subray\u00f3 que se va aplicar un plan de austeridad republicana y los ahorros se destinar\u00e1n a dicho plan.<\/p>\n<p>\u201cCreo que vamos a lograr el prop\u00f3sito de recuperar la producci\u00f3n de petr\u00f3leo y sacar de este momento dif\u00edcil a la industria petrolera nacional\u201d, puntualiz\u00f3.<\/p>\n<p>Antes de concluir, confirm\u00f3 que las oficinas centrales de Pemex se trasladar\u00e1n por completo a Ciudad del Carmen, incluyendo las de Exploraci\u00f3n y Producci\u00f3n, mientras que la Secretar\u00eda de Energ\u00eda radicar\u00e1 en Tabasco.<\/p>\n<p>El jefe del Ejecutivo federal se comprometi\u00f3 con los trabajadores de Petr\u00f3leos Mexicanos a que cada tres meses se haga una revisi\u00f3n del Plan Nacional de Producci\u00f3n de Hidrocarburos, para conocer sus avances, garantizando as\u00ed la transparencia y honestidad.<\/p>\n<p style=\"text-align: center;\"><strong>Municiones<\/strong><\/p>\n<p>*** A quien se vio muy contenta y de buen \u00e1nimo llegando a la toma de protesta de <strong>Martha Erika Alonso<\/strong> como gobernadora de Puebla fue a <strong>Alejandra Barrales<\/strong>, quien le reiter\u00f3 su apoyo a la ahora gobernadora poblana, que a su vez, hizo un nuevo llamado al gobierno federal a trabajar unidos.<\/p>\n<p>*** Y en esta \u00e9poca de Navidad que pinta medio triste pero eso s\u00ed, muy austera, el presidente L\u00f3pez Obrador s\u00ed tiene contemplado recibir un bono navide\u00f1o y eso que apenas asumi\u00f3 el poder el pasado 1 de diciembre. Se calcula que ser\u00e1 por algo as\u00ed como 314 mil 578 pesos, y entonces, \u00bfen qu\u00e9 quedamos?<\/p>\n<p>*** A propuesta del diputado perredista, <strong>V\u00edctor Hugo Lobo Rom\u00e1n<\/strong>, el pleno del Congreso de la Ciudad de M\u00e9xico, aprob\u00f3 la creaci\u00f3n de un Instituto de Ciencia, Tecnolog\u00eda e Innovaci\u00f3n que de manera desconcentrada de la SEP, realizar\u00e1 acciones de programaci\u00f3n, ejecuci\u00f3n, evaluaci\u00f3n y verificaci\u00f3n en la materia.<\/p>\n<p>Lobo argument\u00f3 que la ciencia y la tecnolog\u00eda es un derecho ciudadano, al igual que la educaci\u00f3n y la cultura, \u201cno crear un Instituto de esa naturaleza, significar\u00eda un retroceso para la Ciudad de M\u00e9xico y un grave da\u00f1o en detrimento de los capitalinos\u201d, concluy\u00f3 Lobo Rom\u00e1n.<\/p>\n<p>*** En la semana que concluy\u00f3, <strong>David Penchyna<\/strong> se despidi\u00f3 como director del Infonavit, en medio de una cerrada ovaci\u00f3n y hasta con nostalgia, debido a la excelente labor que el ex senador realiz\u00f3 al frente del Instituto. Pues ser\u00e1 el pr\u00f3ximo mi\u00e9rcoles cuando el nuevo titular del Infonavit, <strong>Carlos Mart\u00ednez Vel\u00e1zquez<\/strong>, ofrecer\u00e1 una conferencia de prensa en la que explicar\u00e1 c\u00f3mo manejar\u00e1 a ese Instituto.<\/p>\n<p>*** La flamant\u00edsima secretaria de la Funci\u00f3n P\u00fablica, <strong>Irma Er\u00e9ndira Sandoval<\/strong>, ahora sali\u00f3 con que sus dichos ante senadores en el sentido de querer que los empresarios le reduzcan el sueldo a sus trabajadores para que as\u00ed, todos ganen menos que el presidente L\u00f3pez Obrador, es \u201cfake news\u201d.<\/p>\n<p>\u00a1S\u00ed, c\u00f3mo no! Lo bueno es que se rescat\u00f3 el video que ya borr\u00f3 el Senado de la Rep\u00fablica y circula no s\u00f3lo por las redes, como para recordarle a la se\u00f1ora secretaria que antes de hablar, hay que pensar, que muchas veces vale m\u00e1s el silencio. Pero verdaderamente asusta lo que son capaces de hacer los miembros del gabinete l\u00f3pezobradorista con tal de quedar bien con su jefe. Ignorancia demasiado atrevida, \u00bfo no?<\/p>\n<p>*** Da pena ajena que en el Presupuesto de Egresos de la Federaci\u00f3n para el a\u00f1o entrante que entreg\u00f3 el secretario de Hacienda, <strong>Carlos Urz\u00faa<\/strong> al Congreso, las principales Universidades del pa\u00eds, fueron pasadas por la tijera y sufrieron importantes recortes en sus respectivos presupuestos.<\/p>\n<p>\u00bfPues en qu\u00e9 sitio tiene este gobierno a la educaci\u00f3n superior?, \u00bfno que el que gobierna es el pueblo? Ante esto, uno no puede menos que preguntarse: \u00bfen realidad fue un \u201cerror de dedo\u201d del gobierno aquello de intentar quitar la autonom\u00eda a la UNAM? Al tiempo.<\/p>\n<p>*** La Asociaci\u00f3n Mexicana de Laboratorios Farmac\u00e9uticos, felicit\u00f3 y dese\u00f3 el mayor de los \u00e9xitos al gobierno federal por el inicio el nuevo Sistema de Nacional Salud.<\/p>\n<p>Asimismo, la AMELAF refrend\u00f3 su compromiso de garantizar el suministro de medicamentos de calidad. Dej\u00f3 testimonio de su benepl\u00e1cito y respaldo ante el convenio del nuevo Sistema de Salud, presentado en M\u00e9rida, Yucat\u00e1n, por el presidente L\u00f3pez Obrador, que busca garantizar el derecho a la salud con atenci\u00f3n m\u00e9dica y medicamentos gratuitos a la poblaci\u00f3n sin seguridad social.<\/p>\n<p><u><\/u><a href=\"mailto:morcora@gmail.com\" target=\"_blank\" rel=\"noopener\"><em>morcora@gmail.com<\/em><\/a><\/p>\n","protected":false},"excerpt":{"rendered":"<p><span style=\"color: #005497;\"><strong>Adriana Moreno Cordero<\/strong><\/span><\/p>\n","protected":false},"author":3,"featured_media":0,"comment_status":"open","ping_status":"open","sticky":false,"template":"","format":"standard","meta":{"_monsterinsights_skip_tracking":false,"_monsterinsights_sitenote_active":false,"_monsterinsights_sitenote_note":"","_monsterinsights_sitenote_category":0,"footnotes":""},"categories":[69370],"tags":[69369,69368,43674],"class_list":["post-407847","post","type-post","status-publish","format-standard","hentry","category-adriana-moreno-cordero","tag-adriana-moreno-cordero","tag-la-retaguardia","tag-opinion"],"_links":{"self":[{"href":"https:\/\/www.diarioimagen.net\/index.php?rest_route=\/wp\/v2\/posts\/407847","targetHints":{"allow":["GET"]}}],"collection":[{"href":"https:\/\/www.diarioimagen.net\/index.php?rest_route=\/wp\/v2\/posts"}],"about":[{"href":"https:\/\/www.diarioimagen.net\/index.php?rest_route=\/wp\/v2\/types\/post"}],"author":[{"embeddable":true,"href":"https:\/\/www.diarioimagen.net\/index.php?rest_route=\/wp\/v2\/users\/3"}],"replies":[{"embeddable":true,"href":"https:\/\/www.diarioimagen.net\/index.php?rest_route=%2Fwp%2Fv2%2Fcomments&post=407847"}],"version-history":[{"count":0,"href":"https:\/\/www.diarioimagen.net\/index.php?rest_route=\/wp\/v2\/posts\/407847\/revisions"}],"wp:attachment":[{"href":"https:\/\/www.diarioimagen.net\/index.php?rest_route=%2Fwp%2Fv2%2Fmedia&parent=407847"}],"wp:term":[{"taxonomy":"category","embeddable":true,"href":"https:\/\/www.diarioimagen.net\/index.php?rest_route=%2Fwp%2Fv2%2Fcategories&post=407847"},{"taxonomy":"post_tag","embeddable":true,"href":"https:\/\/www.diarioimagen.net\/index.php?rest_route=%2Fwp%2Fv2%2Ftags&post=407847"}],"curies":[{"name":"wp","href":"https:\/\/api.w.org\/{rel}","templated":true}]}}