{"id":407853,"date":"2018-12-17T00:01:23","date_gmt":"2018-12-17T06:01:23","guid":{"rendered":"https:\/\/www.diarioimagen.net\/?p=407853"},"modified":"2018-12-18T01:55:17","modified_gmt":"2018-12-18T07:55:17","slug":"ex-funcionarios-con-un-pie-fuera-de-la-carcel","status":"publish","type":"post","link":"https:\/\/www.diarioimagen.net\/?p=407853","title":{"rendered":"Ex funcionarios, con un pie fuera de la c\u00e1rcel"},"content":{"rendered":"<h2>Derecho de r\u00e9plica<\/h2>\n<p>&nbsp;<\/p>\n<ul>\n<li><strong><em>Ex delegado de Diconsa sali\u00f3 libre; que el delito del que se le acusaba hab\u00eda prescrito<\/em><\/strong><\/li>\n<\/ul>\n<p>&nbsp;<\/p>\n<p>&nbsp;<\/p>\n<p>La semana pasada, el ex secretario de Infraestructura y Transporte y ex delegado de Diconsa, Mario Castro Basto, sali\u00f3 libre por orden de un juez federal, que determin\u00f3 que el delito del que se le acusaba hab\u00eda prescrito.<\/p>\n<p>Castro Basto fue detenido en M\u00e9rida, Yucat\u00e1n el 19 de agosto pasado, derivado de la investigaci\u00f3n de la carpeta 151\/2017, por las irregularidades, como desv\u00edo de recursos de la transportadora Vip Saesa, empresa que prest\u00f3 servicios de taxi a\u00e9reo al gobierno del estado y funcionarios de otros poderes, como Raymundo King, quien us\u00f3 las aeronaves fiadas, deuda que dice el runr\u00fan, se comprometi\u00f3 a pagar hace unos meses en pagos chiquitos, como en Elektra, porque es <em>marro<\/em> para liquidar sus cuentas, jijiji.<\/p>\n<p>Los expedientes abiertos por el caso del desv\u00edo de recursos de Vip Saesa, involucr\u00f3 a otros funcionarios, incluso al\u00a0ex candidato al gobierno del estado por el PRI-PVEM-Panal en 2016, Mauricio G\u00f3ngora Escalante, ahora preso, as\u00ed como el secretario de Gobierno del estado, Gabriel Mendicuti Lor\u00eda, quien contin\u00faa su proceso desde la comodidad de su casa.<\/p>\n<p>Castro Basto, que tambi\u00e9n fue ex dirigente municipal del PRI, cargo que dej\u00f3 despu\u00e9s de que en el 2016 no fue considerado para ninguna candidatura para ir a desfalcar\u2026.no, no, perd\u00f3n\u2026.a trabajar, jijiji, a Diconsa, de donde fue cesado porque la dependencia federal detect\u00f3 cientos de despensas podridas que Mario Castro no entreg\u00f3.<\/p>\n<p>Tambi\u00e9n, una investigaci\u00f3n federal descubri\u00f3 una serie de anomal\u00edas durante el tiempo en que Mario Castro ocup\u00f3 el cargo de subgerente de la Unidad Operativa de Diconsa, un padr\u00f3n de beneficiarios inexistentes y diversas compras innecesarias, que se realizaron sobre todo en el 2016, por lo que despert\u00f3 el <em>sospechosismo<\/em> de haber sido utilizados para coaccionar el voto; sin embargo, la fiscal Especializada en Combate a la Corrupci\u00f3n, s\u00f3lo abri\u00f3 una carpeta de investigaci\u00f3n sobre Vip Saesa, ya que las otras irregularidades son del orden federal.<\/p>\n<p style=\"text-align: center;\"><strong>No enfrentar\u00e1 otros cargos<\/strong><\/p>\n<p>La fiscal Especializada en Combate a la Corrupci\u00f3n, Rosaura Villanueva Arz\u00e1palo, asegur\u00f3 que s\u00ed contaban con suficientes datos de prueba presentados y valorados por un juez para obtener 12 \u00f3rdenes de aprehensi\u00f3n. De \u00e9stas, siete fueron combatidas por v\u00eda de amparo y las siete fueron confirmadas por jueces federales o tribunales colegiados, que no permitieron la permanencia de Mario Castro en la c\u00e1rcel.<\/p>\n<p>La carpeta de investigaci\u00f3n por la cual Castro Basto estaba en la c\u00e1rcel fue referente a su gesti\u00f3n en un lapso comprendido del 5 de abril del 2011 al 11 de julio de 2012, cuando estuvo como secretario de Infraestructura y Transporte, as\u00ed como primer vocal del Consejo Administrativo de VIP Servicios A\u00e9reos Ejecutivos S. A. de C. V. (Vip Saesa), por lo que un juez federal determin\u00f3 que el delito ya prescribi\u00f3.<\/p>\n<p style=\"text-align: center;\"><strong>Falta de respeto<\/strong><\/p>\n<p>Rosaura Villanueva Arz\u00e1palo justific\u00f3 que el caso se le derrumbara y le ech\u00f3 la culpa a los jueces federales, quienes seg\u00fan la fiscal Especializada en Combate a la Corrupci\u00f3n, le faltaron al respeto a Quintana Roo.<\/p>\n<p>Sin embargo, \u00bfqui\u00e9n falta al respeto a los quintanarroenses? \u00bflos jueces federales que determinaron que el delito ya prescribi\u00f3 de acuerdo con los criterios legales? \u00bfo una Fiscal\u00eda incapaz de sustentar sus acusaciones de manera firme, o acaso no conocen los tiempos de prescripci\u00f3n?<\/p>\n<p>Pese a la molestia de Villanueva Arz\u00e1palo, existe mucha posibilidad de que el resto de los funcionarios involucrados en el mismo delito, sobre todo aquellos que el tiempo de su gesti\u00f3n est\u00e9 dentro de los par\u00e1metros de prescripci\u00f3n, pueden recurrir al mismo recurso federal para salir impunes de las acusaciones.<\/p>\n<p>Entre los involucrados en el caso Vip Saesa, adem\u00e1s de G\u00f3ngora Escalante y Mendicuti Lor\u00eda, est\u00e1n Fernando Escamilla Carrillo, ex titular de la Secretar\u00eda de Infraestructura y Transporte (Sintra); Erce Barr\u00f3n Barrera, ex funcionario de la Administraci\u00f3n Portuaria Integral de Quintana Roo; los otros dos son Gonzalo Herrera Castilla, ex titular de la Secretar\u00eda de la Gesti\u00f3n P\u00fablica (SGP) y V\u00edctor Hugo Loyola Corona, quien fungi\u00f3 en su momento como procurador fiscal de la Sefiplan.<\/p>\n<p style=\"text-align: center;\"><strong>Mudanza detenida<\/strong><\/p>\n<p>Que los trabajadores sindicalizados de la Secretar\u00eda de Turismo federal (Sectur) que se instalar\u00e1 en la capital del estado, de acuerdo con la instrucci\u00f3n dada por el presidente Andr\u00e9s Manuel L\u00f3pez Obrador, se ponen sus mo\u00f1os para aceptar el traslado.<\/p>\n<p>Seg\u00fan el coordinador estatal de Programas de Desarrollo del gobierno federal, Arturo Abreu Mar\u00edn, los bur\u00f3cratas, como novia reci\u00e9n casada, quieren casa nueva en Chetumal, como condici\u00f3n para que dejen el smog de la CDMX y lo cambien por el aire limpio de la bah\u00eda.<\/p>\n<p>Que el edificio que albergar\u00e1 a la Sectur est\u00e1 listo, pero la mudanza est\u00e1 detenida, hasta que los trabajadores accedan.<\/p>\n<p style=\"text-align: center;\"><strong>En Tulum, el ritual de los pueblos originarios<br \/>\na la Madre Tierra por Tren Maya<\/strong><\/p>\n<p>Con un recipiente en las manos, que simboliza la bebida sagrada, y en medio de una nube de incienso, el sacerdote Te\u00f3filo Poot Cahum se dirigi\u00f3 a los cuatro puntos cardinales donde habitan las deidades para iniciar la ceremonia en la que se les pidi\u00f3 su anuencia para la construcci\u00f3n del Tren Maya.<\/p>\n<p>La petici\u00f3n de anuencia en la ceremonia a la Madre Tierra es una tradici\u00f3n ancestral en lengua maya, para que todo lo que se inicie tenga un feliz t\u00e9rmino.<\/p>\n<p>En Tulum, participaron los sacerdotes de los centros ceremoniales mayas y la actividad concluy\u00f3 con mayapax (m\u00fasica maya).<\/p>\n<p>En la ceremonia se pidi\u00f3 a los asistentes respirar profundo y levantar las manos hacia el norte y despu\u00e9s hacia el sur.<\/p>\n<p>Para iniciar la construcci\u00f3n del Tren Maya, se realizaron ceremonias an\u00e1logas, a la misma hora, en las ciudades mayas de Edzn\u00e1 y Bec\u00e1n, en Campeche; Chich\u00e9n Itz\u00e1, en Yucat\u00e1n; Tenosique, en Tabasco; Tulum, en Quintana Roo y Palenque, en Chiapas, donde se reunieron los gobernadores y el presidente Andr\u00e9s Manuel L\u00f3pez Obrador.<\/p>\n<p>En representaci\u00f3n del gobernador Carlos Joaqu\u00edn, el director general de la Agencia de Proyectos Estrat\u00e9gicos del gobierno del estado, Eduardo Ortiz Jasso, dijo que una de las prioridades de esta administraci\u00f3n es disminuir la desigualdad con m\u00e1s y mejores oportunidades para que la gente viva mejor, a trav\u00e9s de un crecimiento sustentable que promueva el cuidado del medio ambiente y un desarrollo social incluyente.<\/p>\n<p>El Tren Maya es un proyecto integral de infraestructura y desarrollo en el sureste del pa\u00eds, con el que se le dar\u00e1 prioridad al avance social de las comunidades y los pueblos originarios para generar un incremento econ\u00f3mico en la regi\u00f3n con amplio sentido incluyente.<\/p>\n<p>El mencionado tren recorrer\u00e1 mil 500 kil\u00f3metros en 15 estaciones en los estados de Chiapas, Campeche, Tabasco, Yucat\u00e1n y Quintana Roo.<\/p>\n<p>Adem\u00e1s de proteger los recursos naturales de la regi\u00f3n, otro de los objetivos del proyecto es conservar el patrimonio hist\u00f3rico y cultural de los pueblos originarios. Por ello, Eduardo Ortiz Jasso convoc\u00f3 a trabajar juntos y a avanzar para seguir impulsando el desarrollo tur\u00edstico de la entidad.<\/p>\n<p>Asimismo, se\u00f1al\u00f3 que el gobierno del estado trabaja en el programa \u201c300 Pueblos\u201d para mejorar la imagen urbana y dar m\u00e1s y mejores servicios p\u00fablicos a las comunidades mayas rurales para que sus habitantes tengan una mejor calidad de vida.<\/p>\n<p>Jos\u00e9 Pat Chabl\u00e9, originario de Tihosuco, se\u00f1al\u00f3 que se trat\u00f3 de una ceremonia sagrada en la que se pide permiso a la Madre Tierra para la construcci\u00f3n del tren, preservando en todo momento las tradiciones, los usos y las costumbres de las comunidades mayas.<\/p>\n<p>En la ceremonia tambi\u00e9n estuvieron presentes Arturo Abreu, en representaci\u00f3n del presidente Andr\u00e9s Manuel L\u00f3pez Obrador; V\u00edctor Mas Tah, presidente municipal de Tulum, y Delta Amada Moo, directora del Instituto para el Desarrollo del Pueblo Maya de Quintana Roo.<\/p>\n","protected":false},"excerpt":{"rendered":"<p><span style=\"color: #005497;\"><strong>Derecho de r\u00e9plica<\/strong><\/span><\/p>\n","protected":false},"author":3,"featured_media":0,"comment_status":"open","ping_status":"open","sticky":false,"template":"","format":"standard","meta":{"_monsterinsights_skip_tracking":false,"_monsterinsights_sitenote_active":false,"_monsterinsights_sitenote_note":"","_monsterinsights_sitenote_category":0,"footnotes":""},"categories":[62907],"tags":[47840,43674],"class_list":["post-407853","post","type-post","status-publish","format-standard","hentry","category-derecho-de-replica","tag-derecho-de-replica","tag-opinion"],"_links":{"self":[{"href":"https:\/\/www.diarioimagen.net\/index.php?rest_route=\/wp\/v2\/posts\/407853","targetHints":{"allow":["GET"]}}],"collection":[{"href":"https:\/\/www.diarioimagen.net\/index.php?rest_route=\/wp\/v2\/posts"}],"about":[{"href":"https:\/\/www.diarioimagen.net\/index.php?rest_route=\/wp\/v2\/types\/post"}],"author":[{"embeddable":true,"href":"https:\/\/www.diarioimagen.net\/index.php?rest_route=\/wp\/v2\/users\/3"}],"replies":[{"embeddable":true,"href":"https:\/\/www.diarioimagen.net\/index.php?rest_route=%2Fwp%2Fv2%2Fcomments&post=407853"}],"version-history":[{"count":0,"href":"https:\/\/www.diarioimagen.net\/index.php?rest_route=\/wp\/v2\/posts\/407853\/revisions"}],"wp:attachment":[{"href":"https:\/\/www.diarioimagen.net\/index.php?rest_route=%2Fwp%2Fv2%2Fmedia&parent=407853"}],"wp:term":[{"taxonomy":"category","embeddable":true,"href":"https:\/\/www.diarioimagen.net\/index.php?rest_route=%2Fwp%2Fv2%2Fcategories&post=407853"},{"taxonomy":"post_tag","embeddable":true,"href":"https:\/\/www.diarioimagen.net\/index.php?rest_route=%2Fwp%2Fv2%2Ftags&post=407853"}],"curies":[{"name":"wp","href":"https:\/\/api.w.org\/{rel}","templated":true}]}}