{"id":407922,"date":"2018-12-18T00:04:57","date_gmt":"2018-12-18T06:04:57","guid":{"rendered":"https:\/\/www.diarioimagen.net\/?p=407922"},"modified":"2018-12-19T00:52:22","modified_gmt":"2018-12-19T06:52:22","slug":"extremadamente-disciplinado-nuevo-paquete-economico-shcp","status":"publish","type":"post","link":"https:\/\/www.diarioimagen.net\/?p=407922","title":{"rendered":"Extremadamente disciplinado, nuevo Paquete Econ\u00f3mico: SHCP"},"content":{"rendered":"<ul>\n<li><em><strong>En la parte fiscal y financiera<\/strong><\/em><\/li>\n<\/ul>\n<p>&nbsp;<\/p>\n<div id=\"attachment_407923\" style=\"width: 470px\" class=\"wp-caption aligncenter\"><img loading=\"lazy\" decoding=\"async\" aria-describedby=\"caption-attachment-407923\" class=\"size-large wp-image-407923\" src=\"https:\/\/www.diarioimagen.net\/wp-content\/uploads\/2018\/12\/SHCP18-portal-460x268.jpg\" alt=\"\" width=\"460\" height=\"268\" srcset=\"https:\/\/www.diarioimagen.net\/wp-content\/uploads\/2018\/12\/SHCP18-portal-460x268.jpg 460w, https:\/\/www.diarioimagen.net\/wp-content\/uploads\/2018\/12\/SHCP18-portal-240x140.jpg 240w, https:\/\/www.diarioimagen.net\/wp-content\/uploads\/2018\/12\/SHCP18-portal.jpg 480w\" sizes=\"auto, (max-width: 460px) 100vw, 460px\" \/><p id=\"caption-attachment-407923\" class=\"wp-caption-text\">Arturo Herrera Guti\u00e9rrez, subsecretario de Hacienda, descart\u00f3 que se vaya a relajar la disciplina fiscal.<\/p><\/div>\n<p>&nbsp;<\/p>\n<p>El subsecretario de Hacienda y Cr\u00e9dito P\u00fablico, Arturo Herrera Guti\u00e9rrez, dijo que una de las se\u00f1ales que se quiso mandar con el Paquete Econ\u00f3mico es que se trata de una propuesta \u201cextremadamente disciplinada en la parte fiscal y financiera.<\/p>\n<p>El funcionario federal coment\u00f3 que por lo regular, siempre existe curiosidad por ver cu\u00e1l es el sesgo que va a haber en el Paquete Econ\u00f3mico cuando entra un nuevo gobierno.<\/p>\n<p>Y es que, a\u00f1adi\u00f3, hasta hace poco se pensaba que cuando entraba un gobierno conservador se ten\u00eda disciplina fiscal, pero poca atenci\u00f3n al sector social; y cuando llegaba un partido de izquierda, que hab\u00eda una vocaci\u00f3n social, pero se relajaba la disciplina fiscal.<\/p>\n<p>Entonces, explic\u00f3, \u201cesa fue la primera se\u00f1al que quisimos mandar, que se trata de un paquete que es extremadamente disciplinado en la parte fiscal y financiera, entonces ah\u00ed no cambia mucho\u201d.<\/p>\n<p>En donde s\u00ed cambia, refiri\u00f3 Arturo Herrera, es en la orientaci\u00f3n del gasto, el cual tiene un marcado contenido social y hacia la inversi\u00f3n p\u00fablica, orientado a zonas vulnerables y a las m\u00e1s retrasadas del pa\u00eds<\/p>\n<p>En cuanto a los programas que se incluyeron en el presupuesto, coment\u00f3 que hab\u00eda proyectos de inversi\u00f3n como el Tren Maya o el Corredor Trans\u00edstmico, que tienen como objetivo preparar las bases para el desarrollo y crecimiento del sureste del pa\u00eds.<\/p>\n<p>\u201cFue dif\u00edcil porque el presupuesto es un juego de suma cero, es finito, lo que le das a alguien ya se lo quitaste a un sector, y la mayor parte de los presupuestos son de car\u00e1cter inercial, t\u00e9cnicamente les llaman que son presupuestos incrementales\u201d.<\/p>\n<p>\u201cNosotros hicimos un cambio y eso genera sorpresas, eso internaliza las disyuntivas. Estamos acostumbrados a ver los presupuestos en lo que t\u00e9cnicamente se llama la clasificaci\u00f3n administrativa\u201d.<\/p>\n<p>Pero hay otra clasificaci\u00f3n que se llama funcional, explic\u00f3, y como opera es que toma el dinero de todas las \u00e1reas que tienen educaci\u00f3n, por ejemplo, y por ello lo primero que muchos de los actores creen es que perdieron, pero no necesariamente es as\u00ed.<\/p>\n<p>\u201cLos presupuestos son perfectibles, hay \u00e1reas que se tienen que atender, hay que meterse m\u00e1s a fondo y una de las \u00e1reas es el presupuesto de la educaci\u00f3n, no hay presupuesto que haya pasado sin haber modificaci\u00f3n m\u00ednima. En la parte de gasto hay que quitarle algo y ponerle algo\u201d.<\/p>\n<p>Mientras que, en la parte de ingreso, abund\u00f3, es \u201cprobablemente los m\u00e1s novedoso que tiene este paquete, usualmente el ingreso siempre se subestimaba un poquito y era por dos razones: una porque los diputados o los senadores que quer\u00edan meter algo pues le sub\u00edan un poco a los ingresos, y otro porque era el margen de maniobra que se daba Hacienda misma\u201d<\/p>\n<p>\u201cNosotros pensamos que es una buena pr\u00e1ctica internacional y as\u00ed ha sido se\u00f1alado por diversos organismos internacionales, que uno tiene que salir con el mejor estimado y as\u00ed lo hicimos, entonces no hay mucho espacio de maniobra por el lado del ingreso\u201d<\/p>\n<p>Finalmente, destac\u00f3 que en el Paquete Econ\u00f3mico no se contempla un incremento en impuestos, pero s\u00ed en la recaudaci\u00f3n, en donde la tarea en la que se van a concentrar, junto con el SAT, es que aquellos que est\u00e1n evadiendo impuestos se pongan al d\u00eda.<\/p>\n","protected":false},"excerpt":{"rendered":"<p>El subsecretario de Hacienda y Cr\u00e9dito P\u00fablico, Arturo Herrera Guti\u00e9rrez, dijo que una de las se\u00f1ales que se quiso mandar con el Paquete Econ\u00f3mico es que se trata de una propuesta \u201cextremadamente disciplinada en la parte fiscal y financiera.<\/p>\n","protected":false},"author":5,"featured_media":407923,"comment_status":"open","ping_status":"open","sticky":false,"template":"","format":"standard","meta":{"_monsterinsights_skip_tracking":false,"_monsterinsights_sitenote_active":false,"_monsterinsights_sitenote_note":"","_monsterinsights_sitenote_category":0,"footnotes":""},"categories":[8],"tags":[81194,43678,44358],"class_list":["post-407922","post","type-post","status-publish","format-standard","has-post-thumbnail","hentry","category-finanzas","tag-arturo-herrera-gutierrez","tag-finanzas","tag-paquete-economico"],"_links":{"self":[{"href":"https:\/\/www.diarioimagen.net\/index.php?rest_route=\/wp\/v2\/posts\/407922","targetHints":{"allow":["GET"]}}],"collection":[{"href":"https:\/\/www.diarioimagen.net\/index.php?rest_route=\/wp\/v2\/posts"}],"about":[{"href":"https:\/\/www.diarioimagen.net\/index.php?rest_route=\/wp\/v2\/types\/post"}],"author":[{"embeddable":true,"href":"https:\/\/www.diarioimagen.net\/index.php?rest_route=\/wp\/v2\/users\/5"}],"replies":[{"embeddable":true,"href":"https:\/\/www.diarioimagen.net\/index.php?rest_route=%2Fwp%2Fv2%2Fcomments&post=407922"}],"version-history":[{"count":0,"href":"https:\/\/www.diarioimagen.net\/index.php?rest_route=\/wp\/v2\/posts\/407922\/revisions"}],"wp:featuredmedia":[{"embeddable":true,"href":"https:\/\/www.diarioimagen.net\/index.php?rest_route=\/wp\/v2\/media\/407923"}],"wp:attachment":[{"href":"https:\/\/www.diarioimagen.net\/index.php?rest_route=%2Fwp%2Fv2%2Fmedia&parent=407922"}],"wp:term":[{"taxonomy":"category","embeddable":true,"href":"https:\/\/www.diarioimagen.net\/index.php?rest_route=%2Fwp%2Fv2%2Fcategories&post=407922"},{"taxonomy":"post_tag","embeddable":true,"href":"https:\/\/www.diarioimagen.net\/index.php?rest_route=%2Fwp%2Fv2%2Ftags&post=407922"}],"curies":[{"name":"wp","href":"https:\/\/api.w.org\/{rel}","templated":true}]}}