{"id":407931,"date":"2018-12-18T00:00:43","date_gmt":"2018-12-18T06:00:43","guid":{"rendered":"https:\/\/www.diarioimagen.net\/?p=407931"},"modified":"2018-12-18T02:01:18","modified_gmt":"2018-12-18T08:01:18","slug":"capacitacion-para-mejorar-calidad-de-vida-de-beneficiarios-de-programas-sociales-en-edomex","status":"publish","type":"post","link":"https:\/\/www.diarioimagen.net\/?p=407931","title":{"rendered":"Capacitaci\u00f3n para mejorar calidad de vida de beneficiarios de programas sociales en Edomex"},"content":{"rendered":"<ul>\n<li><em><strong>Conocimientos te\u00f3ricos, t\u00e9cnicos y metodol\u00f3gicos<\/strong><\/em><\/li>\n<\/ul>\n<p>&nbsp;<\/p>\n<div id=\"attachment_407932\" style=\"width: 470px\" class=\"wp-caption aligncenter\"><img loading=\"lazy\" decoding=\"async\" aria-describedby=\"caption-attachment-407932\" class=\"size-large wp-image-407932\" src=\"https:\/\/www.diarioimagen.net\/wp-content\/uploads\/2018\/12\/CIEPS18-portal-460x268.jpg\" alt=\"\" width=\"460\" height=\"268\" srcset=\"https:\/\/www.diarioimagen.net\/wp-content\/uploads\/2018\/12\/CIEPS18-portal-460x268.jpg 460w, https:\/\/www.diarioimagen.net\/wp-content\/uploads\/2018\/12\/CIEPS18-portal-240x140.jpg 240w, https:\/\/www.diarioimagen.net\/wp-content\/uploads\/2018\/12\/CIEPS18-portal.jpg 480w\" sizes=\"auto, (max-width: 460px) 100vw, 460px\" \/><p id=\"caption-attachment-407932\" class=\"wp-caption-text\">Ofrecen cursos y talleres a servidores p\u00fablicos, para optimizar la implementaci\u00f3n de las pol\u00edticas sociales mexiquenses.<\/p><\/div>\n<p>&nbsp;<\/p>\n<p>&nbsp;<\/p>\n<p><strong>Toluca, Estado de M\u00e9xico<\/strong>.- Con el prop\u00f3sito de fortalecer los conocimientos te\u00f3ricos, t\u00e9cnicos y metodol\u00f3gicos de servidores p\u00fablicos estatales y municipales para el dise\u00f1o, operaci\u00f3n, monitoreo, evaluaci\u00f3n y seguimiento de programas sociales, el Consejo de Investigaci\u00f3n y Evaluaci\u00f3n de la Pol\u00edtica Social (CIEPS) ofrece capacitaciones, las cuales contribuyen a focalizar de manera eficaz los recursos y las acciones para disminuir la desigualdad y pobreza en la entidad.<\/p>\n<p>En este contexto, uno de los retos expresados en el Plan de Desarrollo del Estado de M\u00e9xico 2017-2023, es trabajar para que haya un mayor n\u00famero de Familias Fuertes, en territorio mexiquense y para ello se trabaja mediante capacitaciones referentes a Pol\u00edtica Social con enfoque en Desarrollo Humano, Metodolog\u00eda de evaluaci\u00f3n para programas sociales, Construcci\u00f3n de Indicadores de Desarrollo Social y Humano, Objetivos de Desarrollo Sostenible (ODS), Focalizaci\u00f3n de Programas Sociales, Tipos de evaluaci\u00f3n, Metodolog\u00eda de Marco L\u00f3gico (MML) y Reglas de Operaci\u00f3n.<\/p>\n<p>Ejemplo de lo anterior, han sido los trabajos colaborativos con el Consejo Nacional de Evaluaci\u00f3n de la Pol\u00edtica de Desarrollo Social (Coneval) o el Instituto Nacional de Estad\u00edstica y Geograf\u00eda (INEGI) Estado de M\u00e9xico, Regi\u00f3n Poniente, con quienes CIEPS ha hecho sinergia para aplicar, de manera asertiva, los instrumentos que mejorar\u00e1n la calidad de vida de los mexiquenses, en cumplimiento a la instrucci\u00f3n del Gobernador Alfredo Del Mazo Maza.<\/p>\n<p>\u201cEl CIEPS se est\u00e1 acercando a diferentes instituciones entre ellas, el INEGI, porque, por ser una instituci\u00f3n que tiene muchas herramientas te\u00f3rico-metodol\u00f3gicas, produce mucha informaci\u00f3n y por ello nos acercamos a ellos para que nos puedan compartir de las metodolog\u00edas y de todo el conocimiento que ellos tienen\u201d, explic\u00f3 Marinho C\u00e1rdenas, Secretario Ejecutivo del CIEPS.<\/p>\n<p>El curso-taller \u00abHerramientas de monitoreo y evaluaci\u00f3n para medici\u00f3n de resultados\u00bb, impartido con apoyo del Coneval, permiti\u00f3 comprender los instrumentos de seguimiento y medici\u00f3n para los programas de combate al rezago y de desarrollo humano.<\/p>\n<p>Mientras que el \u201cTaller para la Construcci\u00f3n de Indicadores de la Gesti\u00f3n Gubernamental\u201d, impartido por INEGI Estado de M\u00e9xico, Regi\u00f3n Poniente, brind\u00f3 informaci\u00f3n para establecer, desde el dise\u00f1o de una pol\u00edtica p\u00fablica, la forma de monitorearla, lo cual hace eficiente la toma de decisiones para combatir cualquier tipo de rezago social.<\/p>\n<p>\u201cEste taller es de suma importancia porque nos permite construir nuestros propios indicadores, es decir, medir nosotros la pol\u00edtica que estamos generando en beneficio de la poblaci\u00f3n\u201d, coment\u00f3 Irad Mercado \u00c1vila, servidor p\u00fablico, integrante de la Direcci\u00f3n General de Promoci\u00f3n para el Desarrollo Social.<\/p>\n","protected":false},"excerpt":{"rendered":"<p>Con el prop\u00f3sito de fortalecer los conocimientos te\u00f3ricos, t\u00e9cnicos y metodol\u00f3gicos de servidores p\u00fablicos estatales y municipales para el dise\u00f1o, operaci\u00f3n, monitoreo, evaluaci\u00f3n y seguimiento de programas sociales, el Consejo de Investigaci\u00f3n y Evaluaci\u00f3n de la Pol\u00edtica Social (CIEPS) ofrece capacitaciones, las cuales contribuyen a focalizar de manera eficaz los recursos y las acciones para disminuir la desigualdad y pobreza en la entidad.<\/p>\n","protected":false},"author":5,"featured_media":407932,"comment_status":"open","ping_status":"open","sticky":false,"template":"","format":"standard","meta":{"_monsterinsights_skip_tracking":false,"_monsterinsights_sitenote_active":false,"_monsterinsights_sitenote_note":"","_monsterinsights_sitenote_category":0,"footnotes":""},"categories":[35155],"tags":[65843,81200,81201,18419,81199,81198],"class_list":["post-407931","post","type-post","status-publish","format-standard","has-post-thumbnail","hentry","category-estado-de-mexico-estado-de-mexico","tag-cieps","tag-desarrollo-social-y-humano","tag-objetivos-de-desarrollo-sostenible","tag-programas-sociales","tag-tecnicos-y-metodologicos","tag-teoricos"],"_links":{"self":[{"href":"https:\/\/www.diarioimagen.net\/index.php?rest_route=\/wp\/v2\/posts\/407931","targetHints":{"allow":["GET"]}}],"collection":[{"href":"https:\/\/www.diarioimagen.net\/index.php?rest_route=\/wp\/v2\/posts"}],"about":[{"href":"https:\/\/www.diarioimagen.net\/index.php?rest_route=\/wp\/v2\/types\/post"}],"author":[{"embeddable":true,"href":"https:\/\/www.diarioimagen.net\/index.php?rest_route=\/wp\/v2\/users\/5"}],"replies":[{"embeddable":true,"href":"https:\/\/www.diarioimagen.net\/index.php?rest_route=%2Fwp%2Fv2%2Fcomments&post=407931"}],"version-history":[{"count":0,"href":"https:\/\/www.diarioimagen.net\/index.php?rest_route=\/wp\/v2\/posts\/407931\/revisions"}],"wp:featuredmedia":[{"embeddable":true,"href":"https:\/\/www.diarioimagen.net\/index.php?rest_route=\/wp\/v2\/media\/407932"}],"wp:attachment":[{"href":"https:\/\/www.diarioimagen.net\/index.php?rest_route=%2Fwp%2Fv2%2Fmedia&parent=407931"}],"wp:term":[{"taxonomy":"category","embeddable":true,"href":"https:\/\/www.diarioimagen.net\/index.php?rest_route=%2Fwp%2Fv2%2Fcategories&post=407931"},{"taxonomy":"post_tag","embeddable":true,"href":"https:\/\/www.diarioimagen.net\/index.php?rest_route=%2Fwp%2Fv2%2Ftags&post=407931"}],"curies":[{"name":"wp","href":"https:\/\/api.w.org\/{rel}","templated":true}]}}