{"id":407987,"date":"2018-12-18T00:07:32","date_gmt":"2018-12-18T06:07:32","guid":{"rendered":"https:\/\/www.diarioimagen.net\/?p=407987"},"modified":"2018-12-19T00:53:01","modified_gmt":"2018-12-19T06:53:01","slug":"descartan-riesgos-inflacionarios-por-el-aumento","status":"publish","type":"post","link":"https:\/\/www.diarioimagen.net\/?p=407987","title":{"rendered":"Descartan riesgos inflacionarios por el aumento"},"content":{"rendered":"<ul>\n<li><strong><em>Principalmente en la frontera norte, que ser\u00e1 de 176.72<\/em><\/strong><\/li>\n<\/ul>\n<p>&nbsp;<\/p>\n<div id=\"attachment_408129\" style=\"width: 470px\" class=\"wp-caption aligncenter\"><a href=\"https:\/\/www.diarioimagen.net\/?attachment_id=408129\" rel=\"attachment wp-att-408129\"><img loading=\"lazy\" decoding=\"async\" aria-describedby=\"caption-attachment-408129\" class=\"size-large wp-image-408129\" src=\"https:\/\/www.diarioimagen.net\/wp-content\/uploads\/2018\/12\/INFLACION18-460x259.jpg\" alt=\"\" width=\"460\" height=\"259\" srcset=\"https:\/\/www.diarioimagen.net\/wp-content\/uploads\/2018\/12\/INFLACION18-460x259.jpg 460w, https:\/\/www.diarioimagen.net\/wp-content\/uploads\/2018\/12\/INFLACION18-240x135.jpg 240w, https:\/\/www.diarioimagen.net\/wp-content\/uploads\/2018\/12\/INFLACION18-235x132.jpg 235w, https:\/\/www.diarioimagen.net\/wp-content\/uploads\/2018\/12\/INFLACION18-202x114.jpg 202w, https:\/\/www.diarioimagen.net\/wp-content\/uploads\/2018\/12\/INFLACION18-350x196.jpg 350w, https:\/\/www.diarioimagen.net\/wp-content\/uploads\/2018\/12\/INFLACION18-220x123.jpg 220w, https:\/\/www.diarioimagen.net\/wp-content\/uploads\/2018\/12\/INFLACION18-237x132.jpg 237w, https:\/\/www.diarioimagen.net\/wp-content\/uploads\/2018\/12\/INFLACION18.jpg 480w\" sizes=\"auto, (max-width: 460px) 100vw, 460px\" \/><\/a><p id=\"caption-attachment-408129\" class=\"wp-caption-text\">La SE descart\u00f3 posibles riesgos en la inflaci\u00f3n por el aumento a 176.72 pesos diarios al salario m\u00ednimo en la frontera norte.<\/p><\/div>\n<p>&nbsp;<\/p>\n<p>La titular de la Secretar\u00eda de Econom\u00eda (SE), Graciela M\u00e1rquez Col\u00edn, descart\u00f3 posibles riesgos en la inflaci\u00f3n por el aumento a 176.72 pesos diarios al salario m\u00ednimo en la frontera norte de M\u00e9xico.<\/p>\n<p>En Palacio Nacional, donde se present\u00f3 la Nueva Pol\u00edtica de Salarios M\u00ednimos, la secretaria del Trabajo y Previsi\u00f3n Social, Luisa Mar\u00eda Alcalde Luj\u00e1n, anunci\u00f3 que el salario m\u00ednimo general de esa regi\u00f3n se incrementar\u00e1 a partir del 1 de enero del a\u00f1o pr\u00f3ximo.<\/p>\n<p>Se\u00f1al\u00f3 que se trata de un incremento de 100 por ciento, al pasar de 88.36 pesos a 176.72 pesos diarios, lo que permite alcanzar la l\u00ednea de bienestar determinada por el Consejo Nacional de la Pol\u00edtica de Desarrollo Social (Coneval). Ante el presidente Andr\u00e9s Manuel L\u00f3pez Obrador, la titular de la Secretar\u00eda de Econom\u00eda (SE) dej\u00f3 en claro al respecto que ese aumento \u201cno tendr\u00e1 implicaciones inflacionarias\u201d.<\/p>\n<p>Ello, explic\u00f3, porque ser\u00e1 relativamente peque\u00f1o el impacto en los costos de producci\u00f3n y a las reducciones propuestas sobre las tasas impositivas que tambi\u00e9n se aplicar\u00e1n en esa zona del pa\u00eds.<\/p>\n<p>Contrario a ello, afirm\u00f3 que se tendr\u00e1 efectos positivos en la capacidad adquisitiva de los trabajadores mexicanos radicados en la frontera y \u201cpr\u00e1cticamente efectos nulos en otras dimensiones, como la inflaci\u00f3n o el desempleo\u201d.<\/p>\n<p>Hay diversas razones para pensar que la medida puede ser una poderosa herramienta de pol\u00edtica p\u00fablica que contribuya, de manera simult\u00e1nea, al mejoramiento de los ingresos de los trabajadores mexicanos y a detener el talento de potenciales migrantes, acentu\u00f3 M\u00e1rquez Col\u00edn.<\/p>\n<p>Adem\u00e1s, se fortalecer\u00e1 el mercado interno e incluso a reducir las rotaciones laborales y los costos de entrenamiento para las empresas establecidas en aquella franja fronteriza de M\u00e9xico. La encargada de la pol\u00edtica econ\u00f3mica y comercial dijo que lo anterior podr\u00e1 incluso lograrse en combinaci\u00f3n con otras medidas de car\u00e1cter fiscal, sin que ello conlleve a presiones inflacionarias.<\/p>\n<p>\u201cEstamos seguros de que el aumento del salario m\u00ednimo ser\u00e1 una de las medidas m\u00e1s importantes para reactivar la econom\u00eda de ese pa\u00eds\u201d, remarc\u00f3 la funcionaria, quien a\u00f1adi\u00f3 que con ello tambi\u00e9n se espera contribuir a la \u201cmuy necesaria y anhelada pacificaci\u00f3n del pa\u00eds\u201d.<\/p>\n<p>Este lunes se anunci\u00f3 que el Salario M\u00ednimo General (SMG) ser\u00e1 a partir del 1 de enero de 2019 de 102.68 pesos diarios, con lo que se busca alcanzar la llamada L\u00ednea de Bienestar determinada Consejo Nacional de la Pol\u00edtica de Desarrollo Social (Coneval).<\/p>\n","protected":false},"excerpt":{"rendered":"<p>La titular de la Secretar\u00eda de Econom\u00eda (SE), Graciela M\u00e1rquez Col\u00edn, descart\u00f3 posibles riesgos en la inflaci\u00f3n por el aumento a 176.72 pesos diarios al salario m\u00ednimo en la frontera norte de M\u00e9xico.<\/p>\n","protected":false},"author":3,"featured_media":408129,"comment_status":"open","ping_status":"open","sticky":false,"template":"","format":"standard","meta":{"_monsterinsights_skip_tracking":false,"_monsterinsights_sitenote_active":false,"_monsterinsights_sitenote_note":"","_monsterinsights_sitenote_category":0,"footnotes":""},"categories":[8],"tags":[81226,16104,778],"class_list":["post-407987","post","type-post","status-publish","format-standard","has-post-thumbnail","hentry","category-finanzas","tag-graciela-marquez-colin","tag-salario-minimo","tag-secretaria-de-economia"],"_links":{"self":[{"href":"https:\/\/www.diarioimagen.net\/index.php?rest_route=\/wp\/v2\/posts\/407987","targetHints":{"allow":["GET"]}}],"collection":[{"href":"https:\/\/www.diarioimagen.net\/index.php?rest_route=\/wp\/v2\/posts"}],"about":[{"href":"https:\/\/www.diarioimagen.net\/index.php?rest_route=\/wp\/v2\/types\/post"}],"author":[{"embeddable":true,"href":"https:\/\/www.diarioimagen.net\/index.php?rest_route=\/wp\/v2\/users\/3"}],"replies":[{"embeddable":true,"href":"https:\/\/www.diarioimagen.net\/index.php?rest_route=%2Fwp%2Fv2%2Fcomments&post=407987"}],"version-history":[{"count":0,"href":"https:\/\/www.diarioimagen.net\/index.php?rest_route=\/wp\/v2\/posts\/407987\/revisions"}],"wp:featuredmedia":[{"embeddable":true,"href":"https:\/\/www.diarioimagen.net\/index.php?rest_route=\/wp\/v2\/media\/408129"}],"wp:attachment":[{"href":"https:\/\/www.diarioimagen.net\/index.php?rest_route=%2Fwp%2Fv2%2Fmedia&parent=407987"}],"wp:term":[{"taxonomy":"category","embeddable":true,"href":"https:\/\/www.diarioimagen.net\/index.php?rest_route=%2Fwp%2Fv2%2Fcategories&post=407987"},{"taxonomy":"post_tag","embeddable":true,"href":"https:\/\/www.diarioimagen.net\/index.php?rest_route=%2Fwp%2Fv2%2Ftags&post=407987"}],"curies":[{"name":"wp","href":"https:\/\/api.w.org\/{rel}","templated":true}]}}