{"id":408026,"date":"2018-12-18T00:04:54","date_gmt":"2018-12-18T06:04:54","guid":{"rendered":"https:\/\/www.diarioimagen.net\/?p=408026"},"modified":"2018-12-18T05:21:35","modified_gmt":"2018-12-18T11:21:35","slug":"se-consolida-metepec-como-polo-clave-de-atraccion-del-desarrollo-economico","status":"publish","type":"post","link":"https:\/\/www.diarioimagen.net\/?p=408026","title":{"rendered":"Se consolida Metepec como polo clave de atracci\u00f3n del desarrollo econ\u00f3mico"},"content":{"rendered":"<ul>\n<li><strong><em>Con la apertura de nuevos centros comerciales<\/em><\/strong><\/li>\n<\/ul>\n<p>&nbsp;<\/p>\n<div id=\"attachment_408095\" style=\"width: 470px\" class=\"wp-caption aligncenter\"><a href=\"https:\/\/www.diarioimagen.net\/?attachment_id=408095\" rel=\"attachment wp-att-408095\"><img loading=\"lazy\" decoding=\"async\" aria-describedby=\"caption-attachment-408095\" class=\"size-large wp-image-408095\" src=\"https:\/\/www.diarioimagen.net\/wp-content\/uploads\/2018\/12\/metepec-3522-460x259.jpg\" alt=\"\" width=\"460\" height=\"259\" srcset=\"https:\/\/www.diarioimagen.net\/wp-content\/uploads\/2018\/12\/metepec-3522-460x259.jpg 460w, https:\/\/www.diarioimagen.net\/wp-content\/uploads\/2018\/12\/metepec-3522-240x135.jpg 240w, https:\/\/www.diarioimagen.net\/wp-content\/uploads\/2018\/12\/metepec-3522-235x132.jpg 235w, https:\/\/www.diarioimagen.net\/wp-content\/uploads\/2018\/12\/metepec-3522-202x114.jpg 202w, https:\/\/www.diarioimagen.net\/wp-content\/uploads\/2018\/12\/metepec-3522-350x196.jpg 350w, https:\/\/www.diarioimagen.net\/wp-content\/uploads\/2018\/12\/metepec-3522-220x123.jpg 220w, https:\/\/www.diarioimagen.net\/wp-content\/uploads\/2018\/12\/metepec-3522-237x132.jpg 237w, https:\/\/www.diarioimagen.net\/wp-content\/uploads\/2018\/12\/metepec-3522.jpg 480w\" sizes=\"auto, (max-width: 460px) 100vw, 460px\" \/><\/a><p id=\"caption-attachment-408095\" class=\"wp-caption-text\">El alcalde David L\u00f3pez C\u00e1rdenas encabez\u00f3 la inauguraci\u00f3n de la tienda City Market.<\/p><\/div>\n<p>&nbsp;<\/p>\n<p><strong>Metepec, Estado de M\u00e9xico<\/strong>.-\u00a0Al contar con estabilidad social, finanzas sanas, ubicaci\u00f3n estrat\u00e9gica y pol\u00edticas publicas de calidad en materia de desarrollo econ\u00f3mico y apertura de empresas, Metepec se consolida como uno de los municipios m\u00e1s importantes del Estado de M\u00e9xico para la atracci\u00f3n de inversiones y el impulso de la actividad comercial.<\/p>\n<p>Ayer lunes, el presidente municipal, David L\u00f3pez C\u00e1rdenas, encabez\u00f3 la inauguraci\u00f3n de la tienda City Market, ubicada sobre la avenida Leona Vicario en el Barrio de Coaxustenco, generando m\u00e1s de 300 empleos directos.<\/p>\n<p>Acompa\u00f1ado de directores de las diferentes \u00e1reas que integran el gobierno municipal y de directivos de Grupo La Comer, el alcalde recorri\u00f3 las instalaciones de la tienda que se construy\u00f3 sobre una superficie de 4 mil metros cuadrados, la cual ofrece al p\u00fablico una vasta variedad de productos gourmet.<\/p>\n","protected":false},"excerpt":{"rendered":"<p>Al contar con estabilidad social, finanzas sanas, ubicaci\u00f3n estrat\u00e9gica y pol\u00edticas publicas de calidad en materia de desarrollo econ\u00f3mico y apertura de empresas, Metepec se consolida como uno de los municipios m\u00e1s importantes del Estado de M\u00e9xico para la atracci\u00f3n de inversiones y el impulso de la actividad comercial.<\/p>\n","protected":false},"author":3,"featured_media":408095,"comment_status":"open","ping_status":"open","sticky":false,"template":"","format":"standard","meta":{"_monsterinsights_skip_tracking":false,"_monsterinsights_sitenote_active":false,"_monsterinsights_sitenote_note":"","_monsterinsights_sitenote_category":0,"footnotes":""},"categories":[35155],"tags":[81235,14250,31416,43675,876],"class_list":["post-408026","post","type-post","status-publish","format-standard","has-post-thumbnail","hentry","category-estado-de-mexico-estado-de-mexico","tag-atraccion","tag-david-lopez-cardenas","tag-desarrollo","tag-estado-de-mexico","tag-metepec"],"_links":{"self":[{"href":"https:\/\/www.diarioimagen.net\/index.php?rest_route=\/wp\/v2\/posts\/408026","targetHints":{"allow":["GET"]}}],"collection":[{"href":"https:\/\/www.diarioimagen.net\/index.php?rest_route=\/wp\/v2\/posts"}],"about":[{"href":"https:\/\/www.diarioimagen.net\/index.php?rest_route=\/wp\/v2\/types\/post"}],"author":[{"embeddable":true,"href":"https:\/\/www.diarioimagen.net\/index.php?rest_route=\/wp\/v2\/users\/3"}],"replies":[{"embeddable":true,"href":"https:\/\/www.diarioimagen.net\/index.php?rest_route=%2Fwp%2Fv2%2Fcomments&post=408026"}],"version-history":[{"count":0,"href":"https:\/\/www.diarioimagen.net\/index.php?rest_route=\/wp\/v2\/posts\/408026\/revisions"}],"wp:featuredmedia":[{"embeddable":true,"href":"https:\/\/www.diarioimagen.net\/index.php?rest_route=\/wp\/v2\/media\/408095"}],"wp:attachment":[{"href":"https:\/\/www.diarioimagen.net\/index.php?rest_route=%2Fwp%2Fv2%2Fmedia&parent=408026"}],"wp:term":[{"taxonomy":"category","embeddable":true,"href":"https:\/\/www.diarioimagen.net\/index.php?rest_route=%2Fwp%2Fv2%2Fcategories&post=408026"},{"taxonomy":"post_tag","embeddable":true,"href":"https:\/\/www.diarioimagen.net\/index.php?rest_route=%2Fwp%2Fv2%2Ftags&post=408026"}],"curies":[{"name":"wp","href":"https:\/\/api.w.org\/{rel}","templated":true}]}}