{"id":408249,"date":"2018-12-19T00:06:16","date_gmt":"2018-12-19T06:06:16","guid":{"rendered":"https:\/\/www.diarioimagen.net\/?p=408249"},"modified":"2018-12-19T22:59:48","modified_gmt":"2018-12-20T04:59:48","slug":"recursos-por-35-6-mil-mdd-para-el-sureste-mexicano-y-centro-america","status":"publish","type":"post","link":"https:\/\/www.diarioimagen.net\/?p=408249","title":{"rendered":"Recursos por 35.6 mil mdd para el sureste mexicano y Centro Am\u00e9rica"},"content":{"rendered":"<ul>\n<li><strong><em>Apoyo de Estados Unidos<br \/>\n<\/em><\/strong><\/li>\n<\/ul>\n<p>&nbsp;<\/p>\n<div id=\"attachment_408314\" style=\"width: 470px\" class=\"wp-caption aligncenter\"><a href=\"https:\/\/www.diarioimagen.net\/?attachment_id=408314\" rel=\"attachment wp-att-408314\"><img loading=\"lazy\" decoding=\"async\" aria-describedby=\"caption-attachment-408314\" class=\"size-large wp-image-408314\" src=\"https:\/\/www.diarioimagen.net\/wp-content\/uploads\/2018\/12\/ebrard-3523-460x242.jpg\" alt=\"\" width=\"460\" height=\"242\" srcset=\"https:\/\/www.diarioimagen.net\/wp-content\/uploads\/2018\/12\/ebrard-3523-460x242.jpg 460w, https:\/\/www.diarioimagen.net\/wp-content\/uploads\/2018\/12\/ebrard-3523-240x127.jpg 240w, https:\/\/www.diarioimagen.net\/wp-content\/uploads\/2018\/12\/ebrard-3523.jpg 700w\" sizes=\"auto, (max-width: 460px) 100vw, 460px\" \/><\/a><p id=\"caption-attachment-408314\" class=\"wp-caption-text\">M\u00e9xico y EU anunciaron inversiones por 35.6 mil millones de d\u00f3lares para los Principios de Desarrollo para Sur-M\u00e9xico-Centroam\u00e9rica.<\/p><\/div>\n<p>&nbsp;<\/p>\n<p>M\u00e9xico y Estados Unidos presentaron una declaraci\u00f3n conjunta en la que anunciaron inversiones por 35.6 mil millones de d\u00f3lares para los Principios de Desarrollo para Sur-M\u00e9xico-Centroam\u00e9rica, y con los cuales se busca beneficiar a ciudadanos de la regi\u00f3n, se\u00f1al\u00f3 el titular de la Secretar\u00eda de Relaciones Exteriores (SRE), Marcelo Ebrard Casaub\u00f3n.<\/p>\n<p>\u201cM\u00e9xico y los Estados Unidos hoy se comprometen a fortalecer y ampliar nuestra cooperaci\u00f3n bilateral para fomentar el desarrollo econ\u00f3mico y aumentar la inversi\u00f3n en el sur de M\u00e9xico y en Centroam\u00e9rica para crear una zona de prosperidad.<\/p>\n<p>\u201cAmbos pa\u00edses reconocen los fuertes v\u00ednculos entre el crecimiento econ\u00f3mico en el sur de M\u00e9xico y el \u00e9xito de la promoci\u00f3n de la prosperidad del buen gobierno y la seguridad de Centroam\u00e9rica\u201d, dijo el canciller.<\/p>\n<p>Destac\u00f3 que ambos pa\u00edses buscan continuar modernizando la cooperaci\u00f3n bilateral para reflejar los cambios en el mundo y asegurar que los ciudadanos se benefician directamente.<\/p>\n<p>\u201cEstamos comprometidos a promover un fuerte crecimiento econ\u00f3mico regional, empleos mejor remunerados y mayores oportunidades para todos nuestros ciudadanos\u201d.<\/p>\n<p>Ebrard Casaub\u00f3n destac\u00f3 que la declaraci\u00f3n refleja la importancia que ambas naciones otorgan a la relaci\u00f3n bilateral, \u201cel esp\u00edritu de cooperaci\u00f3n entre los pa\u00edses es fuerte en cuanto a sus v\u00ednculos institucionales, econ\u00f3micos, familiares y culturales, que unen a M\u00e9xico y a los Estados Unidos, y funcionan como la base de nuestra relaci\u00f3n bilateral\u201d.<\/p>\n<p>De esa manera, dijo, Estados Unidos se compromete a otorgar un total de 5.8 mil millones de d\u00f3lares para reformas institucionales y desarrollo econ\u00f3mico del Tri\u00e1ngulo del Norte de Centroam\u00e9rica por medio de fuentes privadas y p\u00fablicas.<\/p>\n<p>Ebrard explic\u00f3 que M\u00e9xico y Estados Unidos colaborar\u00e1n de igual manera con el sector privado de ambos pa\u00edses as\u00ed como con los bancos multilaterales de desarrollo para promover la inversi\u00f3n y el desarrollo econ\u00f3mico de Tri\u00e1ngulo del Norte.<\/p>\n<p>Asimismo aprovechar\u00e1n los recursos de las capacidades de financiamiento para el desarrollo internacional de M\u00e9xico y Estados Unidos para orientar mejor las inversiones en la regi\u00f3n.<\/p>\n<p>A ello, sum\u00f3 que el gobierno de M\u00e9xico ha anunciado el mayor compromiso de desarrollo en d\u00e9cadas en el sur del pa\u00eds, el cual incluye 25 mil millones de d\u00f3lares por los pr\u00f3ximos cinco a\u00f1os, que servir\u00e1n para crear infraestructura y generar oportunidades de empleo.<\/p>\n<p>Estados Unidos, por su parte, a trav\u00e9s de la corporaci\u00f3n de inversi\u00f3n privada en el exterior, estar\u00e1 enfocado en aumentar la inversi\u00f3n privada y p\u00fablica en M\u00e9xico, totalizando 4.8 mil millones de d\u00f3lares, incluyendo dos mil millones de d\u00f3lares para proyectos en el Sur de M\u00e9xico.<\/p>\n<p>\u201cM\u00e9xico y Estados Unidos continuar\u00e1n la cooperaci\u00f3n y la coordinaci\u00f3n entre sus gobiernos para mejorar la seguridad el buen gobierno y la prosperidad en Centroam\u00e9rica complementando el plan de la alianza para la prosperidad de los pa\u00edses del Tri\u00e1ngulo del Norte\u201d, abund\u00f3 el responsable de la pol\u00edtica exterior de M\u00e9xico.<\/p>\n<p>Marcelo Ebrard anunci\u00f3 tambi\u00e9n que M\u00e9xico y Estados Unidos convocar\u00e1n una reuni\u00f3n a nivel de gabinete a fines de enero de 2019 para acordar un marco estrat\u00e9gico de cooperaci\u00f3n en Centroam\u00e9rica y as\u00ed abordar las causas fundamentales de la migraci\u00f3n.<\/p>\n<p>En ese sentido, expres\u00f3 que ambos pa\u00edses establecer\u00e1n un grupo de trabajo de alto nivel para facilitar el dise\u00f1o y la implementaci\u00f3n de dicho marco, y para monitorear el progreso de los dos objetivos comunes.<\/p>\n<p>Por otra parte, M\u00e9xico y el pa\u00eds vecino del norte, convocar\u00e1n a una Cumbre Empresarial en el primer trimestre de 2019, la cual contar\u00e1 con la participaci\u00f3n de una amplia gama de representantes del sector privado estadounidense, mexicano e internacional, para as\u00ed explorar y aumentar las oportunidades de inversi\u00f3n y de negocios en M\u00e9xico con un enfoque especial en el sur as\u00ed como en el Tri\u00e1ngulo del Norte Centroam\u00e9rica.<\/p>\n","protected":false},"excerpt":{"rendered":"<p>M\u00e9xico y Estados Unidos presentaron una declaraci\u00f3n conjunta en la que anunciaron inversiones por 35.6 mil millones de d\u00f3lares para los Principios de Desarrollo para Sur-M\u00e9xico-Centroam\u00e9rica, y con los cuales se busca beneficiar a ciudadanos de la regi\u00f3n, se\u00f1al\u00f3 el titular de la Secretar\u00eda de Relaciones Exteriores (SRE), Marcelo Ebrard Casaub\u00f3n.<\/p>\n","protected":false},"author":3,"featured_media":408314,"comment_status":"open","ping_status":"open","sticky":false,"template":"","format":"standard","meta":{"_monsterinsights_skip_tracking":false,"_monsterinsights_sitenote_active":false,"_monsterinsights_sitenote_note":"","_monsterinsights_sitenote_category":0,"footnotes":""},"categories":[3],"tags":[2701,81288,177],"class_list":["post-408249","post","type-post","status-publish","format-standard","has-post-thumbnail","hentry","category-nacional","tag-apoyo","tag-centro-america","tag-estados-unidos"],"_links":{"self":[{"href":"https:\/\/www.diarioimagen.net\/index.php?rest_route=\/wp\/v2\/posts\/408249","targetHints":{"allow":["GET"]}}],"collection":[{"href":"https:\/\/www.diarioimagen.net\/index.php?rest_route=\/wp\/v2\/posts"}],"about":[{"href":"https:\/\/www.diarioimagen.net\/index.php?rest_route=\/wp\/v2\/types\/post"}],"author":[{"embeddable":true,"href":"https:\/\/www.diarioimagen.net\/index.php?rest_route=\/wp\/v2\/users\/3"}],"replies":[{"embeddable":true,"href":"https:\/\/www.diarioimagen.net\/index.php?rest_route=%2Fwp%2Fv2%2Fcomments&post=408249"}],"version-history":[{"count":0,"href":"https:\/\/www.diarioimagen.net\/index.php?rest_route=\/wp\/v2\/posts\/408249\/revisions"}],"wp:featuredmedia":[{"embeddable":true,"href":"https:\/\/www.diarioimagen.net\/index.php?rest_route=\/wp\/v2\/media\/408314"}],"wp:attachment":[{"href":"https:\/\/www.diarioimagen.net\/index.php?rest_route=%2Fwp%2Fv2%2Fmedia&parent=408249"}],"wp:term":[{"taxonomy":"category","embeddable":true,"href":"https:\/\/www.diarioimagen.net\/index.php?rest_route=%2Fwp%2Fv2%2Fcategories&post=408249"},{"taxonomy":"post_tag","embeddable":true,"href":"https:\/\/www.diarioimagen.net\/index.php?rest_route=%2Fwp%2Fv2%2Ftags&post=408249"}],"curies":[{"name":"wp","href":"https:\/\/api.w.org\/{rel}","templated":true}]}}