{"id":408271,"date":"2018-12-19T00:07:44","date_gmt":"2018-12-19T06:07:44","guid":{"rendered":"https:\/\/www.diarioimagen.net\/?p=408271"},"modified":"2018-12-19T06:15:43","modified_gmt":"2018-12-19T12:15:43","slug":"cultura-deportes-teatro-y-otras-actividades-se-realizan-ahora-bajo-los-nuevos-arcotechos","status":"publish","type":"post","link":"https:\/\/www.diarioimagen.net\/?p=408271","title":{"rendered":"Cultura, deportes, teatro y otras actividades se realizan ahora bajo los nuevos arcotechos"},"content":{"rendered":"<ul>\n<li><strong><em>Fomentar actividades de todo tipo, el objetivo en C. Izcalli<\/em><\/strong><\/li>\n<\/ul>\n<p>&nbsp;<\/p>\n<div id=\"attachment_408346\" style=\"width: 470px\" class=\"wp-caption aligncenter\"><a href=\"https:\/\/www.diarioimagen.net\/?attachment_id=408346\" rel=\"attachment wp-att-408346\"><img loading=\"lazy\" decoding=\"async\" aria-describedby=\"caption-attachment-408346\" class=\"size-large wp-image-408346\" src=\"https:\/\/www.diarioimagen.net\/wp-content\/uploads\/2018\/12\/CUAUTITLAN-19-460x259.jpg\" alt=\"\" width=\"460\" height=\"259\" srcset=\"https:\/\/www.diarioimagen.net\/wp-content\/uploads\/2018\/12\/CUAUTITLAN-19-460x259.jpg 460w, https:\/\/www.diarioimagen.net\/wp-content\/uploads\/2018\/12\/CUAUTITLAN-19-240x135.jpg 240w, https:\/\/www.diarioimagen.net\/wp-content\/uploads\/2018\/12\/CUAUTITLAN-19-235x132.jpg 235w, https:\/\/www.diarioimagen.net\/wp-content\/uploads\/2018\/12\/CUAUTITLAN-19-202x114.jpg 202w, https:\/\/www.diarioimagen.net\/wp-content\/uploads\/2018\/12\/CUAUTITLAN-19-350x196.jpg 350w, https:\/\/www.diarioimagen.net\/wp-content\/uploads\/2018\/12\/CUAUTITLAN-19-220x123.jpg 220w, https:\/\/www.diarioimagen.net\/wp-content\/uploads\/2018\/12\/CUAUTITLAN-19-237x132.jpg 237w, https:\/\/www.diarioimagen.net\/wp-content\/uploads\/2018\/12\/CUAUTITLAN-19.jpg 480w\" sizes=\"auto, (max-width: 460px) 100vw, 460px\" \/><\/a><p id=\"caption-attachment-408346\" class=\"wp-caption-text\">El edil V\u00edctor Estrada Garibay se\u00f1al\u00f3 que durante su administraci\u00f3n\u00a0 se construyeron 16 comedores escolares, adem\u00e1s de que se edificaron 20 aulas.<\/p><\/div>\n<p>&nbsp;<\/p>\n<p><strong>Cuautitl\u00e1n Izcalli<\/strong>.- En tres meses desde su conclusi\u00f3n, autoridades y estudiantes de la Secundaria General 107 \u201cMiguel de Cervantes Saavedra\u201d han aprovechado el arco techo que la Direcci\u00f3n de Obras P\u00fablicas del gobierno del alcalde V\u00edctor Estrada Garibay, edific\u00f3 en el centro escolar que se ubica en el pueblo San Lorenzo R\u00edo Tenco.<\/p>\n<p>La directora Criseida Castillo \u00c1lvarez refiri\u00f3 que, bajo la protecci\u00f3n de la techumbre, ha sido posible organizar diversas actividades, como la exposici\u00f3n \u201cD\u00eda de Muertos, una tradici\u00f3n siempre viva\u201d; la elecci\u00f3n de la Sociedad de Alumnos, la Semana de la Ciencia y Tecnolog\u00eda, adem\u00e1s de Juegos Magisteriales, Miniolimpiada escolar y la presentaci\u00f3n de una obra de teatro.<\/p>\n<p>Por su lado, el subdirector Jes\u00fas Badillo P\u00e9rez, afirm\u00f3 que el arco techo ha permitido despertar la afici\u00f3n por el deporte entre el alumnado. \u201cEmpezamos cuatro jugando b\u00e1squetbol y ahora ya somos como 20\u201d, dice el profesor que, a la vez, coment\u00f3 que ning\u00fan otro gobierno municipal le apuesta a la inversi\u00f3n en la educaci\u00f3n.<\/p>\n<p>\u201cDe eso se trata, de fomentar las actividades de todo tipo: cultural o deportiva\u201d, se\u00f1al\u00f3 el Presidente Municipal, V\u00edctor Estrada Garibay, en la amena charla en la que de igual forma participaron los ediles Mar\u00eda Isabel Morales Franco, Ver\u00f3nica Leticia Ochoa Espinos, Gustavo \u00d3scar Schiavon Monroy, Gregorio Romero Espinosa y la presidenta del Sistema DIF Municipal, Am\u00e9rica Rangel Guti\u00e9rrez.<\/p>\n<p>A cuestionamiento de Estrada Garibay, el director de Obras P\u00fablicas, Sergio Lemus Almaz\u00e1n, precis\u00f3 que en tres a\u00f1os se construyeron 64 arcotechos en centros escolares y 6 m\u00e1s en espacios p\u00fablicos.<\/p>\n<p>\u201cEstoy contento, pero no satisfecho\u201d, indic\u00f3 el alcalde a la vez que record\u00f3 que \u201cen Cofrad\u00eda II, ah\u00ed sobre la (Avenida) Huehuetoca, vemos a las se\u00f1oras utilizarlo para practicar zumba\u201d.<\/p>\n<p>Durante la administraci\u00f3n 2016-2018 se construyeron 16 comedores escolares, adem\u00e1s de que se edificaron aulas, sanitarios y se realiz\u00f3 impermeabilizaci\u00f3n en las escuelas que lo requer\u00edan. Por su lado, Estrada Garibay asinti\u00f3 y agreg\u00f3 que \u201ces la mejor inversi\u00f3n; no es dinero tirado a la basura\u201d.<\/p>\n","protected":false},"excerpt":{"rendered":"<p>En tres meses desde su conclusi\u00f3n, autoridades y estudiantes de la Secundaria General 107 \u201cMiguel de Cervantes Saavedra\u201d han aprovechado el arco techo que la Direcci\u00f3n de Obras P\u00fablicas del gobierno del alcalde V\u00edctor Estrada Garibay, edific\u00f3 en el centro escolar que se ubica en el pueblo San Lorenzo R\u00edo Tenco.<\/p>\n","protected":false},"author":3,"featured_media":408346,"comment_status":"open","ping_status":"open","sticky":false,"template":"","format":"standard","meta":{"_monsterinsights_skip_tracking":false,"_monsterinsights_sitenote_active":false,"_monsterinsights_sitenote_note":"","_monsterinsights_sitenote_category":0,"footnotes":""},"categories":[35155],"tags":[78840,971,43685,666],"class_list":["post-408271","post","type-post","status-publish","format-standard","has-post-thumbnail","hentry","category-estado-de-mexico-estado-de-mexico","tag-arcotechos","tag-cuautitlan-izcalli","tag-cultura","tag-teatro"],"_links":{"self":[{"href":"https:\/\/www.diarioimagen.net\/index.php?rest_route=\/wp\/v2\/posts\/408271","targetHints":{"allow":["GET"]}}],"collection":[{"href":"https:\/\/www.diarioimagen.net\/index.php?rest_route=\/wp\/v2\/posts"}],"about":[{"href":"https:\/\/www.diarioimagen.net\/index.php?rest_route=\/wp\/v2\/types\/post"}],"author":[{"embeddable":true,"href":"https:\/\/www.diarioimagen.net\/index.php?rest_route=\/wp\/v2\/users\/3"}],"replies":[{"embeddable":true,"href":"https:\/\/www.diarioimagen.net\/index.php?rest_route=%2Fwp%2Fv2%2Fcomments&post=408271"}],"version-history":[{"count":0,"href":"https:\/\/www.diarioimagen.net\/index.php?rest_route=\/wp\/v2\/posts\/408271\/revisions"}],"wp:featuredmedia":[{"embeddable":true,"href":"https:\/\/www.diarioimagen.net\/index.php?rest_route=\/wp\/v2\/media\/408346"}],"wp:attachment":[{"href":"https:\/\/www.diarioimagen.net\/index.php?rest_route=%2Fwp%2Fv2%2Fmedia&parent=408271"}],"wp:term":[{"taxonomy":"category","embeddable":true,"href":"https:\/\/www.diarioimagen.net\/index.php?rest_route=%2Fwp%2Fv2%2Fcategories&post=408271"},{"taxonomy":"post_tag","embeddable":true,"href":"https:\/\/www.diarioimagen.net\/index.php?rest_route=%2Fwp%2Fv2%2Ftags&post=408271"}],"curies":[{"name":"wp","href":"https:\/\/api.w.org\/{rel}","templated":true}]}}