{"id":408456,"date":"2018-12-20T00:10:23","date_gmt":"2018-12-20T06:10:23","guid":{"rendered":"https:\/\/www.diarioimagen.net\/?p=408456"},"modified":"2018-12-20T04:37:26","modified_gmt":"2018-12-20T10:37:26","slug":"unam-e-ipn-le-entran-a-la-austeridad-se-bajan-sueldo","status":"publish","type":"post","link":"https:\/\/www.diarioimagen.net\/?p=408456","title":{"rendered":"UNAM e IPN le entran a la austeridad; se bajan sueldo"},"content":{"rendered":"<ul>\n<li><strong><em>A partir de la primera quincena de enero<\/em><\/strong><\/li>\n<\/ul>\n<p>&nbsp;<\/p>\n<div id=\"attachment_408560\" style=\"width: 470px\" class=\"wp-caption aligncenter\"><a href=\"https:\/\/www.diarioimagen.net\/?attachment_id=408560\" rel=\"attachment wp-att-408560\"><img loading=\"lazy\" decoding=\"async\" aria-describedby=\"caption-attachment-408560\" class=\"size-large wp-image-408560\" src=\"https:\/\/www.diarioimagen.net\/wp-content\/uploads\/2018\/12\/universidades-460x259.jpg\" alt=\"\" width=\"460\" height=\"259\" srcset=\"https:\/\/www.diarioimagen.net\/wp-content\/uploads\/2018\/12\/universidades-460x259.jpg 460w, https:\/\/www.diarioimagen.net\/wp-content\/uploads\/2018\/12\/universidades-240x135.jpg 240w, https:\/\/www.diarioimagen.net\/wp-content\/uploads\/2018\/12\/universidades-235x132.jpg 235w, https:\/\/www.diarioimagen.net\/wp-content\/uploads\/2018\/12\/universidades-202x114.jpg 202w, https:\/\/www.diarioimagen.net\/wp-content\/uploads\/2018\/12\/universidades-350x196.jpg 350w, https:\/\/www.diarioimagen.net\/wp-content\/uploads\/2018\/12\/universidades-220x123.jpg 220w, https:\/\/www.diarioimagen.net\/wp-content\/uploads\/2018\/12\/universidades-237x132.jpg 237w, https:\/\/www.diarioimagen.net\/wp-content\/uploads\/2018\/12\/universidades.jpg 480w\" sizes=\"auto, (max-width: 460px) 100vw, 460px\" \/><\/a><p id=\"caption-attachment-408560\" class=\"wp-caption-text\">Enrique Graue y Mario Alberto Rodr\u00edguez acordaron reducir sus salarios a partir de la primera quincena de enero.<\/p><\/div>\n<p>&nbsp;<\/p>\n<p>La Asociaci\u00f3n Nacional de Universidades e Instituciones de Educaci\u00f3n Superior (ANUIES) anunci\u00f3 una serie medidas de austeridad, entre ellas la revisi\u00f3n del r\u00e9gimen salarial y sistemas pensionarios, reducci\u00f3n del gasto operativo y vi\u00e1ticos, eficiencia del parque vehicular, as\u00ed como asignaci\u00f3n y uso de tel\u00e9fonos m\u00f3viles.<\/p>\n<p>Despu\u00e9s de su reuni\u00f3n con la Junta de Coordinaci\u00f3n Pol\u00edtica de la C\u00e1mara de Diputados, el rector de la UNAM, Enrique Graue, y el director general del IPN, Mario Alberto Rodr\u00edguez, anunciaron la reducci\u00f3n de sus sueldos a partir de la primera quincena de enero.<\/p>\n<p>Sin precisar la cifra, Graue indic\u00f3 que su remuneraci\u00f3n se disminuir\u00e1 en la misma proporci\u00f3n que la del presidente L\u00f3pez Obrador, mientras Rodr\u00edguez detall\u00f3 que su ingreso mensual pasar\u00e1 de 106 mil a 92 mil pesos al mes, adem\u00e1s de pagar el servicio de telefon\u00eda m\u00f3vil de sus propios recursos.<\/p>\n<p>\u201cEn la misma proporci\u00f3n que el se\u00f1or Presidente lo haga, as\u00ed lo har\u00e9 yo&#8230; 22 mil y algo, en esa misma proporci\u00f3n lo har\u00e9 yo, es que no me acuerdo la cantidad exacta, pero son 22 mil, h\u00e1gase de cuenta 239, por decir un n\u00famero que dijo el Presidente, yo lo har\u00e9 un peso menos, solo porque est\u00e1 delante de m\u00ed\u201d, dijo.<\/p>\n<p>Rodr\u00edguez detall\u00f3, en cambio, que su ingreso mensual pasar\u00e1 de 106 mil a 92 mil pesos al mes.<\/p>\n<p>\u201cEn mi cheque aparecen, sumando las dos quincenas, 106 mil pesos; en la suma de las dos quincenas a partir de enero ser\u00e1n 92 mil pesos (\u2026); si yo estoy pidiendo pol\u00edtica de austeridad a la comunidad, el ejemplo lo tiene que poner el propio director, yo lo dije, el celular yo lo voy a pagar, no me lo va a pagar nadie y el chofer solamente lo voy a utilizar cuando venga a este tipo de reuniones\u201d.<\/p>\n<p>Durante el encuentro con los rectores, el presidente de la Junta de Coordinaci\u00f3n Pol\u00edtica y l\u00edder parlamentario de Morena en el Palacio de San L\u00e1zaro, Mario Delgado, aplaudi\u00f3 las medidas de austeridad anunciadas por el secretario ejecutivo de la ANUIES, Jaime Valls, y celebr\u00f3 tambi\u00e9n la rectificaci\u00f3n de L\u00f3pez Obrador sobre el recorte presupuestal a las universidades.<\/p>\n<p>Valls anticip\u00f3 a su vez la instalaci\u00f3n de una mesa de trabajo para acordar los mecanismos para una gesti\u00f3n eficaz y eficiente de los recursos destinados a la educaci\u00f3n superior.<\/p>\n<p>Al encuentro con los directivos de las universidades asisten tambi\u00e9n los l\u00edderes parlamentarios del PAN. Juan Carlos Romero Hicks; del PRI, Ren\u00e9 Ju\u00e1rez; del PRD, Ricardo Gallardo; de MC, Tonatiuh Bravo, y del PES, Fernando Manzanilla, y Reginaldo Sandoval, del PT.<\/p>\n","protected":false},"excerpt":{"rendered":"<p>La Asociaci\u00f3n Nacional de Universidades e Instituciones de Educaci\u00f3n Superior (ANUIES) anunci\u00f3 una serie medidas de austeridad, entre ellas la revisi\u00f3n del r\u00e9gimen salarial y sistemas pensionarios, reducci\u00f3n del gasto operativo y vi\u00e1ticos, eficiencia del parque vehicular, as\u00ed como asignaci\u00f3n y uso de tel\u00e9fonos m\u00f3viles.<\/p>\n","protected":false},"author":3,"featured_media":408560,"comment_status":"open","ping_status":"open","sticky":false,"template":"","format":"standard","meta":{"_monsterinsights_skip_tracking":false,"_monsterinsights_sitenote_active":false,"_monsterinsights_sitenote_note":"","_monsterinsights_sitenote_category":0,"footnotes":""},"categories":[8],"tags":[16344,74149,314,211,362,80801,570],"class_list":["post-408456","post","type-post","status-publish","format-standard","has-post-thumbnail","hentry","category-finanzas","tag-asociacion-nacional-de-universidades-e-instituciones-de-educacion-superior","tag-bajan","tag-ipn","tag-prd","tag-pri","tag-sueldo","tag-unam"],"_links":{"self":[{"href":"https:\/\/www.diarioimagen.net\/index.php?rest_route=\/wp\/v2\/posts\/408456","targetHints":{"allow":["GET"]}}],"collection":[{"href":"https:\/\/www.diarioimagen.net\/index.php?rest_route=\/wp\/v2\/posts"}],"about":[{"href":"https:\/\/www.diarioimagen.net\/index.php?rest_route=\/wp\/v2\/types\/post"}],"author":[{"embeddable":true,"href":"https:\/\/www.diarioimagen.net\/index.php?rest_route=\/wp\/v2\/users\/3"}],"replies":[{"embeddable":true,"href":"https:\/\/www.diarioimagen.net\/index.php?rest_route=%2Fwp%2Fv2%2Fcomments&post=408456"}],"version-history":[{"count":0,"href":"https:\/\/www.diarioimagen.net\/index.php?rest_route=\/wp\/v2\/posts\/408456\/revisions"}],"wp:featuredmedia":[{"embeddable":true,"href":"https:\/\/www.diarioimagen.net\/index.php?rest_route=\/wp\/v2\/media\/408560"}],"wp:attachment":[{"href":"https:\/\/www.diarioimagen.net\/index.php?rest_route=%2Fwp%2Fv2%2Fmedia&parent=408456"}],"wp:term":[{"taxonomy":"category","embeddable":true,"href":"https:\/\/www.diarioimagen.net\/index.php?rest_route=%2Fwp%2Fv2%2Fcategories&post=408456"},{"taxonomy":"post_tag","embeddable":true,"href":"https:\/\/www.diarioimagen.net\/index.php?rest_route=%2Fwp%2Fv2%2Ftags&post=408456"}],"curies":[{"name":"wp","href":"https:\/\/api.w.org\/{rel}","templated":true}]}}