{"id":408478,"date":"2018-12-20T00:01:04","date_gmt":"2018-12-20T06:01:04","guid":{"rendered":"https:\/\/www.diarioimagen.net\/?p=408478"},"modified":"2018-12-20T05:10:27","modified_gmt":"2018-12-20T11:10:27","slug":"garantiza-uaem-pago-de-prestaciones-de-fin-de-ano","status":"publish","type":"post","link":"https:\/\/www.diarioimagen.net\/?p=408478","title":{"rendered":"Garantiza UAEM pago de prestaciones de fin de a\u00f1o"},"content":{"rendered":"<ul>\n<li><strong><em>En espera de la transferencia de recursos federales<\/em><\/strong><\/li>\n<\/ul>\n<p>&nbsp;<\/p>\n<div id=\"attachment_408591\" style=\"width: 470px\" class=\"wp-caption aligncenter\"><a href=\"https:\/\/www.diarioimagen.net\/?attachment_id=408591\" rel=\"attachment wp-att-408591\"><img loading=\"lazy\" decoding=\"async\" aria-describedby=\"caption-attachment-408591\" class=\"size-large wp-image-408591\" src=\"https:\/\/www.diarioimagen.net\/wp-content\/uploads\/2018\/12\/UAEM-20-460x259.jpg\" alt=\"\" width=\"460\" height=\"259\" srcset=\"https:\/\/www.diarioimagen.net\/wp-content\/uploads\/2018\/12\/UAEM-20-460x259.jpg 460w, https:\/\/www.diarioimagen.net\/wp-content\/uploads\/2018\/12\/UAEM-20-240x135.jpg 240w, https:\/\/www.diarioimagen.net\/wp-content\/uploads\/2018\/12\/UAEM-20-235x132.jpg 235w, https:\/\/www.diarioimagen.net\/wp-content\/uploads\/2018\/12\/UAEM-20-202x114.jpg 202w, https:\/\/www.diarioimagen.net\/wp-content\/uploads\/2018\/12\/UAEM-20-350x196.jpg 350w, https:\/\/www.diarioimagen.net\/wp-content\/uploads\/2018\/12\/UAEM-20-220x123.jpg 220w, https:\/\/www.diarioimagen.net\/wp-content\/uploads\/2018\/12\/UAEM-20-237x132.jpg 237w, https:\/\/www.diarioimagen.net\/wp-content\/uploads\/2018\/12\/UAEM-20.jpg 480w\" sizes=\"auto, (max-width: 460px) 100vw, 460px\" \/><\/a><p id=\"caption-attachment-408591\" class=\"wp-caption-text\">Durante el brindis navide\u00f1o 2018, el rector Alfredo Barrera Baca afirm\u00f3 que la instituci\u00f3n est\u00e1 en espera de la transferencia de recursos federales para el pago del aguinaldo.<\/p><\/div>\n<p>&nbsp;<\/p>\n<p><strong>Toluca, Estado de M\u00e9xico<\/strong>.- El pago de las prestaciones de fin de a\u00f1o al personal docente y administrativo de la Universidad Aut\u00f3noma del Estado de M\u00e9xico est\u00e1 garantizado, afirm\u00f3 el rector Alfredo Barrera Baca, durante el brindis navide\u00f1o 2018 de esta casa de estudios.<\/p>\n<p>\u201cConfiamos que la Secretar\u00eda de Educaci\u00f3n P\u00fablica lleve a buen fin el tr\u00e1mite ante la Secretar\u00eda de Hacienda y Cr\u00e9dito P\u00fablico para que se transfiera el subsidio extraordinario a esta casa de estudios\u201d.<\/p>\n<p>Tras agradecer la comprensi\u00f3n para mantener tranquilidad y confianza en la instituci\u00f3n y en el gobierno de M\u00e9xico, el rector celebr\u00f3 la unidad y paz que prevalece en cada espacio acad\u00e9mico y que, sin acentos individuales, la comunidad universitaria imprime todos los d\u00edas su esfuerzo para ser mejores personas y universitarios a la larga trayectoria institucional.<\/p>\n<p>En el Patio del Cincuentenario del Edificio de Rector\u00eda, reconoci\u00f3 el cari\u00f1o que los universitarios prodigan a sus espacios laborales, as\u00ed como el apego a una instituci\u00f3n que apuesta invariablemente por comprensi\u00f3n y concordia entre su comunidad.<\/p>\n<p>Alfredo Barrera consider\u00f3 que es motivo de celebraci\u00f3n el compromiso con la evaluaci\u00f3n y la reestructuraci\u00f3n de planes de estudios, y con ello, la pertinencia social y educativa de los estudios profesionales que oferta la UAEM.<\/p>\n<p>Destac\u00f3 la puesta en marcha de planes de estudio de doble titulaci\u00f3n y grado acad\u00e9mico con instituciones de educaci\u00f3n superior de Espa\u00f1a, Finlandia y Reino Unido; asimismo, que las finanzas universitarias avanzan hacia su equilibrio, en gran medida, por el apoyo recibido del gobernador del Estado de M\u00e9xico, Alfredo Del Mazo Maza, al incrementar el presupuesto de la instituci\u00f3n a partir de este a\u00f1o.<\/p>\n<p>Sostuvo que la mejor defensa de la autonom\u00eda de la m\u00e1xima casa de estudios mexiquense es el notable esfuerzo de cada universitario durante el presente a\u00f1o. Es gracias a la facultad de obrar con libertad y gobernar al amparo de leyes propias que es posible cuestionar dogmas en materia de equidad g\u00e9nero, diversidad sexual, los derechos humanos y otras conquistas irrenunciables.<\/p>\n<p>Ante acad\u00e9micos, trabajadores administrativos y estudiantes, Alfredo Barrera Baca enfatiz\u00f3 que la navidad es celebraci\u00f3n y redescubrimiento, es un rito que emociona y que revela la bondad existente en cada uno de nosotros. \u201cDese\u00f3 a los universitarios que el a\u00f1o nuevo sea un tiempo de siembra, de dicha, optimismo y renovada energ\u00eda\u201d.<\/p>\n","protected":false},"excerpt":{"rendered":"<p>El pago de las prestaciones de fin de a\u00f1o al personal docente y administrativo de la Universidad Aut\u00f3noma del Estado de M\u00e9xico est\u00e1 garantizado, afirm\u00f3 el rector Alfredo Barrera Baca, durante el brindis navide\u00f1o 2018 de esta casa de estudios.<\/p>\n","protected":false},"author":3,"featured_media":408591,"comment_status":"open","ping_status":"open","sticky":false,"template":"","format":"standard","meta":{"_monsterinsights_skip_tracking":false,"_monsterinsights_sitenote_active":false,"_monsterinsights_sitenote_note":"","_monsterinsights_sitenote_category":0,"footnotes":""},"categories":[35155],"tags":[43675,73240,75089,1058,452,1491],"class_list":["post-408478","post","type-post","status-publish","format-standard","has-post-thumbnail","hentry","category-estado-de-mexico-estado-de-mexico","tag-estado-de-mexico","tag-garantiza","tag-prestaciones","tag-secretaria-de-educacion-publica","tag-toluca","tag-uaem"],"_links":{"self":[{"href":"https:\/\/www.diarioimagen.net\/index.php?rest_route=\/wp\/v2\/posts\/408478","targetHints":{"allow":["GET"]}}],"collection":[{"href":"https:\/\/www.diarioimagen.net\/index.php?rest_route=\/wp\/v2\/posts"}],"about":[{"href":"https:\/\/www.diarioimagen.net\/index.php?rest_route=\/wp\/v2\/types\/post"}],"author":[{"embeddable":true,"href":"https:\/\/www.diarioimagen.net\/index.php?rest_route=\/wp\/v2\/users\/3"}],"replies":[{"embeddable":true,"href":"https:\/\/www.diarioimagen.net\/index.php?rest_route=%2Fwp%2Fv2%2Fcomments&post=408478"}],"version-history":[{"count":0,"href":"https:\/\/www.diarioimagen.net\/index.php?rest_route=\/wp\/v2\/posts\/408478\/revisions"}],"wp:featuredmedia":[{"embeddable":true,"href":"https:\/\/www.diarioimagen.net\/index.php?rest_route=\/wp\/v2\/media\/408591"}],"wp:attachment":[{"href":"https:\/\/www.diarioimagen.net\/index.php?rest_route=%2Fwp%2Fv2%2Fmedia&parent=408478"}],"wp:term":[{"taxonomy":"category","embeddable":true,"href":"https:\/\/www.diarioimagen.net\/index.php?rest_route=%2Fwp%2Fv2%2Fcategories&post=408478"},{"taxonomy":"post_tag","embeddable":true,"href":"https:\/\/www.diarioimagen.net\/index.php?rest_route=%2Fwp%2Fv2%2Ftags&post=408478"}],"curies":[{"name":"wp","href":"https:\/\/api.w.org\/{rel}","templated":true}]}}