{"id":408481,"date":"2018-12-20T00:08:21","date_gmt":"2018-12-20T06:08:21","guid":{"rendered":"https:\/\/www.diarioimagen.net\/?p=408481"},"modified":"2018-12-20T04:25:38","modified_gmt":"2018-12-20T10:25:38","slug":"artistas-locales-plasmaran-quehacer-festivo-y-cultural-en-mural-de-tultepec","status":"publish","type":"post","link":"https:\/\/www.diarioimagen.net\/?p=408481","title":{"rendered":"Artistas locales plasmar\u00e1n quehacer festivo y cultural en mural de Tultepec"},"content":{"rendered":"<ul>\n<li><strong><em>Mantienen identidad<\/em><\/strong><\/li>\n<\/ul>\n<p>&nbsp;<\/p>\n<div id=\"attachment_408539\" style=\"width: 470px\" class=\"wp-caption aligncenter\"><a href=\"https:\/\/www.diarioimagen.net\/?attachment_id=408539\" rel=\"attachment wp-att-408539\"><img loading=\"lazy\" decoding=\"async\" aria-describedby=\"caption-attachment-408539\" class=\"size-large wp-image-408539\" src=\"https:\/\/www.diarioimagen.net\/wp-content\/uploads\/2018\/12\/TULTEPEC-20-460x259.jpg\" alt=\"\" width=\"460\" height=\"259\" srcset=\"https:\/\/www.diarioimagen.net\/wp-content\/uploads\/2018\/12\/TULTEPEC-20-460x259.jpg 460w, https:\/\/www.diarioimagen.net\/wp-content\/uploads\/2018\/12\/TULTEPEC-20-240x135.jpg 240w, https:\/\/www.diarioimagen.net\/wp-content\/uploads\/2018\/12\/TULTEPEC-20-235x132.jpg 235w, https:\/\/www.diarioimagen.net\/wp-content\/uploads\/2018\/12\/TULTEPEC-20-202x114.jpg 202w, https:\/\/www.diarioimagen.net\/wp-content\/uploads\/2018\/12\/TULTEPEC-20-350x196.jpg 350w, https:\/\/www.diarioimagen.net\/wp-content\/uploads\/2018\/12\/TULTEPEC-20-220x123.jpg 220w, https:\/\/www.diarioimagen.net\/wp-content\/uploads\/2018\/12\/TULTEPEC-20-237x132.jpg 237w, https:\/\/www.diarioimagen.net\/wp-content\/uploads\/2018\/12\/TULTEPEC-20.jpg 480w\" sizes=\"auto, (max-width: 460px) 100vw, 460px\" \/><\/a><p id=\"caption-attachment-408539\" class=\"wp-caption-text\">En el desarrollo del proyecto, los artistas contar\u00e1n con la asesor\u00eda profesional de la historiadora Juana Antonieta Z\u00fa\u00f1iga Urb\u00e1n.<\/p><\/div>\n<p>&nbsp;<\/p>\n<p><strong>Tultepec, Estado de M\u00e9xico<\/strong>.- Como una forma de exaltar y mantener los valores culturales de Tultepec, que son parte de su identidad, los connotados pintores locales Albino Luna S\u00e1nchez, Agust\u00edn Cervantes, Roque Solano Reyes y \u00c1ngel Solano; plasmar\u00e1n el quehacer festivo de este municipio en un mural de im\u00e1genes desmontable, t\u00e9cnica que han utilizado grandes muralistas de M\u00e9xico como David Alfaro Siqueiros y Diego Rivera.<\/p>\n<p>El mural se desarrollar\u00e1 en acr\u00edlico sobre lienzos en varios m\u00f3dulos desmontables, que permitir\u00e1n la posibilidad de exhibirlo de forma itinerante, antes de colocarse definitivamente en el espacio destinado para ser apreciado como obra p\u00fablica en el nuevo edificio anexo a la presidencia municipal, que actualmente est\u00e1 en construcci\u00f3n.<\/p>\n<p>La realizaci\u00f3n de esta obra m\u00e1s all\u00e1 de su valor art\u00edstico en s\u00ed misma, contribuir\u00e1 a mantener y difundir las manifestaciones de la cultura de Tultepec expresadas en su tradici\u00f3n musical, pirotecnia, fiestas populares, y recientemente, en la pintura y el arte de la cartoner\u00eda en los j\u00f3venes.<\/p>\n<p>As\u00ed lo explic\u00f3 al artista pl\u00e1stico Albino Luna S\u00e1nchez, uno de los creadores del mural, quien agreg\u00f3 que el mural como obra p\u00fablica se suma a otras piezas de arte, a su parroquia, a su pasado prehisp\u00e1nico y prehist\u00f3rico, para as\u00ed crear un nuevo atractivo tur\u00edstico en beneficio a la econom\u00eda del pueblo.<\/p>\n<p>En el desarrollo del proyecto, los artistas contar\u00e1n con la asesor\u00eda profesional de la historiadora Juana Antonieta Z\u00fa\u00f1iga Urb\u00e1n, responsable del Archivo Municipal Cronista de la localidad, as\u00ed como de la titular de Promoci\u00f3n Tur\u00edstica Denis Torres y el arquitecto Ezequiel V\u00e1zquez de Obras P\u00fablicas.<\/p>\n<p>Precis\u00f3 que el mural ser\u00e1 una obra colectiva, cuyo concepto y discurso art\u00edstico abordar\u00e1 diversos aspectos de la historia, cultura y tradiciones de Tultepec, expuestos con un sentido contempor\u00e1neo, que terminar\u00e1 en una fusi\u00f3n de los estilos de los artistas participantes.<\/p>\n<p>La obra ser\u00e1 plasmada con la t\u00e9cnica al acr\u00edlico sobre lienzos montados en bastidor, en doce m\u00f3dulos desarmables d 3.50 metros de alto por 1.85 de ancho cada uno, que da un \u00e1rea total de 77.7 metros cuadrados.<\/p>\n<p>La presentaci\u00f3n del proyecto que inici\u00f3 a finales de octubre y parte de noviembre, requiri\u00f3 de una investigaci\u00f3n documental para la realizaci\u00f3n de un boceto y una maqueta y a color, mismos que fueron presentados en sesi\u00f3n de cabildo ante sus integrantes en pleno hace unos d\u00edas por los cuatro artistas para su aprobaci\u00f3n, cuya conclusi\u00f3n y presentaci\u00f3n de la obra ser\u00e1 entre los meses de marzo o abril.<\/p>\n","protected":false},"excerpt":{"rendered":"<p>Como una forma de exaltar y mantener los valores culturales de Tultepec, que son parte de su identidad, los connotados pintores locales Albino Luna S\u00e1nchez, Agust\u00edn Cervantes, Roque Solano Reyes y \u00c1ngel Solano; plasmar\u00e1n el quehacer festivo de este municipio en un mural de im\u00e1genes desmontable, t\u00e9cnica que han utilizado grandes muralistas de M\u00e9xico como David Alfaro Siqueiros y Diego Rivera.<\/p>\n","protected":false},"author":3,"featured_media":408539,"comment_status":"open","ping_status":"open","sticky":false,"template":"","format":"standard","meta":{"_monsterinsights_skip_tracking":false,"_monsterinsights_sitenote_active":false,"_monsterinsights_sitenote_note":"","_monsterinsights_sitenote_category":0,"footnotes":""},"categories":[35155],"tags":[81348,43675,81349,3802],"class_list":["post-408481","post","type-post","status-publish","format-standard","has-post-thumbnail","hentry","category-estado-de-mexico-estado-de-mexico","tag-david-alfaro-siqueiros","tag-estado-de-mexico","tag-mural","tag-tultepec"],"_links":{"self":[{"href":"https:\/\/www.diarioimagen.net\/index.php?rest_route=\/wp\/v2\/posts\/408481","targetHints":{"allow":["GET"]}}],"collection":[{"href":"https:\/\/www.diarioimagen.net\/index.php?rest_route=\/wp\/v2\/posts"}],"about":[{"href":"https:\/\/www.diarioimagen.net\/index.php?rest_route=\/wp\/v2\/types\/post"}],"author":[{"embeddable":true,"href":"https:\/\/www.diarioimagen.net\/index.php?rest_route=\/wp\/v2\/users\/3"}],"replies":[{"embeddable":true,"href":"https:\/\/www.diarioimagen.net\/index.php?rest_route=%2Fwp%2Fv2%2Fcomments&post=408481"}],"version-history":[{"count":0,"href":"https:\/\/www.diarioimagen.net\/index.php?rest_route=\/wp\/v2\/posts\/408481\/revisions"}],"wp:featuredmedia":[{"embeddable":true,"href":"https:\/\/www.diarioimagen.net\/index.php?rest_route=\/wp\/v2\/media\/408539"}],"wp:attachment":[{"href":"https:\/\/www.diarioimagen.net\/index.php?rest_route=%2Fwp%2Fv2%2Fmedia&parent=408481"}],"wp:term":[{"taxonomy":"category","embeddable":true,"href":"https:\/\/www.diarioimagen.net\/index.php?rest_route=%2Fwp%2Fv2%2Fcategories&post=408481"},{"taxonomy":"post_tag","embeddable":true,"href":"https:\/\/www.diarioimagen.net\/index.php?rest_route=%2Fwp%2Fv2%2Ftags&post=408481"}],"curies":[{"name":"wp","href":"https:\/\/api.w.org\/{rel}","templated":true}]}}