{"id":408491,"date":"2018-12-20T00:04:54","date_gmt":"2018-12-20T06:04:54","guid":{"rendered":"https:\/\/www.diarioimagen.net\/?p=408491"},"modified":"2018-12-20T04:39:08","modified_gmt":"2018-12-20T10:39:08","slug":"naucalpan-entrega-caballos-sanos-a-la-proxima-administracion","status":"publish","type":"post","link":"https:\/\/www.diarioimagen.net\/?p=408491","title":{"rendered":"Naucalpan entrega caballos sanos a la pr\u00f3xima administraci\u00f3n"},"content":{"rendered":"<p><a href=\"https:\/\/www.diarioimagen.net\/?attachment_id=408563\" rel=\"attachment wp-att-408563\"><img loading=\"lazy\" decoding=\"async\" class=\"aligncenter size-large wp-image-408563\" src=\"https:\/\/www.diarioimagen.net\/wp-content\/uploads\/2018\/12\/NAUCALPAN-20-460x259.jpg\" alt=\"\" width=\"460\" height=\"259\" srcset=\"https:\/\/www.diarioimagen.net\/wp-content\/uploads\/2018\/12\/NAUCALPAN-20-460x259.jpg 460w, https:\/\/www.diarioimagen.net\/wp-content\/uploads\/2018\/12\/NAUCALPAN-20-240x135.jpg 240w, https:\/\/www.diarioimagen.net\/wp-content\/uploads\/2018\/12\/NAUCALPAN-20-235x132.jpg 235w, https:\/\/www.diarioimagen.net\/wp-content\/uploads\/2018\/12\/NAUCALPAN-20-202x114.jpg 202w, https:\/\/www.diarioimagen.net\/wp-content\/uploads\/2018\/12\/NAUCALPAN-20-350x196.jpg 350w, https:\/\/www.diarioimagen.net\/wp-content\/uploads\/2018\/12\/NAUCALPAN-20-220x123.jpg 220w, https:\/\/www.diarioimagen.net\/wp-content\/uploads\/2018\/12\/NAUCALPAN-20-237x132.jpg 237w, https:\/\/www.diarioimagen.net\/wp-content\/uploads\/2018\/12\/NAUCALPAN-20.jpg 480w\" sizes=\"auto, (max-width: 460px) 100vw, 460px\" \/><\/a><\/p>\n<p>&nbsp;<\/p>\n<p><strong>Naucalpan, Estado de M\u00e9xcio.-<\/strong> El actual gobierno de Naucalpan entregar\u00e1 a la pr\u00f3xima administraci\u00f3n municipal un Escuadr\u00f3n de Caballer\u00eda con 36 equinos sanos y bien alimentados, as\u00ed como instalaciones funcionales y alimento suficiente para que los tres primeros meses de 2019 esta agrupaci\u00f3n pueda trabajar sin preocuparse por la nutrici\u00f3n de sus animales.<\/p>\n<p>El subdirector de Academia y Capacitaci\u00f3n de la Direcci\u00f3n General de Seguridad Ciudadana y Tr\u00e1nsito Municipal, Mauricio Rojas Silva, a cargo del Escuadr\u00f3n de Caballer\u00eda, indic\u00f3 que cuando inici\u00f3 esta administraci\u00f3n se recibieron 27 equinos an\u00e9micos, cuyos pesos no superaban los 200 kilogramos, y hoy se cuentan con 36 ejemplares que se ubican entre los 300 y 500 kilogramos.<\/p>\n","protected":false},"excerpt":{"rendered":"<p>El actual gobierno de Naucalpan entregar\u00e1 a la pr\u00f3xima administraci\u00f3n municipal un Escuadr\u00f3n de Caballer\u00eda con 36 equinos sanos y bien alimentados, as\u00ed como instalaciones funcionales y alimento suficiente para que los tres primeros meses de 2019 esta agrupaci\u00f3n pueda trabajar sin preocuparse por la nutrici\u00f3n de sus animales.<\/p>\n","protected":false},"author":3,"featured_media":408563,"comment_status":"open","ping_status":"open","sticky":false,"template":"","format":"standard","meta":{"_monsterinsights_skip_tracking":false,"_monsterinsights_sitenote_active":false,"_monsterinsights_sitenote_note":"","_monsterinsights_sitenote_category":0,"footnotes":""},"categories":[35155],"tags":[1304,72011,72792,970],"class_list":["post-408491","post","type-post","status-publish","format-standard","has-post-thumbnail","hentry","category-estado-de-mexico-estado-de-mexico","tag-administracion","tag-caballos","tag-estado-de-mexcio","tag-naucalpan"],"_links":{"self":[{"href":"https:\/\/www.diarioimagen.net\/index.php?rest_route=\/wp\/v2\/posts\/408491","targetHints":{"allow":["GET"]}}],"collection":[{"href":"https:\/\/www.diarioimagen.net\/index.php?rest_route=\/wp\/v2\/posts"}],"about":[{"href":"https:\/\/www.diarioimagen.net\/index.php?rest_route=\/wp\/v2\/types\/post"}],"author":[{"embeddable":true,"href":"https:\/\/www.diarioimagen.net\/index.php?rest_route=\/wp\/v2\/users\/3"}],"replies":[{"embeddable":true,"href":"https:\/\/www.diarioimagen.net\/index.php?rest_route=%2Fwp%2Fv2%2Fcomments&post=408491"}],"version-history":[{"count":0,"href":"https:\/\/www.diarioimagen.net\/index.php?rest_route=\/wp\/v2\/posts\/408491\/revisions"}],"wp:featuredmedia":[{"embeddable":true,"href":"https:\/\/www.diarioimagen.net\/index.php?rest_route=\/wp\/v2\/media\/408563"}],"wp:attachment":[{"href":"https:\/\/www.diarioimagen.net\/index.php?rest_route=%2Fwp%2Fv2%2Fmedia&parent=408491"}],"wp:term":[{"taxonomy":"category","embeddable":true,"href":"https:\/\/www.diarioimagen.net\/index.php?rest_route=%2Fwp%2Fv2%2Fcategories&post=408491"},{"taxonomy":"post_tag","embeddable":true,"href":"https:\/\/www.diarioimagen.net\/index.php?rest_route=%2Fwp%2Fv2%2Ftags&post=408491"}],"curies":[{"name":"wp","href":"https:\/\/api.w.org\/{rel}","templated":true}]}}