{"id":408497,"date":"2018-12-20T00:09:45","date_gmt":"2018-12-20T06:09:45","guid":{"rendered":"https:\/\/www.diarioimagen.net\/?p=408497"},"modified":"2018-12-20T04:57:46","modified_gmt":"2018-12-20T10:57:46","slug":"operativos-mochila-segura-en-huixquilucan-son-un-exito","status":"publish","type":"post","link":"https:\/\/www.diarioimagen.net\/?p=408497","title":{"rendered":"Operativos \u201cMochila Segura\u201d en Huixquilucan son un \u00e9xito"},"content":{"rendered":"<ul>\n<li><strong><em>Se\u00f1ala el defensor de los Derechos Humanos<\/em><\/strong><\/li>\n<\/ul>\n<p>&nbsp;<\/p>\n<div id=\"attachment_408575\" style=\"width: 470px\" class=\"wp-caption aligncenter\"><a href=\"https:\/\/www.diarioimagen.net\/?attachment_id=408575\" rel=\"attachment wp-att-408575\"><img loading=\"lazy\" decoding=\"async\" aria-describedby=\"caption-attachment-408575\" class=\"size-large wp-image-408575\" src=\"https:\/\/www.diarioimagen.net\/wp-content\/uploads\/2018\/12\/HUIXQUILUCAN-20-460x259.jpg\" alt=\"\" width=\"460\" height=\"259\" srcset=\"https:\/\/www.diarioimagen.net\/wp-content\/uploads\/2018\/12\/HUIXQUILUCAN-20-460x259.jpg 460w, https:\/\/www.diarioimagen.net\/wp-content\/uploads\/2018\/12\/HUIXQUILUCAN-20-240x135.jpg 240w, https:\/\/www.diarioimagen.net\/wp-content\/uploads\/2018\/12\/HUIXQUILUCAN-20-235x132.jpg 235w, https:\/\/www.diarioimagen.net\/wp-content\/uploads\/2018\/12\/HUIXQUILUCAN-20-202x114.jpg 202w, https:\/\/www.diarioimagen.net\/wp-content\/uploads\/2018\/12\/HUIXQUILUCAN-20-350x196.jpg 350w, https:\/\/www.diarioimagen.net\/wp-content\/uploads\/2018\/12\/HUIXQUILUCAN-20-220x123.jpg 220w, https:\/\/www.diarioimagen.net\/wp-content\/uploads\/2018\/12\/HUIXQUILUCAN-20-237x132.jpg 237w, https:\/\/www.diarioimagen.net\/wp-content\/uploads\/2018\/12\/HUIXQUILUCAN-20.jpg 480w\" sizes=\"auto, (max-width: 460px) 100vw, 460px\" \/><\/a><p id=\"caption-attachment-408575\" class=\"wp-caption-text\">Los padres de familia son quienes motivan la realizaci\u00f3n del operativo, ya que son ellos los que presentan la solicitud a la escuela y son parte de quienes revisan las mochilas.<\/p><\/div>\n<p>&nbsp;<\/p>\n<p><strong>Huixquilucan, Estado de M\u00e9xico<\/strong>.- Con el respaldo de los padres de familia, personal docente y con estricto apego a la ley, los operativos \u201cMochila Segura\u201d, han sido todo un \u00e9xito en Huixquilucan, asegur\u00f3 el defensor municipal de los Derechos Humanos, Mario Benito Fierro.<\/p>\n<p>Record\u00f3, que estas revisiones implementadas a nivel nacional, se dieron tras los hechos violentos en una escuela del norte del pa\u00eds. Por ello, todos los estados de la Rep\u00fablica realizan los protocolos correspondientes para llevarlos a cabo.<\/p>\n<p>Explic\u00f3 que en el caso de Huixquilucan, se recibi\u00f3 el protocolo por parte de la Comisi\u00f3n de Derechos Humanos del Estado de M\u00e9xico (CODHEM), y de ah\u00ed se inici\u00f3 la aplicaci\u00f3n del operativo \u201cMochila Segura\u201d en el municipio, adem\u00e1s de que es una instrucci\u00f3n del presidente Enrique Vargas del Villar.<\/p>\n<p>Detall\u00f3 que de manera coordinada, la Direcci\u00f3n de Seguridad P\u00fablica y Vialidad, la Defensor\u00eda Municipal de Derechos Humanos, personal docente y padres de familia, son los encargados de llevar a cabo las revisiones.<\/p>\n<p>Benito Fierro asegur\u00f3, que en las escuelas donde se detect\u00f3 presencia de sustancias y objetos prohibidos, se reforzaron las pl\u00e1ticas, talleres y conferencias, en las que tambi\u00e9n participan distintas instancias municipales, que permitieron dar mayor informaci\u00f3n a los j\u00f3venes y eviten estas pr\u00e1cticas.<\/p>\n<p>Inform\u00f3 que los padres de familia son quienes motivan la realizaci\u00f3n del operativo, ya que son ellos quienes presentan la solicitud a la escuela y una vez registrada, se acude a la instituci\u00f3n educativa para realizar una capacitaci\u00f3n y poder as\u00ed realizar el operativo \u201cMochila Segura\u201d.<\/p>\n","protected":false},"excerpt":{"rendered":"<p>Con el respaldo de los padres de familia, personal docente y con estricto apego a la ley, los operativos \u201cMochila Segura\u201d, han sido todo un \u00e9xito en Huixquilucan, asegur\u00f3 el defensor municipal de los Derechos Humanos, Mario Benito Fierro.<\/p>\n","protected":false},"author":3,"featured_media":408575,"comment_status":"open","ping_status":"open","sticky":false,"template":"","format":"standard","meta":{"_monsterinsights_skip_tracking":false,"_monsterinsights_sitenote_active":false,"_monsterinsights_sitenote_note":"","_monsterinsights_sitenote_category":0,"footnotes":""},"categories":[35155],"tags":[43675,81352,1097,50539],"class_list":["post-408497","post","type-post","status-publish","format-standard","has-post-thumbnail","hentry","category-estado-de-mexico-estado-de-mexico","tag-estado-de-mexico","tag-exiito","tag-huixquilucan","tag-mochila-segura"],"_links":{"self":[{"href":"https:\/\/www.diarioimagen.net\/index.php?rest_route=\/wp\/v2\/posts\/408497","targetHints":{"allow":["GET"]}}],"collection":[{"href":"https:\/\/www.diarioimagen.net\/index.php?rest_route=\/wp\/v2\/posts"}],"about":[{"href":"https:\/\/www.diarioimagen.net\/index.php?rest_route=\/wp\/v2\/types\/post"}],"author":[{"embeddable":true,"href":"https:\/\/www.diarioimagen.net\/index.php?rest_route=\/wp\/v2\/users\/3"}],"replies":[{"embeddable":true,"href":"https:\/\/www.diarioimagen.net\/index.php?rest_route=%2Fwp%2Fv2%2Fcomments&post=408497"}],"version-history":[{"count":0,"href":"https:\/\/www.diarioimagen.net\/index.php?rest_route=\/wp\/v2\/posts\/408497\/revisions"}],"wp:featuredmedia":[{"embeddable":true,"href":"https:\/\/www.diarioimagen.net\/index.php?rest_route=\/wp\/v2\/media\/408575"}],"wp:attachment":[{"href":"https:\/\/www.diarioimagen.net\/index.php?rest_route=%2Fwp%2Fv2%2Fmedia&parent=408497"}],"wp:term":[{"taxonomy":"category","embeddable":true,"href":"https:\/\/www.diarioimagen.net\/index.php?rest_route=%2Fwp%2Fv2%2Fcategories&post=408497"},{"taxonomy":"post_tag","embeddable":true,"href":"https:\/\/www.diarioimagen.net\/index.php?rest_route=%2Fwp%2Fv2%2Ftags&post=408497"}],"curies":[{"name":"wp","href":"https:\/\/api.w.org\/{rel}","templated":true}]}}