{"id":408633,"date":"2018-12-21T00:04:04","date_gmt":"2018-12-21T06:04:04","guid":{"rendered":"https:\/\/www.diarioimagen.net\/?p=408633"},"modified":"2019-01-01T23:10:29","modified_gmt":"2019-01-02T05:10:29","slug":"banxico-sube-a-8-25-por-ciento-tasa-de-interes","status":"publish","type":"post","link":"https:\/\/www.diarioimagen.net\/?p=408633","title":{"rendered":"Banxico sube a 8.25 por ciento tasa de inter\u00e9s"},"content":{"rendered":"<ul>\n<li><strong><em>En l\u00ednea con la decisi\u00f3n que tom\u00f3 la Reserva Federal<\/em> <\/strong><\/li>\n<\/ul>\n<p>&nbsp;<\/p>\n<div id=\"attachment_408634\" style=\"width: 470px\" class=\"wp-caption aligncenter\"><img loading=\"lazy\" decoding=\"async\" aria-describedby=\"caption-attachment-408634\" class=\"size-large wp-image-408634\" src=\"https:\/\/www.diarioimagen.net\/wp-content\/uploads\/2018\/12\/BANXICO21-portal-460x268.jpg\" alt=\"\" width=\"460\" height=\"268\" srcset=\"https:\/\/www.diarioimagen.net\/wp-content\/uploads\/2018\/12\/BANXICO21-portal-460x268.jpg 460w, https:\/\/www.diarioimagen.net\/wp-content\/uploads\/2018\/12\/BANXICO21-portal-240x140.jpg 240w, https:\/\/www.diarioimagen.net\/wp-content\/uploads\/2018\/12\/BANXICO21-portal.jpg 480w\" sizes=\"auto, (max-width: 460px) 100vw, 460px\" \/><p id=\"caption-attachment-408634\" class=\"wp-caption-text\">Banxico decidi\u00f3 aumentar en 25 puntos base el objetivo para la tasa de inter\u00e9s interbancaria a un d\u00eda.<\/p><\/div>\n<p>&nbsp;<\/p>\n<p>La Junta de Gobierno del Banco de M\u00e9xico (Banxico) decidi\u00f3 por unanimidad aumentar en 25 puntos base el objetivo para la tasa de inter\u00e9s interbancaria a un d\u00eda, a un nivel de 8.25 por ciento, su segunda alza consecutiva.<\/p>\n<p>En el sexto anuncio de pol\u00edtica monetaria del a\u00f1o, y en l\u00ednea con la decisi\u00f3n que tom\u00f3 la v\u00edspera Reserva Federal de Estados Unidos, el banco central decidi\u00f3 ubicar la tasa de referencia 8.25 por ciento, nivel no visto desde mediados de 2008, cuando estall\u00f3 la crisis global m\u00e1s reciente.<\/p>\n<p>Esto, explic\u00f3, considerando que se enfrenta un entorno de marcada incertidumbre, en el que el balance de riesgos para la inflaci\u00f3n muestra un sesgo al alza y se han materializado algunos que la pudieran afectar, tanto en una perspectiva de corto como de largo plazo.<\/p>\n","protected":false},"excerpt":{"rendered":"<p>La Junta de Gobierno del Banco de M\u00e9xico (Banxico) decidi\u00f3 por unanimidad aumentar en 25 puntos base el objetivo para la tasa de inter\u00e9s interbancaria a un d\u00eda, a un nivel de 8.25 por ciento, su segunda alza consecutiva.<\/p>\n","protected":false},"author":5,"featured_media":408634,"comment_status":"open","ping_status":"open","sticky":false,"template":"","format":"standard","meta":{"_monsterinsights_skip_tracking":false,"_monsterinsights_sitenote_active":false,"_monsterinsights_sitenote_note":"","_monsterinsights_sitenote_category":0,"footnotes":""},"categories":[8],"tags":[81367,1519,43678,45770],"class_list":["post-408633","post","type-post","status-publish","format-standard","has-post-thumbnail","hentry","category-finanzas","tag-8-25-por-ciento-tasa-de-interes","tag-banxico","tag-finanzas","tag-reserva-federal"],"_links":{"self":[{"href":"https:\/\/www.diarioimagen.net\/index.php?rest_route=\/wp\/v2\/posts\/408633","targetHints":{"allow":["GET"]}}],"collection":[{"href":"https:\/\/www.diarioimagen.net\/index.php?rest_route=\/wp\/v2\/posts"}],"about":[{"href":"https:\/\/www.diarioimagen.net\/index.php?rest_route=\/wp\/v2\/types\/post"}],"author":[{"embeddable":true,"href":"https:\/\/www.diarioimagen.net\/index.php?rest_route=\/wp\/v2\/users\/5"}],"replies":[{"embeddable":true,"href":"https:\/\/www.diarioimagen.net\/index.php?rest_route=%2Fwp%2Fv2%2Fcomments&post=408633"}],"version-history":[{"count":0,"href":"https:\/\/www.diarioimagen.net\/index.php?rest_route=\/wp\/v2\/posts\/408633\/revisions"}],"wp:featuredmedia":[{"embeddable":true,"href":"https:\/\/www.diarioimagen.net\/index.php?rest_route=\/wp\/v2\/media\/408634"}],"wp:attachment":[{"href":"https:\/\/www.diarioimagen.net\/index.php?rest_route=%2Fwp%2Fv2%2Fmedia&parent=408633"}],"wp:term":[{"taxonomy":"category","embeddable":true,"href":"https:\/\/www.diarioimagen.net\/index.php?rest_route=%2Fwp%2Fv2%2Fcategories&post=408633"},{"taxonomy":"post_tag","embeddable":true,"href":"https:\/\/www.diarioimagen.net\/index.php?rest_route=%2Fwp%2Fv2%2Ftags&post=408633"}],"curies":[{"name":"wp","href":"https:\/\/api.w.org\/{rel}","templated":true}]}}