{"id":408741,"date":"2018-12-21T00:06:06","date_gmt":"2018-12-21T06:06:06","guid":{"rendered":"https:\/\/www.diarioimagen.net\/?p=408741"},"modified":"2018-12-21T06:11:19","modified_gmt":"2018-12-21T12:11:19","slug":"toman-protesta-al-nuevo-alcalde-de-nicolas-romero","status":"publish","type":"post","link":"https:\/\/www.diarioimagen.net\/?p=408741","title":{"rendered":"Toman protesta al nuevo alcalde de Nicol\u00e1s Romero"},"content":{"rendered":"<p><a href=\"https:\/\/www.diarioimagen.net\/?attachment_id=408821\" rel=\"attachment wp-att-408821\"><img loading=\"lazy\" decoding=\"async\" class=\"aligncenter size-large wp-image-408821\" src=\"https:\/\/www.diarioimagen.net\/wp-content\/uploads\/2018\/12\/NICOLAS-21-460x259.jpg\" alt=\"\" width=\"460\" height=\"259\" srcset=\"https:\/\/www.diarioimagen.net\/wp-content\/uploads\/2018\/12\/NICOLAS-21-460x259.jpg 460w, https:\/\/www.diarioimagen.net\/wp-content\/uploads\/2018\/12\/NICOLAS-21-240x135.jpg 240w, https:\/\/www.diarioimagen.net\/wp-content\/uploads\/2018\/12\/NICOLAS-21-235x132.jpg 235w, https:\/\/www.diarioimagen.net\/wp-content\/uploads\/2018\/12\/NICOLAS-21-202x114.jpg 202w, https:\/\/www.diarioimagen.net\/wp-content\/uploads\/2018\/12\/NICOLAS-21-350x196.jpg 350w, https:\/\/www.diarioimagen.net\/wp-content\/uploads\/2018\/12\/NICOLAS-21-220x123.jpg 220w, https:\/\/www.diarioimagen.net\/wp-content\/uploads\/2018\/12\/NICOLAS-21-237x132.jpg 237w, https:\/\/www.diarioimagen.net\/wp-content\/uploads\/2018\/12\/NICOLAS-21.jpg 480w\" sizes=\"auto, (max-width: 460px) 100vw, 460px\" \/><\/a><\/p>\n<p>&nbsp;<\/p>\n<p><strong>Nicol\u00e1s Romero, Estado de M\u00e9xico<\/strong><strong>.-<\/strong> Armando Navarrete L\u00f3pez, alcalde electo de este municipio, rindi\u00f3 protesta ayer.<\/p>\n<p>Al acto, asisti\u00f3 Enrique Jacob Rocha, representante personal del gobernador Alfredo Del Mazo Maza, as\u00ed como la alcaldesa saliente, Angelina Carre\u00f1o Mijares, quien dese\u00f3 \u00e9xito en la nueva gesti\u00f3n p\u00fablica 2019-2021 al edil entrante.<\/p>\n","protected":false},"excerpt":{"rendered":"<p>Armando Navarrete L\u00f3pez, alcalde electo de este municipio, rindi\u00f3 protesta ayer.<\/p>\n","protected":false},"author":3,"featured_media":408821,"comment_status":"open","ping_status":"open","sticky":false,"template":"","format":"standard","meta":{"_monsterinsights_skip_tracking":false,"_monsterinsights_sitenote_active":false,"_monsterinsights_sitenote_note":"","_monsterinsights_sitenote_category":0,"footnotes":""},"categories":[35155],"tags":[81431,43675,752],"class_list":["post-408741","post","type-post","status-publish","format-standard","has-post-thumbnail","hentry","category-estado-de-mexico-estado-de-mexico","tag-armando-navarrete-lopez","tag-estado-de-mexico","tag-nicolas-romero"],"_links":{"self":[{"href":"https:\/\/www.diarioimagen.net\/index.php?rest_route=\/wp\/v2\/posts\/408741","targetHints":{"allow":["GET"]}}],"collection":[{"href":"https:\/\/www.diarioimagen.net\/index.php?rest_route=\/wp\/v2\/posts"}],"about":[{"href":"https:\/\/www.diarioimagen.net\/index.php?rest_route=\/wp\/v2\/types\/post"}],"author":[{"embeddable":true,"href":"https:\/\/www.diarioimagen.net\/index.php?rest_route=\/wp\/v2\/users\/3"}],"replies":[{"embeddable":true,"href":"https:\/\/www.diarioimagen.net\/index.php?rest_route=%2Fwp%2Fv2%2Fcomments&post=408741"}],"version-history":[{"count":0,"href":"https:\/\/www.diarioimagen.net\/index.php?rest_route=\/wp\/v2\/posts\/408741\/revisions"}],"wp:featuredmedia":[{"embeddable":true,"href":"https:\/\/www.diarioimagen.net\/index.php?rest_route=\/wp\/v2\/media\/408821"}],"wp:attachment":[{"href":"https:\/\/www.diarioimagen.net\/index.php?rest_route=%2Fwp%2Fv2%2Fmedia&parent=408741"}],"wp:term":[{"taxonomy":"category","embeddable":true,"href":"https:\/\/www.diarioimagen.net\/index.php?rest_route=%2Fwp%2Fv2%2Fcategories&post=408741"},{"taxonomy":"post_tag","embeddable":true,"href":"https:\/\/www.diarioimagen.net\/index.php?rest_route=%2Fwp%2Fv2%2Ftags&post=408741"}],"curies":[{"name":"wp","href":"https:\/\/api.w.org\/{rel}","templated":true}]}}