{"id":408787,"date":"2018-12-21T00:02:02","date_gmt":"2018-12-21T06:02:02","guid":{"rendered":"https:\/\/www.diarioimagen.net\/?p=408787"},"modified":"2018-12-21T05:56:32","modified_gmt":"2018-12-21T11:56:32","slug":"revela-inegi-calendario-2019-de-informacion-estadistica","status":"publish","type":"post","link":"https:\/\/www.diarioimagen.net\/?p=408787","title":{"rendered":"Revela INEGI calendario 2019 de informaci\u00f3n estad\u00edstica"},"content":{"rendered":"<h2>\u201cHora 14\u201d<\/h2>\n<h5>Mauricio Conde Olivares<\/h5>\n<p>&nbsp;<\/p>\n<p>Con la finalidad de garantizar el bienestar de los viajeros durante las vacaciones de invierno 2018, la Secretar\u00eda de Comunicaciones y Transportes (SCT) implement\u00f3 acciones para reforzar las medidas de seguridad y de apoyo a los turistas en las diferentes v\u00edas de comunicaci\u00f3n del pa\u00eds.<\/p>\n<p>La Direcci\u00f3n General de Protecci\u00f3n y Medicina Preventiva en el Transporte (DGPyMPT) supervisa que los conductores del autotransporte federal que circulan por las carreteras se encuentren en \u00f3ptimas condiciones de salud.<\/p>\n<p>Un total de 230 m\u00e9dicos de la DGPyMPT, distribuidos en 127 m\u00f3dulos y apoyados con 23 unidades m\u00e9dicas m\u00f3viles, aplican un examen m\u00e9dico-toxicol\u00f3gico para detectar ingesta de alcohol, enervantes, indisposici\u00f3n por cansancio o padecimientos que afecten el estado de alerta de los operadores de transporte federal, de carga o pasaje.<\/p>\n<p>La SCT tambi\u00e9n puso en vigor descuentos en autotransporte y ferrocarril en servicio de pasajeros a estudiantes y maestros del 50 y 25 por ciento, respectivamente. Para hacer efectiva la disminuci\u00f3n tendr\u00e1n que acreditar su car\u00e1cter, mediante credencial correspondiente en vigor.<\/p>\n<p>En el Aeropuerto Internacional de la Ciudad de M\u00e9xico, la Direcci\u00f3n General de Aeron\u00e1utica Civil (DGAC), la Polic\u00eda Federal y autoridades locales, supervisan las salas de espera, pasillos de llegada y salida, as\u00ed como vialidades al interior de sus instalaciones.<\/p>\n<p>De igual forma se mantiene el programa Rampa, mediante el cual se implementan revisiones al personal de las l\u00edneas a\u00e9reas, mediante aplicaci\u00f3n de ex\u00e1menes toxicol\u00f3gicos a pilotos aviadores, sobrecargos, controladores de tr\u00e1nsito a\u00e9reo y personal de tierra, en los principales aeropuertos del pa\u00eds.<\/p>\n<p>Algunas recomendaciones que deben tomar en cuenta los vacacionistas son: usar el cintur\u00f3n de seguridad, evitar el uso del celular y no consumir drogas o alcohol, esto les ayudar\u00e1 a prevenir accidentes.<\/p>\n<p>Con estas medidas de seguridad, la dependencia busca garantizar unas vacaciones seguras y un oportuno retorno de los paseantes durante esta temporada invernal.<\/p>\n<p>Tambi\u00e9n la SCT inform\u00f3 que su organismo descentralizado, Agencia Espacial Mexicana (AEM), particip\u00f3 en el Foro de Alto Nivel de la \u201cOrganizaci\u00f3n para la Cooperaci\u00f3n Espacial Asia-Pac\u00edfico\u201d (APSCO, por sus siglas en ingl\u00e9s) celebrado en Beijing, China, con motivo del 10\u00b0 Aniversario de APSCO, y su 9\u00b0 Simposio Internacional.<\/p>\n<p>\u201cGracias al talento demostrado por nuestra juventud, APSCO aprecia perspectivas favorables para M\u00e9xico en la materia espacial, por lo que nuestro pa\u00eds ahora ha sido invitado a integrarse a estos foros de aprovechamiento del espacio y desarrollo cient\u00edfico conjunto, creando nuevas posibilidades para colaborar en diferentes \u00e1reas del sector aeroespacial\u201d.<\/p>\n<p>As\u00ed lo inform\u00f3 el Director General de la AEM, doctor Javier Mendieta Jim\u00e9nez, quien agradeci\u00f3 la invitaci\u00f3n del Secretario General de APSCO,\u00a0 Li Xinjun, para que en su d\u00e9cimo aniversario nuestro pa\u00eds fuera tomado en cuenta para formar parte de sus actividades de cooperaci\u00f3n internacional Asia-Pac\u00edfico \u201cComunidad de Futuro Compartido a trav\u00e9s de la Cooperaci\u00f3n Espacial\u201d.<\/p>\n<p>Participaron representantes de 24 pa\u00edses: Alemania, Argelia, Bangladesh, China, Colombia, Egipto, Emiratos \u00c1rabes Unidos, Francia, Indonesia, Ir\u00e1n, Jap\u00f3n, Laos, M\u00e9xico, Mongolia, Om\u00e1n, Pakist\u00e1n, Per\u00fa, Qatar, Singapur, Sri Lanka, Tailandia, Tayikist\u00e1n, Turkmenist\u00e1n, Turqu\u00eda, y organizaciones del sector espacial, como la Oficina de las Naciones Unidas para Asuntos del Espacio Ultraterrestre (UNOOSA, por sus siglas en ingl\u00e9s) de la ONU.<\/p>\n<p>All\u00ed, detall\u00f3, se realiz\u00f3 una ceremonia de firma de diversos instrumentos donde participaron los delegados de los estados miembros y M\u00e9xico, ya con la representante de AEM Teresa Castillo Olascoaga como Miembro Observador, en una mesa redonda con jefes y representantes de las agencias espaciales de China, Alemania, Per\u00fa, Pakist\u00e1n y Turqu\u00eda, y el Secretario General de APSCO.<\/p>\n<p>\u201cImpulsaremos la colaboraci\u00f3n, transferencia de conocimiento, tecnolog\u00eda, y generaci\u00f3n de nuevo conocimiento con APSCO, a fin de comenzar a participar en proyectos espaciales Asia-Pac\u00edfico con naciones emergentes, para impulsar m\u00e1s ciencia, tecnolog\u00eda, ingenier\u00eda y matem\u00e1ticas (STEM), en beneficio de la construcci\u00f3n del futuro de nuestra juventud mexicana\u201d, concluy\u00f3 el cient\u00edfico.<\/p>\n<p>Para quienes dan seguimiento a la informaci\u00f3n financiera, les participo queel INEGI dio a conocer el Calendario de Difusi\u00f3n de Informaci\u00f3n Estad\u00edstica, Geogr\u00e1fica y de Inter\u00e9s Nacional 2019.<\/p>\n<p>Las novedades para esta edici\u00f3n son que por primera vez se generar\u00e1 informaci\u00f3n preliminar trimestral sobre Exportaciones por Entidad Federativa. El 29 de marzo se dar\u00e1n a conocer los resultados del cuarto trimestre de 2018 y el 28 de junio, los del primer trimestre de 2019.<\/p>\n<p>Tambi\u00e9n por primera vez se publicar\u00e1 de manera quincenal la informaci\u00f3n de Estaciones de la Red Geod\u00e9sica Nacional Pasiva para mejorar la oportunidad de difusi\u00f3n. Actualmente, esta informaci\u00f3n se actualiza mensualmente.<\/p>\n<p>De los programas contemplados se destaca que se incorpora la fecha de publicaci\u00f3n de los resultados preliminares del Valor Agregado Bruto del Comercio Electr\u00f3nico 2017 (12 de febrero).<\/p>\n<p>Contiene las fechas de publicaci\u00f3n de la Encuesta de Viajeros Internacionales, establecidas dentro de los primeros 10 d\u00edas de cada mes.<\/p>\n<p>Incluye fechas de publicaci\u00f3n del Registro Administrativo de la Industria Automotriz de Veh\u00edculos Ligeros (Datos Primarios), diferenciadas por: Avance de ventas al p\u00fablico de veh\u00edculos ligeros. Reporte del registro de la industria automotriz de veh\u00edculos ligeros y Reporte de venta al p\u00fablico de veh\u00edculos h\u00edbridos y el\u00e9ctricos.<\/p>\n<p>Se incorpora una nota para indicar que, a partir del 2 de mayo, las encuestas econ\u00f3micas mensuales se difundir\u00e1n con A\u00f1o base 2013.<\/p>\n<p>Para alinearla con la publicaci\u00f3n de la Balanza de Pagos (a cargo del Banco de M\u00e9xico), se reprograma la fecha de publicaci\u00f3n de la Balanza Comercial de Mercanc\u00edas de M\u00e9xico (cifras revisadas) de noviembre como mes de referencia. La fecha original era 9 de enero y se difiere para el 11 de enero.<\/p>\n<p>Tambi\u00e9n, por la misma raz\u00f3n, se modifican las fechas de publicaci\u00f3n de la Balanza Comercial de Mercanc\u00edas de M\u00e9xico (cifras oportunas). Del 27 al 24 de mayo, para los resultados con abril como mes de referencia y del 26 al 27 de junio para los resultados de mayo como mes de referencia.<\/p>\n<p>Por \u00faltimo, atendiendo mejores pr\u00e1cticas internacionales y con el objetivo de mejorar y modernizar la metodolog\u00eda y el proceso de generaci\u00f3n de la informaci\u00f3n, se dejan fuera del calendario 2019 las fechas de publicaci\u00f3n mensual de la serie IV del Conjunto de Datos Vectoriales de Informaci\u00f3n Topogr\u00e1fica, escala 1:50 000.<\/p>\n<p>De acuerdo con la Normatividad vigente, se realizar\u00e1n las consultas p\u00fablicas conducentes para obtener una serie del Conjunto de Datos Vectoriales de Informaci\u00f3n Topogr\u00e1fica que satisfaga las necesidades de los usuarios.<\/p>\n<p>Adicionalmente se busca una mayor pertinencia en la informaci\u00f3n presentada, as\u00ed como la mejor calidad permitida por el desarrollo tecnol\u00f3gico y metodol\u00f3gico en la materia.<\/p>\n<p>Como organismo aut\u00f3nomo, con independencia t\u00e9cnica y profesional, el INEGI reafirma su apego a los est\u00e1ndares estad\u00edsticos internacionales y a los principios de transparencia, y refrenda su compromiso de suministrar a la sociedad y al Estado, informaci\u00f3n de calidad, pertinente, veraz y oportuna; empero lo anterior ser\u00e1 motivo de posterior an\u00e1lisis en otra entrega de <strong><em>Hora 14<\/em><\/strong>.<\/p>\n<p><em><a href=\"mailto:%20mauricio_conde@msn.com\" target=\"_blank\" rel=\"noopener\">mauricioconde59@outlook.com<\/a><\/em><br \/>\n<em><a href=\"https:\/\/twitter.com\/mauconde007\" target=\"_blank\" rel=\"noopener\">@mauconde007<\/a> <\/em><br \/>\n<em><a href=\"https:\/\/mauriciocondeblog.wordpress.com\" target=\"_blank\" rel=\"noopener\">https:\/\/mauriciocondeblog.wordpress.com<\/a><\/em><\/p>\n","protected":false},"excerpt":{"rendered":"<p><span style=\"color: #005497;\"><strong>Mauricio Conde Olivares<\/strong><\/span><\/p>\n","protected":false},"author":3,"featured_media":0,"comment_status":"open","ping_status":"open","sticky":false,"template":"","format":"standard","meta":{"_monsterinsights_skip_tracking":false,"_monsterinsights_sitenote_active":false,"_monsterinsights_sitenote_note":"","_monsterinsights_sitenote_category":0,"footnotes":""},"categories":[35889],"tags":[43712,43674,44860],"class_list":["post-408787","post","type-post","status-publish","format-standard","hentry","category-mauricio-conde-olivares","tag-mauricio-conde-olivares","tag-opinion","tag-hora-14"],"_links":{"self":[{"href":"https:\/\/www.diarioimagen.net\/index.php?rest_route=\/wp\/v2\/posts\/408787","targetHints":{"allow":["GET"]}}],"collection":[{"href":"https:\/\/www.diarioimagen.net\/index.php?rest_route=\/wp\/v2\/posts"}],"about":[{"href":"https:\/\/www.diarioimagen.net\/index.php?rest_route=\/wp\/v2\/types\/post"}],"author":[{"embeddable":true,"href":"https:\/\/www.diarioimagen.net\/index.php?rest_route=\/wp\/v2\/users\/3"}],"replies":[{"embeddable":true,"href":"https:\/\/www.diarioimagen.net\/index.php?rest_route=%2Fwp%2Fv2%2Fcomments&post=408787"}],"version-history":[{"count":0,"href":"https:\/\/www.diarioimagen.net\/index.php?rest_route=\/wp\/v2\/posts\/408787\/revisions"}],"wp:attachment":[{"href":"https:\/\/www.diarioimagen.net\/index.php?rest_route=%2Fwp%2Fv2%2Fmedia&parent=408787"}],"wp:term":[{"taxonomy":"category","embeddable":true,"href":"https:\/\/www.diarioimagen.net\/index.php?rest_route=%2Fwp%2Fv2%2Fcategories&post=408787"},{"taxonomy":"post_tag","embeddable":true,"href":"https:\/\/www.diarioimagen.net\/index.php?rest_route=%2Fwp%2Fv2%2Ftags&post=408787"}],"curies":[{"name":"wp","href":"https:\/\/api.w.org\/{rel}","templated":true}]}}