{"id":408897,"date":"2019-01-02T00:14:42","date_gmt":"2019-01-02T06:14:42","guid":{"rendered":"https:\/\/www.diarioimagen.net\/?p=408897"},"modified":"2019-01-02T01:28:32","modified_gmt":"2019-01-02T07:28:32","slug":"asesina-al-alcalde-de-tlaxiaco-oaxaca","status":"publish","type":"post","link":"https:\/\/www.diarioimagen.net\/?p=408897","title":{"rendered":"Asesinan al nuevo alcalde de Tlaxiaco, Oaxaca"},"content":{"rendered":"<ul>\n<li><strong><em>Despu\u00e9s de tomar posesi\u00f3n<\/em><\/strong><\/li>\n<\/ul>\n<p>&nbsp;<\/p>\n<div id=\"attachment_408898\" style=\"width: 470px\" class=\"wp-caption aligncenter\"><img loading=\"lazy\" decoding=\"async\" aria-describedby=\"caption-attachment-408898\" class=\"wp-image-408898 size-large\" src=\"https:\/\/www.diarioimagen.net\/wp-content\/uploads\/2019\/01\/TLAXIACO2-portal-460x268.jpg\" alt=\"\" width=\"460\" height=\"268\" srcset=\"https:\/\/www.diarioimagen.net\/wp-content\/uploads\/2019\/01\/TLAXIACO2-portal-460x268.jpg 460w, https:\/\/www.diarioimagen.net\/wp-content\/uploads\/2019\/01\/TLAXIACO2-portal-240x140.jpg 240w, https:\/\/www.diarioimagen.net\/wp-content\/uploads\/2019\/01\/TLAXIACO2-portal.jpg 480w\" sizes=\"auto, (max-width: 460px) 100vw, 460px\" \/><p id=\"caption-attachment-408898\" class=\"wp-caption-text\">Alejandro Aparicio Santiago muri\u00f3 v\u00edctima de un atentado, ocurrido horas despu\u00e9s de tomar protesta en el cargo.<\/p><\/div>\n<p>&nbsp;<\/p>\n<p>El gobernador Alejandro Murat Hinojosa conden\u00f3 el asesinato del alcalde de Tlaxiaco, Alejandro Aparicio Santiago, ocurrido ayer y solicit\u00f3 a la Fiscal\u00eda General del Estado una exhaustiva investigaci\u00f3n.<\/p>\n<p>En un comunicado, el mandatario estatal dijo que esta instancia le inform\u00f3 que el probable responsable de este crimen ya est\u00e1 detenido.<\/p>\n<p>Conden\u00f3 los hechos de violencia que originaron este suceso, expres\u00f3 su solidaridad con quienes resultaron lesionados y reiter\u00f3 la disposici\u00f3n de su gobierno para coadyuvar a la Fiscal\u00eda General del Estado para el pronto esclarecimiento de este crimen.<\/p>\n<p>Lo hechos ocurrieron ayer 1 de enero despu\u00e9s de la toma de protesta cuando el edil, junto con el s\u00edndico Perfecto Hern\u00e1ndez y la regidora Cleotilde Santos se dirig\u00edan a oficinas del Ayuntamiento y fueron lesionados por arma de fuego.<\/p>\n<p>Aun cuando fueron trasladados a los servicios hospitalarios en Tlaxiaco, el mun\u00edcipe falleci\u00f3 por la gravedad de las heridas.<\/p>\n","protected":false},"excerpt":{"rendered":"<p>El gobernador Alejandro Murat Hinojosa conden\u00f3 el asesinato del alcalde de Tlaxiaco, Alejandro Aparicio Santiago, ocurrido ayer y solicit\u00f3 a la Fiscal\u00eda General del Estado una exhaustiva investigaci\u00f3n.<\/p>\n","protected":false},"author":5,"featured_media":408898,"comment_status":"open","ping_status":"open","sticky":false,"template":"","format":"standard","meta":{"_monsterinsights_skip_tracking":false,"_monsterinsights_sitenote_active":false,"_monsterinsights_sitenote_note":"","_monsterinsights_sitenote_category":0,"footnotes":""},"categories":[7],"tags":[27737,81445,491,43677,81444],"class_list":["post-408897","post","type-post","status-publish","format-standard","has-post-thumbnail","hentry","category-seguridad","tag-alejandro-murat-hinojosa","tag-asesina-al-alcalde","tag-oaxaca","tag-seguridad","tag-tlaxiaco"],"_links":{"self":[{"href":"https:\/\/www.diarioimagen.net\/index.php?rest_route=\/wp\/v2\/posts\/408897","targetHints":{"allow":["GET"]}}],"collection":[{"href":"https:\/\/www.diarioimagen.net\/index.php?rest_route=\/wp\/v2\/posts"}],"about":[{"href":"https:\/\/www.diarioimagen.net\/index.php?rest_route=\/wp\/v2\/types\/post"}],"author":[{"embeddable":true,"href":"https:\/\/www.diarioimagen.net\/index.php?rest_route=\/wp\/v2\/users\/5"}],"replies":[{"embeddable":true,"href":"https:\/\/www.diarioimagen.net\/index.php?rest_route=%2Fwp%2Fv2%2Fcomments&post=408897"}],"version-history":[{"count":0,"href":"https:\/\/www.diarioimagen.net\/index.php?rest_route=\/wp\/v2\/posts\/408897\/revisions"}],"wp:featuredmedia":[{"embeddable":true,"href":"https:\/\/www.diarioimagen.net\/index.php?rest_route=\/wp\/v2\/media\/408898"}],"wp:attachment":[{"href":"https:\/\/www.diarioimagen.net\/index.php?rest_route=%2Fwp%2Fv2%2Fmedia&parent=408897"}],"wp:term":[{"taxonomy":"category","embeddable":true,"href":"https:\/\/www.diarioimagen.net\/index.php?rest_route=%2Fwp%2Fv2%2Fcategories&post=408897"},{"taxonomy":"post_tag","embeddable":true,"href":"https:\/\/www.diarioimagen.net\/index.php?rest_route=%2Fwp%2Fv2%2Ftags&post=408897"}],"curies":[{"name":"wp","href":"https:\/\/api.w.org\/{rel}","templated":true}]}}