{"id":408951,"date":"2019-01-02T00:01:23","date_gmt":"2019-01-02T06:01:23","guid":{"rendered":"https:\/\/www.diarioimagen.net\/?p=408951"},"modified":"2019-01-02T03:04:51","modified_gmt":"2019-01-02T09:04:51","slug":"la-afeet-presidida-por-yarla-covarrubias-organizo-comida-de-fin-de-ano-con-el-compromiso-de-continuar-comprometida-para-lograr-los-objetivos-de-la-agrupacion","status":"publish","type":"post","link":"https:\/\/www.diarioimagen.net\/?p=408951","title":{"rendered":"La AFEET, presidida por Yarla Covarrubias, organiz\u00f3 comida de fin de a\u00f1o, con el compromiso de continuar comprometida para lograr los objetivos de la agrupaci\u00f3n"},"content":{"rendered":"<h2>De cinco estrellas<\/h2>\n<h5>Victoria Gonz\u00e1lez Prado<\/h5>\n<p>&nbsp;<\/p>\n<p>&nbsp;<\/p>\n<ul>\n<li><em><strong>Ayer entr\u00f3 en vigor en el municipio de Benito Ju\u00e1rez, Quintana Roo, nuevo Impuesto Saneamiento Ambiental, para todo tipo de hospedaje<\/strong><\/em><\/li>\n<li><em><strong>Interjet recibi\u00f3 su octavo avi\u00f3n Airbus A321neo, de la m\u00e1s alta tecnolog\u00eda, con el objetivo de continuar con su estrategia de expansi\u00f3n y modernizaci\u00f3n<\/strong><\/em><\/li>\n<\/ul>\n<p>&nbsp;<\/p>\n<div id=\"attachment_149548\" style=\"width: 430px\" class=\"wp-caption aligncenter\"><a href=\"https:\/\/diarioimagenqroo.mx\/noticias\/?attachment_id=149548\" rel=\"attachment wp-att-149548\"><img loading=\"lazy\" decoding=\"async\" aria-describedby=\"caption-attachment-149548\" class=\"size-large wp-image-149548\" src=\"https:\/\/diarioimagenqroo.mx\/noticias\/wp-content\/uploads\/2019\/01\/turismo-3526-420x236.jpg\" alt=\"\" width=\"420\" height=\"236\" \/><\/a><p id=\"caption-attachment-149548\" class=\"wp-caption-text\">Luego de la toma de protesta de la AFEET nacional.<\/p><\/div>\n<p>A\u00f1os nones, a\u00f1os de dones, reza el dicho y este 2019 deseamos realmente que sea un a\u00f1o de prosperidad, salud y felicidad para todos los lectores de <em>Diario Imagen<\/em>. Hoy iniciamos nuevamente <em>De Cinco Estrellas,<\/em> haciendo un recuento del fin de a\u00f1o y algunas novedades para este reci\u00e9n iniciado 2019. Reitero, para todos, mis mejores deseos<\/p>\n<p><strong>Humberto Hern\u00e1ndez Haddad<\/strong>, subsecretario de Desarrollo y Regulaci\u00f3n de la Secretar\u00eda de Turismo federal, en representaci\u00f3n de <strong>Miguel Torruco Marqu\u00e9s<\/strong>, titular de la dependencia, tom\u00f3 protesta a la nueva mesa directiva de la Asociaci\u00f3n Femenil de Ejecutivas de Empresas Tur\u00edsticas (AFEET), que preside <strong>Yarla Covarrubias.<\/strong><\/p>\n<p>En su oportunidad, <strong>Humberto Hern\u00e1ndez<\/strong> asegur\u00f3 que el turismo forma parte esencial del nuevo eje de la pol\u00edtica nacional durante la presente administraci\u00f3n por lo que vendr\u00e1 una etapa de intenso trabajo y colaboraci\u00f3n entre el sector p\u00fablico y privado.<\/p>\n<p>Tras ratificar y hacer la toma de protesta de la Mesa Directiva Nacional de la AFEET, dijo que esta pol\u00edtica tiene mucho sentido y obliga a cuidar al turismo, pues en M\u00e9xico ha crecido la marginaci\u00f3n y la exclusi\u00f3n por lo que se debe reconciliar socialmente con aquellos que la han padecido.<\/p>\n<p>\u201cEl turismo es nada menos que la rama econ\u00f3mica que m\u00e1s empleo le da a las mujeres y j\u00f3venes: es casi el 9.0 por ciento del Producto Interno Bruto (PIB) y es una materia en la que nuestro pa\u00eds tiene toda la capacidad para ser una potencia a nivel mundial\u201d, concluy\u00f3 el funcionario.<\/p>\n<p>En la reuni\u00f3n que tuvo lugar en el Hotel Camino Real Polanco, donde <strong>Ana Laura Acevedo<\/strong>, secretaria de la agrupaci\u00f3n y maestra de ceremonias, agradeci\u00f3 la asistencia de las presidentas de la AFEET de diferentes cap\u00edtulos de provincia, directivos de aerol\u00edneas, agencias de viajes, representantes de oficinas de turismo en USA, operadoras mayoristas y prensa.<\/p>\n<p>De igual forma, dio la bienvenida a <strong>Sim\u00f3n Levy Dabbah<\/strong>, subsecretario de Planeaci\u00f3n y Pol\u00edtica Tur\u00edstica del Gobierno de M\u00e9xico; <strong>Gloria Garza de Torruco<\/strong>; <strong>Fernando Olivera<\/strong>, secretario de Turismo de Tamaulipas; <strong>Teresa Matamoros<\/strong>, secretaria de Turismo de Guanajuato; <strong>Rafael Garc\u00eda Gonz\u00e1lez<\/strong>, presidente de la Asociaci\u00f3n Mexicana de Hoteles y Moteles, entre otros.<\/p>\n<p><strong>Ana Laura<\/strong> resalt\u00f3 tambi\u00e9n el apoyo especial brindado por los patrocinadores, como lo fueron: la Oficina de Turismo de Las Vegas, Aerom\u00e9xico, Rail Europa, Alberta, Canad\u00e1; Grupo Brisas, <em>Be There<\/em>, Mundo Cuervo, Grupo Posadas, <em>Travel Impressions<\/em> y <em>Travel Port.<\/em><\/p>\n<p>M\u00e1s tarde, <strong>Yarla Covarrubias<\/strong> agradeci\u00f3 la presencia <strong>Humberto Hern\u00e1ndez Haddad<\/strong>, subsecretario de Desarrollo y Regulaci\u00f3n y a <strong>Sim\u00f3n Levy Dabbah<\/strong>, subsecretario de Planeaci\u00f3n y Pol\u00edtica Tur\u00edstica del Gobierno de M\u00e9xico, por su presencia en representaci\u00f3n de <strong>Miguel Torruco Marqu\u00e9s<\/strong>, secretario de Turismo federal, as\u00ed como a <strong>Gloria Garza de Torruco<\/strong> y a todos los ah\u00ed reunidos<\/p>\n<p>\u201cActualmente, la AFEET est\u00e1 integrada por 460 mujeres ejecutivas en nueve cap\u00edtulos filiales del interior del pa\u00eds y es reconocida a nivel nacional e internacional gracias a la experiencia, profesionalismo y compromiso de sus socias. La industria tur\u00edstica de M\u00e9xico se mantiene como uno de los principales motores de la econom\u00eda del pa\u00eds, por lo que debemos continuar trabajando para colaborar en este desarrollo\u201d, dijo <strong>Yarla<\/strong>.<\/p>\n<p>Asimismo, asegur\u00f3: \u201cdesde que asum\u00ed responsabilidad de presidir la Asociaci\u00f3n mi prop\u00f3sito ha sido dar continuidad y fortalecer los programas que se han llevado a cabo de forma exitosa y que ayudan a diferenciar a la AFEET de otras agrupaciones del sector mediante su trabajo en cinco ejes clave: dar continuidad a la profesionalizaci\u00f3n de sus socias, fortalecer la comunicaci\u00f3n con nuevas integrantes para fomentar la unidad y el trabajo en equipo, se han sumado a programas del sector a nivel nacional e internacional poniendo especial atenci\u00f3n en el reforzamiento de su participaci\u00f3n en programas de responsabilidad social, contribuir en la consolidaci\u00f3n y creaci\u00f3n de nuevos cap\u00edtulos filiales, mayor acercamiento con sus aliados comerciales y patrocinadores\u201d.<\/p>\n<p>De igual forma, se\u00f1al\u00f3: \u201cel sector turismo es uno de los mayores generadores de empleo del mundo, es actividad que ofrece a las mujeres el doble de oportunidades de convertirse en empresarias que cualquier otro sector econ\u00f3mico. Actualmente el 60 por ciento del recurso humano de nuestra industria en el \u00e1mbito mundial, lo representan las mujeres, por lo que uno m\u00e1s de los objetivos de la Asociaci\u00f3n ha sido buscar \u00e1reas de oportunidad en el campo del turismo que permita reducir las diferencias de g\u00e9nero.<\/p>\n<p>\u2730\u2730\u2730\u2730\u2730 En el municipio de Benito Ju\u00e1rez, Quintana Roo, la Ley de Hacienda 2019 publicada por decreto el pasado 20 de diciembre, impone un Derecho de Saneamiento Ambiental, una \u2018ecotasa\u2019 -25 pesos por habitaci\u00f3n por noche-, que entr\u00f3 en vigor ayer 1 de enero para usuarios que se hospeden en hoteles, posadas, o casa de hu\u00e9spedes, hostales y moteles.<\/p>\n<p>La nueva ley tiene como objeto la \u201cmejora y ejecuci\u00f3n del servicio de saneamiento ambiental que realice el municipio\u201d y, a pesar del rechazo absoluto de este nuevo impuesto ya fue implantado y deber\u00e1 abonarse en el momento del pago de la ocupaci\u00f3n de la habitaci\u00f3n cuando se efect\u00fae por adelantado, o al momento del <em>check in<\/em> o al realizar el <em>check out<\/em>. Los retenedores ser\u00e1n los prestadores del servicio antes mencionado en el municipio de Benito Ju\u00e1rez<\/p>\n<p>Representantes hoteleros de Canc\u00fan y operadores internacionales mostraron su rechazo a la imposici\u00f3n de este impuesto, recalcando lo inoportuno luego de una temporada decepcionante para la ocupaci\u00f3n e ingresos, y con el reto del sargazo adem\u00e1s de la imagen de inseguridad.<\/p>\n<p>Cabe recordar que la Universidad del Sur de Florida lanz\u00f3 alerta para el Caribe debido al sargazo que caus\u00f3 un gran impacto para los hoteleros de Riviera Maya y Canc\u00fan.<\/p>\n<p>\u2730\u2730\u2730\u2730\u2730 Interjet recibi\u00f3 su octavo avi\u00f3n Airbus A321neo de la m\u00e1s alta tecnolog\u00eda, con el objetivo de continuar con su estrategia de expansi\u00f3n y modernizaci\u00f3n y seguir incrementando el n\u00famero de pasajeros transportados.<\/p>\n<p>El nuevo A321neo est\u00e1 configurado para trasladar 192 pasajeros, lo que le permitir\u00e1 responder con eficiencia a la creciente demanda en vuelos nacionales e internacionales.<\/p>\n<p>La aerol\u00ednea cien por ciento mexicana transport\u00f3 durante los primeros once meses del 2018, 12 millones 631 mil 908 pasajeros, registrando un crecimiento del 12.5 por ciento, respecto al mismo periodo del a\u00f1o anterior.<\/p>\n<p>El avi\u00f3n A321neo cuenta con una de las mejores soluciones ergon\u00f3micas en el mercado de aeronaves, al contar con asientos de dise\u00f1o italiano tipo <em>Slim<\/em> de la marca <em>Geven.<\/em> Se ajusta a las caracter\u00edsticas que busca la l\u00ednea a\u00e9rea para brindar el mayor confort a sus clientes ofreciendo 34 pulgadas de espacio entre asientos, el mayor en su categor\u00eda.<\/p>\n<p>La aeronave en su desempe\u00f1o en ciudades de gran altitud, lo convierte en el equipo ideal para operar rutas con alta demanda y con la m\u00e1xima seguridad.<\/p>\n<p>Adicionalmente, posee tecnolog\u00eda de proyecci\u00f3n llamada eXO, la cual se compone por monitores de proyecci\u00f3n retr\u00e1ctiles de gran formato de 12 pulgadas a 1080p y con posibilidad de recibir transmisi\u00f3n de contenido inal\u00e1mbrico en un futuro. Ello crea una experiencia similar al cine y permite a los pasajeros ver contenido de video en alta definici\u00f3n en pantallas de gran formato.<\/p>\n<p>Interjet se distingue por brindar alta experiencia de viaje, con conjunto \u00fanico de servicios que ofrece a los viajeros el equilibrio perfecto entre costo y beneficio.<\/p>\n<p><em><a href=\"mailto:victoriagprado@gmail.com\" target=\"_blank\" rel=\"noopener\">victoriagprado@gmail.com<\/a><\/em><br \/>\n<em> Twitter: <a href=\"https:\/\/twitter.com\/victoriagprado\" target=\"_blank\" rel=\"noopener\">@victoriagprado<\/a><\/em><\/p>\n","protected":false},"excerpt":{"rendered":"<p>A\u00f1os nones, a\u00f1os de dones, reza el dicho y este 2019 deseamos realmente que sea un a\u00f1o de prosperidad, salud y felicidad para todos los lectores de <em>Diario Imagen<\/em>. Hoy iniciamos nuevamente <em>De Cinco Estrellas,<\/em> haciendo un recuento del fin de a\u00f1o y algunas novedades para este reci\u00e9n iniciado 2019. Reitero, para todos, mis mejores deseos<\/p>\n","protected":false},"author":3,"featured_media":409066,"comment_status":"open","ping_status":"open","sticky":false,"template":"","format":"standard","meta":{"_monsterinsights_skip_tracking":false,"_monsterinsights_sitenote_active":false,"_monsterinsights_sitenote_note":"","_monsterinsights_sitenote_category":0,"footnotes":""},"categories":[11],"tags":[81462,81463,43674,43681],"class_list":["post-408951","post","type-post","status-publish","format-standard","has-post-thumbnail","hentry","category-turismo","tag-de-cinco","tag-estrellas-victoria-gonzalez-prado","tag-opinion","tag-turismo"],"_links":{"self":[{"href":"https:\/\/www.diarioimagen.net\/index.php?rest_route=\/wp\/v2\/posts\/408951","targetHints":{"allow":["GET"]}}],"collection":[{"href":"https:\/\/www.diarioimagen.net\/index.php?rest_route=\/wp\/v2\/posts"}],"about":[{"href":"https:\/\/www.diarioimagen.net\/index.php?rest_route=\/wp\/v2\/types\/post"}],"author":[{"embeddable":true,"href":"https:\/\/www.diarioimagen.net\/index.php?rest_route=\/wp\/v2\/users\/3"}],"replies":[{"embeddable":true,"href":"https:\/\/www.diarioimagen.net\/index.php?rest_route=%2Fwp%2Fv2%2Fcomments&post=408951"}],"version-history":[{"count":0,"href":"https:\/\/www.diarioimagen.net\/index.php?rest_route=\/wp\/v2\/posts\/408951\/revisions"}],"wp:featuredmedia":[{"embeddable":true,"href":"https:\/\/www.diarioimagen.net\/index.php?rest_route=\/wp\/v2\/media\/409066"}],"wp:attachment":[{"href":"https:\/\/www.diarioimagen.net\/index.php?rest_route=%2Fwp%2Fv2%2Fmedia&parent=408951"}],"wp:term":[{"taxonomy":"category","embeddable":true,"href":"https:\/\/www.diarioimagen.net\/index.php?rest_route=%2Fwp%2Fv2%2Fcategories&post=408951"},{"taxonomy":"post_tag","embeddable":true,"href":"https:\/\/www.diarioimagen.net\/index.php?rest_route=%2Fwp%2Fv2%2Ftags&post=408951"}],"curies":[{"name":"wp","href":"https:\/\/api.w.org\/{rel}","templated":true}]}}