{"id":409009,"date":"2019-01-02T00:05:13","date_gmt":"2019-01-02T06:05:13","guid":{"rendered":"https:\/\/www.diarioimagen.net\/?p=409009"},"modified":"2019-01-02T02:40:05","modified_gmt":"2019-01-02T08:40:05","slug":"puebla-lucha-neofascista-y-partidista","status":"publish","type":"post","link":"https:\/\/www.diarioimagen.net\/?p=409009","title":{"rendered":"Puebla, lucha neofascista y partidista"},"content":{"rendered":"<h2>Desde el portal<\/h2>\n<h5>\u00c1ngel Soriano<\/h5>\n<p>&nbsp;<\/p>\n<p>Una vez que el presidente Andr\u00e9s Manuel L\u00f3pez Obrador se comprometi\u00f3 -como lo hizo desde el primer momento- a no ocultar nada y esclarecer con toda transparencia, con la participaci\u00f3n de expertos en la materia,\u00a0 las causas del accidente en el que perdieron la vida la gobernadora de Puebla, Martha Erika Alonso, su esposo el senador Rafael Moreno Valle, su asistente y la tripulaci\u00f3n del helic\u00f3ptero, se inicia en la entidad la lucha partidista por la gubernatura.<\/p>\n<p>Con todo respeto, el ex gobernador Moreno Valle no significaba peligro para el gobierno federal ni para el Presidente. No alcanz\u00f3 ni siquiera la candidatura presidencial del PAN, pues \u00e9sta se la arrebat\u00f3 Ricardo Anaya, a quien cobij\u00f3 y luego le dio la espalda; L\u00f3pez Obrador aun cuando no estuvo de acuerdo con la resoluci\u00f3n \u201cantidemocr\u00e1tica\u201d del TEPJF, respet\u00f3 su decisi\u00f3n de darle la gubernatura a Martha Erika Alonso y ofreci\u00f3 trabajar de manera coordinada e institucional con su gobierno.<\/p>\n<p>Grupos fascistas, luego del lamentable accidente a\u00e9reo, la emprendieron en contra de la administraci\u00f3n federal, sin pruebas, sin fundamento, y con argumentos il\u00f3gicos, s\u00f3lo suposiciones. No acudi\u00f3 AMLO al homenaje al matrimonio Moreno Valle, porque el ambiente estaba enrarecido. Una vez aclarada su posici\u00f3n, viene la realidad: la batalla partidista por la gubernatura que se inici\u00f3 ya en el Congreso de Puebla.<\/p>\n<p>Ya sin Moreno Valle en Puebla, del PAN resurgir\u00e1n liderazgos, como el del ex rector de la BUAP, Eduardo Rivera, ex alcalde de Puebla e incluso del mismo PRI. El electorado tendr\u00e1 oportunidad de demostrar que, efectivamente el PAN cuenta con bases s\u00f3lidas o era producto del caudillismo. Nuevamente la lucha ser\u00e1\u00a0 Morena-PAN, al menos que el PRI busque resucitar a alguno de los suyos.<\/p>\n<p style=\"text-align: center;\"><strong>TURBULENCIAS<br \/>\n<\/strong><strong>Para AMLO a agitadores<\/strong><strong>\u00a0en Oaxaca<\/strong><\/p>\n<p>\u00a0En Oaxaca, L\u00f3pez Obrador tuvo que parar a seguidores de funcionarios del gobierno federal, como Adelfo Regino, Nancy Ortiz y Salom\u00f3n Jara, que intentaron boicotear la gira presidencial, para hacer quedar mal al gobernador Alejandro Murat, y les record\u00f3 que los tiempos de campa\u00f1a hab\u00edan pasado, pidi\u00f3 respeto para el mandatario a quien le ofreci\u00f3 su apoyo y lo demostr\u00f3 con la amplia inversi\u00f3n en caminos e infraestructura, recursos que llegar\u00e1n directamente a los beneficiarios, al margen de dependencias oficiales y contratistas. Van directo a los municipios de usos y costumbres\u2026La Aids Healthcare Foundation (AHF), a trav\u00e9s de su oficina de Am\u00e9rica Latina y el Caribe, con el apoyo de la Oficina Regional de Educaci\u00f3n de la UNESCO para Am\u00e9rica Latina y el Caribe, convoca a periodistas que hayan publicado en Argentina, Brasil, Chile, Guatemala, M\u00e9xico, Per\u00fa y Rep\u00fablica Dominicana a participar en el III Concurso de Periodismo de Investigaci\u00f3n sobre VIH\/Sida. El certamen tiene como objetivo reconocer la labor de las y los periodistas y\/o comunicadores por\u00a0 ofrecer a los gobiernos y a la sociedad de m\u00e1s y mejor informaci\u00f3n que haga frente a la pandemia global del VIH\/Sida. Los profesionales de la prensa interesados deber\u00e1n presentar sus trabajos publicados sobre prevenci\u00f3n de VIH\/Sida, servicios m\u00e9dicos para el VIH\/Sida, estigmatizaci\u00f3n y otras barreras que impiden y\/o violan los derechos humanos de las personas que viven con el virus, historias de vida y cualquier otro tema relacionado. Los trabajos period\u00edsticos deber\u00e1n haber sido publicados en los medios de comunicaci\u00f3n de los pa\u00edses que convocan a este concurso, entre el 1 de enero de 2018 y el 28 de febrero de 2019. La recepci\u00f3n de trabajos estar\u00e1 abierta hasta la medianoche del 15 de marzo de 2019, en el huso horario de Los \u00c1ngeles, California\u2026<\/p>\n<p><a href=\"https:\/\/twitter.com\/brecharevista\" target=\"_blank\" rel=\"noopener\"><em>@BrechaRevista<\/em><\/a><br \/>\n<em><a href=\"mailto:asorianodesdelportalo@hotmail.com\" target=\"_blank\" rel=\"noopener\">asorianodesdelportalo@hotmail.com<\/a><\/em><\/p>\n","protected":false},"excerpt":{"rendered":"<p><span style=\"color: #005497;\"><strong>\u00c1ngel Soriano<\/strong><\/span><\/p>\n","protected":false},"author":3,"featured_media":0,"comment_status":"open","ping_status":"open","sticky":false,"template":"","format":"standard","meta":{"_monsterinsights_skip_tracking":false,"_monsterinsights_sitenote_active":false,"_monsterinsights_sitenote_note":"","_monsterinsights_sitenote_category":0,"footnotes":""},"categories":[135],"tags":[85,86,43674],"class_list":["post-409009","post","type-post","status-publish","format-standard","hentry","category-angel-soriano-opinion","tag-angel-soriano","tag-desde-el-portal","tag-opinion"],"_links":{"self":[{"href":"https:\/\/www.diarioimagen.net\/index.php?rest_route=\/wp\/v2\/posts\/409009","targetHints":{"allow":["GET"]}}],"collection":[{"href":"https:\/\/www.diarioimagen.net\/index.php?rest_route=\/wp\/v2\/posts"}],"about":[{"href":"https:\/\/www.diarioimagen.net\/index.php?rest_route=\/wp\/v2\/types\/post"}],"author":[{"embeddable":true,"href":"https:\/\/www.diarioimagen.net\/index.php?rest_route=\/wp\/v2\/users\/3"}],"replies":[{"embeddable":true,"href":"https:\/\/www.diarioimagen.net\/index.php?rest_route=%2Fwp%2Fv2%2Fcomments&post=409009"}],"version-history":[{"count":0,"href":"https:\/\/www.diarioimagen.net\/index.php?rest_route=\/wp\/v2\/posts\/409009\/revisions"}],"wp:attachment":[{"href":"https:\/\/www.diarioimagen.net\/index.php?rest_route=%2Fwp%2Fv2%2Fmedia&parent=409009"}],"wp:term":[{"taxonomy":"category","embeddable":true,"href":"https:\/\/www.diarioimagen.net\/index.php?rest_route=%2Fwp%2Fv2%2Fcategories&post=409009"},{"taxonomy":"post_tag","embeddable":true,"href":"https:\/\/www.diarioimagen.net\/index.php?rest_route=%2Fwp%2Fv2%2Ftags&post=409009"}],"curies":[{"name":"wp","href":"https:\/\/api.w.org\/{rel}","templated":true}]}}