{"id":409208,"date":"2019-01-03T00:02:25","date_gmt":"2019-01-03T06:02:25","guid":{"rendered":"https:\/\/www.diarioimagen.net\/?p=409208"},"modified":"2019-01-03T03:52:48","modified_gmt":"2019-01-03T09:52:48","slug":"declaracion-de-guerra","status":"publish","type":"post","link":"https:\/\/www.diarioimagen.net\/?p=409208","title":{"rendered":"Declaraci\u00f3n de guerra"},"content":{"rendered":"<h2>De pe a pa<\/h2>\n<h5>Alberto Vieyra G.<\/h5>\n<p>&nbsp;<\/p>\n<p>El 1 de enero de 1994 estremeci\u00f3 a M\u00e9xico un levantamiento armado ind\u00edgena que embeles\u00f3 al mundo con el surgimiento del Ej\u00e9rcito Zapatista de Liberaci\u00f3n Nacional (EZLN), en la selva chiapaneca, donde existe la riqueza natural m\u00e1s grande del continente americano, pero parad\u00f3jicamente el hambre y la miseria entre los ind\u00edgenas chiapanecos.<\/p>\n<p>La pobreza, falta de oportunidades, insalubridad, rezago educativo, racismo, exclusi\u00f3n, discriminaci\u00f3n y despojo de sus territorios son tan s\u00f3lo una parte de las causas que originaron el levantamiento armado y que un cuarto de siglo despu\u00e9s, siguen siendo exactamente las mismas por las que distintos pueblos ind\u00edgenas de Chiapas declararon la guerra al gobierno mexicano el 1 de enero de 1994.<\/p>\n<p>Cuando menos una docena de guerrilleros del EZNL murieron en los enfrentamientos con el ej\u00e9rcito mexicano entre el 1 y 10 de enero de aqu\u00e9l a\u00f1o, pero a ciencia cierta no se sabe sobre el n\u00famero exacto de bajas de uno y otro lado.<\/p>\n<p>La selva lacandona posee cuatro elementos naturales que necesita la humanidad para el siglo XXI: Uranio enriquecido, petr\u00f3leo de primer\u00edsima calidad, agua en abundancia como en ninguna otra parte del continente americano y maderas preciosas, equiparables a las maderas de la selva amaz\u00f3nica.<\/p>\n<p>En esos ricos territorios, la miseria entre los pueblos originarios es a\u00fan indignante, pero al mismo tiempo peligrosa.<\/p>\n<p>\u00bfDe qu\u00e9 es capaz un pueblo hambriento? \u00a1De todo! \u00bfEs posible concebir al M\u00e9xico de la \u201cCuarta Trasformaci\u00f3n\u201d que pregona Andr\u00e9s Manuel L\u00f3pez Obrador cuando en M\u00e9xico existen m\u00e1s de 60 grupos \u00e9tnicos a los que la <em>roboluci\u00f3n<\/em> ha mantenido en el olvido?<\/p>\n<p>Pero el EZLN ya no solo est\u00e1 en Chiapas, sus c\u00e9lulas guerrilleras est\u00e1n diseminadas ya por todo el territorio nacional y hasta una candidata presidencial independiente lazaron el a\u00f1o pasado, la ind\u00edgena Mar\u00eda de Jes\u00fas Patricio, conocida como <em>Marichuy<\/em>, que llev\u00f3 a cabo una campa\u00f1a electoral con el mayor grado de civilidad pol\u00edtica, lo que no hicieron los integrantes de la ponzo\u00f1osa partidocracia que fueron v\u00edctimas de su propio veneno pues m\u00e1s de 150 pol\u00edticos, la mayor\u00eda de ellos candidatos, fueron asesinados y m\u00e1s de mil abandonaron la contienda por amenazas tanto de grupos pol\u00edticos como del crimen organizado.<\/p>\n<p>\u00a1Vaya barbarie pol\u00edtica!, cuyo feroz rostro acabamos de ver en Puebla y Tlaxiaco, Oaxaca.<\/p>\n<p>\u00bfPor qu\u00e9 hago historia? Mire usted, al cumplirse 25 a\u00f1os del movimiento armado chiapaneco, el EZNL acaba de lanzar al gobierno de L\u00f3pez Obrador otra declaraci\u00f3n de guerra advirti\u00e9ndole que, incluso enfrentar\u00eda a la Guardia Nacional para no permitir la construcci\u00f3n del Tren Maya en esos territorios chiapanecos, puesto que el proyecto del se\u00f1or presidente s\u00f3lo busca beneficiar a los buitres del capitalismo salvaje, pero no a los ind\u00edgenas que siguen igual que hace 25 a\u00f1os.<\/p>\n<p>\u00bfPor qu\u00e9 el EZLN est\u00e1 bravo con L\u00f3pez Obrador? Mis antenas chiapanecas indican que el se\u00f1or L\u00f3pez cometi\u00f3 varias traiciones contra el sub comandante Marcos y otros altos mandos del EZLN y al parecer son traiciones irreconciliables.<\/p>\n<p>Pero no se trata de otra declaraci\u00f3n de guerra, porque en realidad la declaraci\u00f3n de guerra de 1994 sigue vigente porque de acuerdo a la Convenci\u00f3n de Ginebra, a\u00fan no ha sido retirada.<\/p>\n<p>Legalmente existe un\u00a0<em>impasse<\/em>, que implica un cese al fuego de las partes, merced a la Ley Para el Di\u00e1logo del 11 de marzo de 1995, di\u00e1logo suspendido desde 1996, con un acuerdo parcial\u00a0convertido desde 2001 en reforma constitucional en el tema de derechos y cultura ind\u00edgena,<\/p>\n<p>\u00bfRecordar\u00e1n mis tres lectores y radioescuchas aquella fanfarrona promesa de Vicente Fox que propon\u00eda resolver el conflicto chiapaneco en solo 15 minutos?\u00a0 Bueno, pues esos 15 minutos todav\u00eda no se cumplen y por ello, sigue vigente la declaraci\u00f3n de guerra de 1994.<\/p>\n<p>Y me asaltan muchas interrogantes: \u00bfPues no que L\u00f3pez Obrador hizo una consulta ciudadana para la construcci\u00f3n del Tren Maya? \u00bfFue una consulta simulada? \u00bfCu\u00e1l ser\u00e1 el beneficio del Tren Maya para los ind\u00edgenas chiapanecos?<\/p>\n<p><em><a href=\"mailto:info@agenciamn.com\" target=\"_blank\" rel=\"noopener\">info@agenciamn.com<\/a><\/em><\/p>\n","protected":false},"excerpt":{"rendered":"<p><span style=\"color: #005497;\"><strong>Alberto Vieyra G.<\/strong><\/span><\/p>\n","protected":false},"author":3,"featured_media":0,"comment_status":"open","ping_status":"open","sticky":false,"template":"","format":"standard","meta":{"_monsterinsights_skip_tracking":false,"_monsterinsights_sitenote_active":false,"_monsterinsights_sitenote_note":"","_monsterinsights_sitenote_category":0,"footnotes":""},"categories":[4596],"tags":[43697,4597,43674],"class_list":["post-409208","post","type-post","status-publish","format-standard","hentry","category-alberto-vieyra-g","tag-alberto-vieyra-g","tag-de-pe-a-pa","tag-opinion"],"_links":{"self":[{"href":"https:\/\/www.diarioimagen.net\/index.php?rest_route=\/wp\/v2\/posts\/409208","targetHints":{"allow":["GET"]}}],"collection":[{"href":"https:\/\/www.diarioimagen.net\/index.php?rest_route=\/wp\/v2\/posts"}],"about":[{"href":"https:\/\/www.diarioimagen.net\/index.php?rest_route=\/wp\/v2\/types\/post"}],"author":[{"embeddable":true,"href":"https:\/\/www.diarioimagen.net\/index.php?rest_route=\/wp\/v2\/users\/3"}],"replies":[{"embeddable":true,"href":"https:\/\/www.diarioimagen.net\/index.php?rest_route=%2Fwp%2Fv2%2Fcomments&post=409208"}],"version-history":[{"count":0,"href":"https:\/\/www.diarioimagen.net\/index.php?rest_route=\/wp\/v2\/posts\/409208\/revisions"}],"wp:attachment":[{"href":"https:\/\/www.diarioimagen.net\/index.php?rest_route=%2Fwp%2Fv2%2Fmedia&parent=409208"}],"wp:term":[{"taxonomy":"category","embeddable":true,"href":"https:\/\/www.diarioimagen.net\/index.php?rest_route=%2Fwp%2Fv2%2Fcategories&post=409208"},{"taxonomy":"post_tag","embeddable":true,"href":"https:\/\/www.diarioimagen.net\/index.php?rest_route=%2Fwp%2Fv2%2Ftags&post=409208"}],"curies":[{"name":"wp","href":"https:\/\/api.w.org\/{rel}","templated":true}]}}