{"id":409511,"date":"2019-01-07T00:10:07","date_gmt":"2019-01-07T06:10:07","guid":{"rendered":"https:\/\/www.diarioimagen.net\/?p=409511"},"modified":"2019-01-07T02:44:05","modified_gmt":"2019-01-07T08:44:05","slug":"mejoran-mexiquenses-su-ambiente-familiar-con-apoyo-de-pie-de-casa","status":"publish","type":"post","link":"https:\/\/www.diarioimagen.net\/?p=409511","title":{"rendered":"Se mejora la calidad de vida con apoyo de pie de casa"},"content":{"rendered":"<h2>Arco Norte<\/h2>\n<h5>Jos\u00e9 Luis Monta\u00f1ez Aguilar<\/h5>\n<p>&nbsp;<\/p>\n<div id=\"attachment_409512\" style=\"width: 470px\" class=\"wp-caption aligncenter\"><img loading=\"lazy\" decoding=\"async\" aria-describedby=\"caption-attachment-409512\" class=\"size-large wp-image-409512\" src=\"https:\/\/www.diarioimagen.net\/wp-content\/uploads\/2019\/01\/CASA7-PORTAL-460x268.jpg\" alt=\"\" width=\"460\" height=\"268\" srcset=\"https:\/\/www.diarioimagen.net\/wp-content\/uploads\/2019\/01\/CASA7-PORTAL-460x268.jpg 460w, https:\/\/www.diarioimagen.net\/wp-content\/uploads\/2019\/01\/CASA7-PORTAL-240x140.jpg 240w, https:\/\/www.diarioimagen.net\/wp-content\/uploads\/2019\/01\/CASA7-PORTAL.jpg 480w\" sizes=\"auto, (max-width: 460px) 100vw, 460px\" \/><p id=\"caption-attachment-409512\" class=\"wp-caption-text\">M\u00e1s de 370 mexiquenses se han beneficiado a lo largo de la actual administraci\u00f3n estatal con apoyos de pie de casa.<\/p><\/div>\n<p>&nbsp;<\/p>\n<p>&nbsp;<\/p>\n<p>La casa del matrimonio Vel\u00e1zquez Serrano est\u00e1 construida en m\u00e1s de 40 metros cuadrados, con muros de tabique que sustituyen a los de madera del cuarto en el que habitaron con sus dos hijos desde que decidieron vivir juntos.\u00a0 La vida de esta familia cambi\u00f3 desde el momento en que recibieron el apoyo de Pie de Casa que la Secretar\u00eda de Desarrollo Urbano y Metropolitano (Seduym) entrega a trav\u00e9s del Instituto Mexiquense de la Vivienda Social (Imevis), y mediante el cual, m\u00e1s de 370 mexiquenses se han beneficiado a lo largo de la actual administraci\u00f3n estatal.<\/p>\n<p>Con ello, la poblaci\u00f3n que est\u00e1 en condiciones de vulnerabilidad obtiene el material para edificar una vivienda digna, sobre todo, para mejorar su calidad de vida, su ambiente familiar y as\u00ed tienen una mayor protecci\u00f3n ante las inclemencias del clima.<\/p>\n<p>Lidia Serrano Arriaga solicit\u00f3 al gobernador Alfredo Del Mazo Maza el apoyo de Pie de Casa, por lo que recibi\u00f3 un paquete de material de construcci\u00f3n para edificar una vivienda integrada por un ba\u00f1o, una rec\u00e1mara y una cocina-sala-comedor. \u201cEn un cuartito de madera, ah\u00ed viv\u00edamos. Ahora ya estamos independizados, solos, vivimos c\u00f3modamente, nos podemos cubrir del fr\u00edo y ya es m\u00e1s c\u00f3modo vivir as\u00ed. As\u00ed ya est\u00e1 seguro donde duerman mis hijos, donde vivir\u201d, expres\u00f3 la se\u00f1ora Lidia.<\/p>\n<p>Lidia vive en Santa Cruz, Pueblo Nuevo, en Tenango del Valle, en compa\u00f1\u00eda de su esposo Pedro Vel\u00e1zquez Guadarrama y sus dos hijos, juntos han tenido que enfrentar grandes retos, pero el m\u00e1s dif\u00edcil fue cuando su marido perdi\u00f3 la vista, a partir de ese momento, se complic\u00f3 la situaci\u00f3n laboral y por lo tanto, tambi\u00e9n la econom\u00eda de la familia. Tocaron puertas y recibieron el material de construcci\u00f3n para su vivienda, donde el principal requisito fue contar con un terreno propio debidamente acreditado.<\/p>\n<p>\u201cSoy una persona invidente y yo solicit\u00e9 el apoyo con el gobernador Alfredo Del Mazo Maza, nos acercamos a \u00e9l para solicitar la ayuda y \u00e9l nos ayud\u00f3 con el tr\u00e1mite. Es importante, porque ya estamos independizados, ahora ya tenemos donde dormir, comer y protegernos del fr\u00edo\u201d, dijo el se\u00f1or Pedro.<\/p>\n<p>Personal del Imevis les otorg\u00f3 asesor\u00eda t\u00e9cnica para que iniciaran la construcci\u00f3n que ahora les ha cambiado la vida, ya que se trata de tranquilidad y seguridad, en su d\u00eda a d\u00eda.<\/p>\n<p>Para quienes deseen saber m\u00e1s acerca de este programa pueden comunicarse al tel\u00e9fono 01-722-276-5550 Ext. 198, Lada sin costo 01800-841-2910, o contactar a alg\u00fan asesor a trav\u00e9s de las redes sociales Twitter @SEDUYM y Facebook\/@SEDUYM.<\/p>\n<p><em><a href=\"mailto:montanezaguilar@gmail.com\" target=\"_blank\" rel=\"noopener\">montanezaguilar@gmail.com<\/a><\/em><\/p>\n","protected":false},"excerpt":{"rendered":"<p><span style=\"color: #005497;\">Jos\u00e9 Luis Monta\u00f1ez Aguilar<\/span><br \/>\n<br \/>\nLa casa del matrimonio Vel\u00e1zquez Serrano est\u00e1 construida en m\u00e1s de 40 metros cuadrados, con muros de tabique que sustituyen a los de madera del cuarto en el que habitaron con sus dos hijos desde que decidieron vivir juntos.<\/p>\n","protected":false},"author":5,"featured_media":409512,"comment_status":"open","ping_status":"open","sticky":false,"template":"","format":"standard","meta":{"_monsterinsights_skip_tracking":false,"_monsterinsights_sitenote_active":false,"_monsterinsights_sitenote_note":"","_monsterinsights_sitenote_category":0,"footnotes":""},"categories":[5],"tags":[81581,13284,43704,81584,81583,43674,81582],"class_list":["post-409511","post","type-post","status-publish","format-standard","has-post-thumbnail","hentry","category-estado-de-mexico","tag-ambiente-familiar","tag-arco-norte","tag-jose-luis-montanez-aguilar","tag-materiales-de-construccion","tag-mejoran-mexiquenses","tag-opinion","tag-pie-de-casa"],"_links":{"self":[{"href":"https:\/\/www.diarioimagen.net\/index.php?rest_route=\/wp\/v2\/posts\/409511","targetHints":{"allow":["GET"]}}],"collection":[{"href":"https:\/\/www.diarioimagen.net\/index.php?rest_route=\/wp\/v2\/posts"}],"about":[{"href":"https:\/\/www.diarioimagen.net\/index.php?rest_route=\/wp\/v2\/types\/post"}],"author":[{"embeddable":true,"href":"https:\/\/www.diarioimagen.net\/index.php?rest_route=\/wp\/v2\/users\/5"}],"replies":[{"embeddable":true,"href":"https:\/\/www.diarioimagen.net\/index.php?rest_route=%2Fwp%2Fv2%2Fcomments&post=409511"}],"version-history":[{"count":0,"href":"https:\/\/www.diarioimagen.net\/index.php?rest_route=\/wp\/v2\/posts\/409511\/revisions"}],"wp:featuredmedia":[{"embeddable":true,"href":"https:\/\/www.diarioimagen.net\/index.php?rest_route=\/wp\/v2\/media\/409512"}],"wp:attachment":[{"href":"https:\/\/www.diarioimagen.net\/index.php?rest_route=%2Fwp%2Fv2%2Fmedia&parent=409511"}],"wp:term":[{"taxonomy":"category","embeddable":true,"href":"https:\/\/www.diarioimagen.net\/index.php?rest_route=%2Fwp%2Fv2%2Fcategories&post=409511"},{"taxonomy":"post_tag","embeddable":true,"href":"https:\/\/www.diarioimagen.net\/index.php?rest_route=%2Fwp%2Fv2%2Ftags&post=409511"}],"curies":[{"name":"wp","href":"https:\/\/api.w.org\/{rel}","templated":true}]}}