{"id":409590,"date":"2019-01-07T00:09:00","date_gmt":"2019-01-07T06:09:00","guid":{"rendered":"https:\/\/www.diarioimagen.net\/?p=409590"},"modified":"2019-01-07T04:03:42","modified_gmt":"2019-01-07T10:03:42","slug":"celebran-autoridades-de-tultepec-a-menores-con-motivo-de-dia-de-reyes","status":"publish","type":"post","link":"https:\/\/www.diarioimagen.net\/?p=409590","title":{"rendered":"Celebran autoridades de Tultepec a menores con motivo de D\u00eda de Reyes"},"content":{"rendered":"<ul>\n<li><strong><em>Para simbolizar el valor de la familia unida<\/em><\/strong><\/li>\n<\/ul>\n<p>&nbsp;<\/p>\n<div id=\"attachment_409648\" style=\"width: 470px\" class=\"wp-caption aligncenter\"><a href=\"https:\/\/www.diarioimagen.net\/?attachment_id=409648\" rel=\"attachment wp-att-409648\"><img loading=\"lazy\" decoding=\"async\" aria-describedby=\"caption-attachment-409648\" class=\"size-large wp-image-409648\" src=\"https:\/\/www.diarioimagen.net\/wp-content\/uploads\/2019\/01\/TULTEPEC-7-460x259.jpg\" alt=\"\" width=\"460\" height=\"259\" srcset=\"https:\/\/www.diarioimagen.net\/wp-content\/uploads\/2019\/01\/TULTEPEC-7-460x259.jpg 460w, https:\/\/www.diarioimagen.net\/wp-content\/uploads\/2019\/01\/TULTEPEC-7-240x135.jpg 240w, https:\/\/www.diarioimagen.net\/wp-content\/uploads\/2019\/01\/TULTEPEC-7-235x132.jpg 235w, https:\/\/www.diarioimagen.net\/wp-content\/uploads\/2019\/01\/TULTEPEC-7-202x114.jpg 202w, https:\/\/www.diarioimagen.net\/wp-content\/uploads\/2019\/01\/TULTEPEC-7-350x196.jpg 350w, https:\/\/www.diarioimagen.net\/wp-content\/uploads\/2019\/01\/TULTEPEC-7-220x123.jpg 220w, https:\/\/www.diarioimagen.net\/wp-content\/uploads\/2019\/01\/TULTEPEC-7-237x132.jpg 237w, https:\/\/www.diarioimagen.net\/wp-content\/uploads\/2019\/01\/TULTEPEC-7.jpg 480w\" sizes=\"auto, (max-width: 460px) 100vw, 460px\" \/><\/a><p id=\"caption-attachment-409648\" class=\"wp-caption-text\">Armando Portugu\u00e9s Fuentes destac\u00f3 la importancia de mantener la ilusi\u00f3n en los ni\u00f1os, pero tambi\u00e9n en los adultos.<\/p><\/div>\n<p>&nbsp;<\/p>\n<p><strong>Tultepec, Estado de M\u00e9xico<\/strong>.-\u00a0 El alcalde Armando Portuguez Fuentes y la presidenta del DIF Municipal, Mar\u00eda F\u00e9lix Espinosa Hern\u00e1ndez, e integrantes del cabido encabezaron la celebraci\u00f3n alusiva al D\u00eda de Reyes en la Concha Ac\u00fastica de la explanada municipal, donde hicieron un llamado a fortalecer la unidad y la convivencia familiar.<\/p>\n<p>\u201cEste festival es un esfuerzo del gobierno municipal para abonar en la convivencia con los ni\u00f1os y acercar a las familias tultepequenses, cultivando el valor de una familia unida, que d\u00e9 seguridad a nuestros ni\u00f1os, quienes son el presente y el futuro de Tultepec, de M\u00e9xico y del mundo\u201d, dijo.<\/p>\n<p>Acompa\u00f1ado por regidores, la s\u00edndica municipal y el secretario del ayuntamiento; Portugu\u00e9s Fuentes destac\u00f3 la importancia de mantener la ilusi\u00f3n en los ni\u00f1os, pero tambi\u00e9n en los adultos, en el sentido de que es posible lograr un mejor municipio, \u201cpero en ello se debe trabajar con entusiasmo todos los d\u00edas, teniendo a los ni\u00f1os como inspiraci\u00f3n para incrementar su calidad de vida\u201d.<\/p>\n<p>Asegur\u00f3 que esas acciones se deben cimentar con trabajo en equipo entre integrantes del cabildo y directores de las diferentes \u00e1reas de la administraci\u00f3n municipal, quienes toman importantes decisiones para llevar beneficios como educaci\u00f3n, obra p\u00fablica, servicios p\u00fablicos, salud y seguridad, entre otros; para dignificar la vida de los tultepequenses.<\/p>\n<p>Ante m\u00e1s de dos mil ni\u00f1os de todas las comunidades, el festival estuvo amenizado por el \u201cshow de Chuponcito\u201d, qui\u00e9n con divertidos actos, juegos, bailes y concursos; fue el deleite de chicos y grandes.\u00a0Previo al festival estuvieron en el escenario dos de los personajes del programa de televisi\u00f3n infantil Paw Patrol, ellos son Skye y Chase, quienes animaron a los peque\u00f1ines con su baile y su canto.<\/p>\n<p>A cada uno de los ni\u00f1os asistentes al festival de D\u00eda de Reyes, el gobierno municipal les proporcion\u00f3 un regal\u00f3 y una bolsa de dulces, a quienes adem\u00e1s de les obsequi\u00f3 un boleto para participar en la rifa de bicicletas, juegos de t\u00e9, mu\u00f1ecas, patines del diablo y patinetas, entre otros juguetes.<\/p>\n<p>Finalmente, la titular del DIF municipal, Mar\u00eda F\u00e9lix Espinosa Hern\u00e1ndez, destac\u00f3 la importancia de celebrar a los ni\u00f1os en fechas importantes como lo es el D\u00eda de Reyes manteniendo su ilusi\u00f3n de recibir un regalo, \u201cpero m\u00e1s importante es compartir con ellos muchos momentos especiales y hacer de ello una bonita costumbre con la que se fortalezcan los lazos en familia\u201d.<\/p>\n","protected":false},"excerpt":{"rendered":"<p>El alcalde Armando Portuguez Fuentes y la presidenta del DIF Municipal, Mar\u00eda F\u00e9lix Espinosa Hern\u00e1ndez, e integrantes del cabido encabezaron la celebraci\u00f3n alusiva al D\u00eda de Reyes en la Concha Ac\u00fastica de la explanada municipal, donde hicieron un llamado a fortalecer la unidad y la convivencia familiar.<\/p>\n","protected":false},"author":3,"featured_media":409648,"comment_status":"open","ping_status":"open","sticky":false,"template":"","format":"standard","meta":{"_monsterinsights_skip_tracking":false,"_monsterinsights_sitenote_active":false,"_monsterinsights_sitenote_note":"","_monsterinsights_sitenote_category":0,"footnotes":""},"categories":[35155],"tags":[81627,43675,76048,3802],"class_list":["post-409590","post","type-post","status-publish","format-standard","has-post-thumbnail","hentry","category-estado-de-mexico-estado-de-mexico","tag-dif-municipal","tag-estado-de-mexico","tag-maria-felix-espinosa-hernandez","tag-tultepec"],"_links":{"self":[{"href":"https:\/\/www.diarioimagen.net\/index.php?rest_route=\/wp\/v2\/posts\/409590","targetHints":{"allow":["GET"]}}],"collection":[{"href":"https:\/\/www.diarioimagen.net\/index.php?rest_route=\/wp\/v2\/posts"}],"about":[{"href":"https:\/\/www.diarioimagen.net\/index.php?rest_route=\/wp\/v2\/types\/post"}],"author":[{"embeddable":true,"href":"https:\/\/www.diarioimagen.net\/index.php?rest_route=\/wp\/v2\/users\/3"}],"replies":[{"embeddable":true,"href":"https:\/\/www.diarioimagen.net\/index.php?rest_route=%2Fwp%2Fv2%2Fcomments&post=409590"}],"version-history":[{"count":0,"href":"https:\/\/www.diarioimagen.net\/index.php?rest_route=\/wp\/v2\/posts\/409590\/revisions"}],"wp:featuredmedia":[{"embeddable":true,"href":"https:\/\/www.diarioimagen.net\/index.php?rest_route=\/wp\/v2\/media\/409648"}],"wp:attachment":[{"href":"https:\/\/www.diarioimagen.net\/index.php?rest_route=%2Fwp%2Fv2%2Fmedia&parent=409590"}],"wp:term":[{"taxonomy":"category","embeddable":true,"href":"https:\/\/www.diarioimagen.net\/index.php?rest_route=%2Fwp%2Fv2%2Fcategories&post=409590"},{"taxonomy":"post_tag","embeddable":true,"href":"https:\/\/www.diarioimagen.net\/index.php?rest_route=%2Fwp%2Fv2%2Ftags&post=409590"}],"curies":[{"name":"wp","href":"https:\/\/api.w.org\/{rel}","templated":true}]}}