{"id":409595,"date":"2019-01-07T00:07:04","date_gmt":"2019-01-07T06:07:04","guid":{"rendered":"https:\/\/www.diarioimagen.net\/?p=409595"},"modified":"2019-01-07T04:06:11","modified_gmt":"2019-01-07T10:06:11","slug":"divertido-festejo-en-huixquilucan-para-los-ninos-hijos-de-suteymistas","status":"publish","type":"post","link":"https:\/\/www.diarioimagen.net\/?p=409595","title":{"rendered":"Divertido festejo en Huixquilucan para los ni\u00f1os, hijos de suteymistas"},"content":{"rendered":"<ul>\n<li><strong><em>Organizado por el alcalde<\/em><\/strong><\/li>\n<\/ul>\n<p>&nbsp;<\/p>\n<div id=\"attachment_409659\" style=\"width: 470px\" class=\"wp-caption aligncenter\"><a href=\"https:\/\/www.diarioimagen.net\/?attachment_id=409659\" rel=\"attachment wp-att-409659\"><img loading=\"lazy\" decoding=\"async\" aria-describedby=\"caption-attachment-409659\" class=\"size-large wp-image-409659\" src=\"https:\/\/www.diarioimagen.net\/wp-content\/uploads\/2019\/01\/HUIXQUILUCAN-7-460x259.jpg\" alt=\"\" width=\"460\" height=\"259\" srcset=\"https:\/\/www.diarioimagen.net\/wp-content\/uploads\/2019\/01\/HUIXQUILUCAN-7-460x259.jpg 460w, https:\/\/www.diarioimagen.net\/wp-content\/uploads\/2019\/01\/HUIXQUILUCAN-7-240x135.jpg 240w, https:\/\/www.diarioimagen.net\/wp-content\/uploads\/2019\/01\/HUIXQUILUCAN-7-235x132.jpg 235w, https:\/\/www.diarioimagen.net\/wp-content\/uploads\/2019\/01\/HUIXQUILUCAN-7-202x114.jpg 202w, https:\/\/www.diarioimagen.net\/wp-content\/uploads\/2019\/01\/HUIXQUILUCAN-7-350x196.jpg 350w, https:\/\/www.diarioimagen.net\/wp-content\/uploads\/2019\/01\/HUIXQUILUCAN-7-220x123.jpg 220w, https:\/\/www.diarioimagen.net\/wp-content\/uploads\/2019\/01\/HUIXQUILUCAN-7-237x132.jpg 237w, https:\/\/www.diarioimagen.net\/wp-content\/uploads\/2019\/01\/HUIXQUILUCAN-7.jpg 480w\" sizes=\"auto, (max-width: 460px) 100vw, 460px\" \/><\/a><p id=\"caption-attachment-409659\" class=\"wp-caption-text\">El alcalde de Huixquilucan, Enrique Vargas del Villar, asegur\u00f3 que seguir\u00e1 cumpliendo con los acuerdos sindicales pactados.<\/p><\/div>\n<p>&nbsp;<\/p>\n<p><strong>Huixquilucan, Estado de M\u00e9xico<\/strong>.- Durante el festejo del Sindicato \u00danico de Trabajadores de los Poderes, Municipios e Instituciones Descentralizadas\u00a0 del Estado de M\u00e9xico (SUTEyM), con motivo del D\u00eda de Reyes, el presidente municipal de Huixquilucan, Enrique Vargas del Villar, asegur\u00f3 que har\u00e1 todo lo necesario para que su gobierno siga siendo calificado como el mejor de toda la entidad.<\/p>\n<p>Tras asegurar que seguir\u00e1 cumpliendo con los acuerdos sindicales pactados, reconoci\u00f3 el trabajo de los agremiados, ya que, dijo, han sido fundamentales para darle a los huixquiluquenses los mejores resultados. \u00a0Precis\u00f3 que juntos, SUTEyM y gobierno, han sido y seguir\u00e1n siendo un mismo equipo que est\u00e1 al servicio de los ciudadanos.<\/p>\n<p>Acompa\u00f1ado por el secretario del comit\u00e9 seccional del SUTEyM Huixquilucan, Pedro Sol\u00eds Mill\u00e1n; del asesor sindical, Salvador Linares Romero; del diputado local, Jos\u00e9 Antonio Garc\u00eda Garc\u00eda; regidores e integrantes de la administraci\u00f3n municipal, el edil comparti\u00f3 con los peque\u00f1os el festejo.<\/p>\n<p>Vargas del Villar recorri\u00f3 cada uno de los puestos de comida y juegos mec\u00e1nicos en los que aprovech\u00f3 para platicar con los menores sobre sus peticiones a los Reyes Magos.<\/p>\n<p>En tanto, el secretario del comit\u00e9 seccional Huixquilucan, Pedro Sol\u00eds Mill\u00e1n agradeci\u00f3 al Presidente Municipal por el apoyo brindado en todo momento a la organizaci\u00f3n sindical y asegur\u00f3 que ellos est\u00e1n en la mejor disposici\u00f3n de continuar trabajando a favor de los huixquiluquenses.<\/p>\n<p>Salvador Linares Romero, reconoci\u00f3 el cumplimiento de los acuerdos sindicales. Puntualiz\u00f3 que todos los d\u00edas los agremiados realizar\u00e1n un esfuerzo para que el Gobierno Municipal siga siendo el mejor del Estado de M\u00e9xico.<\/p>\n","protected":false},"excerpt":{"rendered":"<p>Durante el festejo del Sindicato \u00danico de Trabajadores de los Poderes, Municipios e Instituciones Descentralizadas  del Estado de M\u00e9xico (SUTEyM), con motivo del D\u00eda de Reyes, el presidente municipal de Huixquilucan, Enrique Vargas del Villar, asegur\u00f3 que har\u00e1 todo lo necesario para que su gobierno siga siendo calificado como el mejor de toda la entidad.<\/p>\n","protected":false},"author":3,"featured_media":409659,"comment_status":"open","ping_status":"open","sticky":false,"template":"","format":"standard","meta":{"_monsterinsights_skip_tracking":false,"_monsterinsights_sitenote_active":false,"_monsterinsights_sitenote_note":"","_monsterinsights_sitenote_category":0,"footnotes":""},"categories":[35155],"tags":[43675,20602,1097,71387],"class_list":["post-409595","post","type-post","status-publish","format-standard","has-post-thumbnail","hentry","category-estado-de-mexico-estado-de-mexico","tag-estado-de-mexico","tag-festejo","tag-huixquilucan","tag-suteymistas"],"_links":{"self":[{"href":"https:\/\/www.diarioimagen.net\/index.php?rest_route=\/wp\/v2\/posts\/409595","targetHints":{"allow":["GET"]}}],"collection":[{"href":"https:\/\/www.diarioimagen.net\/index.php?rest_route=\/wp\/v2\/posts"}],"about":[{"href":"https:\/\/www.diarioimagen.net\/index.php?rest_route=\/wp\/v2\/types\/post"}],"author":[{"embeddable":true,"href":"https:\/\/www.diarioimagen.net\/index.php?rest_route=\/wp\/v2\/users\/3"}],"replies":[{"embeddable":true,"href":"https:\/\/www.diarioimagen.net\/index.php?rest_route=%2Fwp%2Fv2%2Fcomments&post=409595"}],"version-history":[{"count":0,"href":"https:\/\/www.diarioimagen.net\/index.php?rest_route=\/wp\/v2\/posts\/409595\/revisions"}],"wp:featuredmedia":[{"embeddable":true,"href":"https:\/\/www.diarioimagen.net\/index.php?rest_route=\/wp\/v2\/media\/409659"}],"wp:attachment":[{"href":"https:\/\/www.diarioimagen.net\/index.php?rest_route=%2Fwp%2Fv2%2Fmedia&parent=409595"}],"wp:term":[{"taxonomy":"category","embeddable":true,"href":"https:\/\/www.diarioimagen.net\/index.php?rest_route=%2Fwp%2Fv2%2Fcategories&post=409595"},{"taxonomy":"post_tag","embeddable":true,"href":"https:\/\/www.diarioimagen.net\/index.php?rest_route=%2Fwp%2Fv2%2Ftags&post=409595"}],"curies":[{"name":"wp","href":"https:\/\/api.w.org\/{rel}","templated":true}]}}