{"id":409597,"date":"2019-01-07T00:06:30","date_gmt":"2019-01-07T06:06:30","guid":{"rendered":"https:\/\/www.diarioimagen.net\/?p=409597"},"modified":"2019-01-07T04:07:03","modified_gmt":"2019-01-07T10:07:03","slug":"hereda-gobierno-de-nicolas-romero-unidades-chatarra-para-proteccion-civil","status":"publish","type":"post","link":"https:\/\/www.diarioimagen.net\/?p=409597","title":{"rendered":"Hereda gobierno de Nicol\u00e1s Romero unidades chatarra para Protecci\u00f3n Civil"},"content":{"rendered":"<ul>\n<li><strong><em>Recorrido de Armando Navarrete por las instalaciones<\/em><\/strong><\/li>\n<\/ul>\n<p>&nbsp;<\/p>\n<div id=\"attachment_409662\" style=\"width: 470px\" class=\"wp-caption aligncenter\"><a href=\"https:\/\/www.diarioimagen.net\/?attachment_id=409662\" rel=\"attachment wp-att-409662\"><img loading=\"lazy\" decoding=\"async\" aria-describedby=\"caption-attachment-409662\" class=\"size-large wp-image-409662\" src=\"https:\/\/www.diarioimagen.net\/wp-content\/uploads\/2019\/01\/NICOLAS-7-460x259.jpg\" alt=\"\" width=\"460\" height=\"259\" srcset=\"https:\/\/www.diarioimagen.net\/wp-content\/uploads\/2019\/01\/NICOLAS-7-460x259.jpg 460w, https:\/\/www.diarioimagen.net\/wp-content\/uploads\/2019\/01\/NICOLAS-7-240x135.jpg 240w, https:\/\/www.diarioimagen.net\/wp-content\/uploads\/2019\/01\/NICOLAS-7-235x132.jpg 235w, https:\/\/www.diarioimagen.net\/wp-content\/uploads\/2019\/01\/NICOLAS-7-202x114.jpg 202w, https:\/\/www.diarioimagen.net\/wp-content\/uploads\/2019\/01\/NICOLAS-7-350x196.jpg 350w, https:\/\/www.diarioimagen.net\/wp-content\/uploads\/2019\/01\/NICOLAS-7-220x123.jpg 220w, https:\/\/www.diarioimagen.net\/wp-content\/uploads\/2019\/01\/NICOLAS-7-237x132.jpg 237w, https:\/\/www.diarioimagen.net\/wp-content\/uploads\/2019\/01\/NICOLAS-7.jpg 480w\" sizes=\"auto, (max-width: 460px) 100vw, 460px\" \/><\/a><p id=\"caption-attachment-409662\" class=\"wp-caption-text\">El nuevo presidente municipal de Nicol\u00e1s Romero, Armando Navarrete, realiz\u00f3 un recorrido por las instalaciones de la dependencia y constat\u00f3 el mal estado de las unidades.<\/p><\/div>\n<p>&nbsp;<\/p>\n<p><strong>Nicol\u00e1s Romero, Estado de M\u00e9xico<\/strong>.- La pasada administraci\u00f3n dej\u00f3 en estado inoperante por lo menos dos ambulancias y dos carros de bomberos\u00a0 adscritos\u00a0 a la Coordinaci\u00f3n de Protecci\u00f3n Civil y Bomberos de esta demarcaci\u00f3n.<\/p>\n<p>El presidente municipal, Armando Navarrete, realiz\u00f3 un recorrido por las instalaciones de la dependencia y constat\u00f3 el mal estado de las unidades.<\/p>\n<p>\u201cApenas este 1 de enero nos entregaron la administraci\u00f3n y estos d\u00edas estamos en ese proceso de observar en qu\u00e9 estado nos est\u00e1n entregando el municipio\u201c, describi\u00f3 Navarrete.<\/p>\n<p>Adem\u00e1s, expres\u00f3 su molestia debido a que, en el \u00faltimo reporte hecho por el gobierno pasado, las unidades est\u00e1n catalogadas como en estado regular y con capacidad de funcionar.<\/p>\n<p>En una primera revisi\u00f3n, se detect\u00f3 una ambulancia sin motor, otra de atenci\u00f3n pre-hospitalaria sin equipamiento alguno, y un carro de bomberos en estado totalmente inoperante debido a que no tiene flecha ni frenos; el otro tambi\u00e9n est\u00e1 en malas condiciones y sin posibilidad de funcionar.<\/p>\n<p>\u201cLa verdad es que estamos encontrando muchas irregularidades, muchos problemas, pero lo que hoy me encuentro aqu\u00ed es verdaderamente inadmisible\u201c, agreg\u00f3 el edil.<\/p>\n<p>\u201cEste tema es un tema sensible porque, desafortunadamente, en nuestro municipio, m\u00e1s de la mitad de\u00a0 los\u00a0 habitantes\u00a0 son\u00a0 poblaci\u00f3n\u00a0 abierta,\u00a0 eso\u00a0 significa\u00a0 que\u00a0 ante \u00a0un\u00a0 percance,\u00a0 ante\u00a0 un\u00a0 incidente, seguramente tendremos que trasladarlos desde el municipio hasta alguno de los hospitales que est\u00e1n en los municipios vecinos\u201c.<\/p>\n","protected":false},"excerpt":{"rendered":"<p>La pasada administraci\u00f3n dej\u00f3 en estado inoperante por lo menos dos ambulancias y dos carros de bomberos  adscritos  a la Coordinaci\u00f3n de Protecci\u00f3n Civil y Bomberos de esta demarcaci\u00f3n.<\/p>\n","protected":false},"author":3,"featured_media":409662,"comment_status":"open","ping_status":"open","sticky":false,"template":"","format":"standard","meta":{"_monsterinsights_skip_tracking":false,"_monsterinsights_sitenote_active":false,"_monsterinsights_sitenote_note":"","_monsterinsights_sitenote_category":0,"footnotes":""},"categories":[35155],"tags":[43675,752,57,81628],"class_list":["post-409597","post","type-post","status-publish","format-standard","has-post-thumbnail","hentry","category-estado-de-mexico-estado-de-mexico","tag-estado-de-mexico","tag-nicolas-romero","tag-proteccion-civil","tag-unidades-chatarra"],"_links":{"self":[{"href":"https:\/\/www.diarioimagen.net\/index.php?rest_route=\/wp\/v2\/posts\/409597","targetHints":{"allow":["GET"]}}],"collection":[{"href":"https:\/\/www.diarioimagen.net\/index.php?rest_route=\/wp\/v2\/posts"}],"about":[{"href":"https:\/\/www.diarioimagen.net\/index.php?rest_route=\/wp\/v2\/types\/post"}],"author":[{"embeddable":true,"href":"https:\/\/www.diarioimagen.net\/index.php?rest_route=\/wp\/v2\/users\/3"}],"replies":[{"embeddable":true,"href":"https:\/\/www.diarioimagen.net\/index.php?rest_route=%2Fwp%2Fv2%2Fcomments&post=409597"}],"version-history":[{"count":0,"href":"https:\/\/www.diarioimagen.net\/index.php?rest_route=\/wp\/v2\/posts\/409597\/revisions"}],"wp:featuredmedia":[{"embeddable":true,"href":"https:\/\/www.diarioimagen.net\/index.php?rest_route=\/wp\/v2\/media\/409662"}],"wp:attachment":[{"href":"https:\/\/www.diarioimagen.net\/index.php?rest_route=%2Fwp%2Fv2%2Fmedia&parent=409597"}],"wp:term":[{"taxonomy":"category","embeddable":true,"href":"https:\/\/www.diarioimagen.net\/index.php?rest_route=%2Fwp%2Fv2%2Fcategories&post=409597"},{"taxonomy":"post_tag","embeddable":true,"href":"https:\/\/www.diarioimagen.net\/index.php?rest_route=%2Fwp%2Fv2%2Ftags&post=409597"}],"curies":[{"name":"wp","href":"https:\/\/api.w.org\/{rel}","templated":true}]}}