{"id":409601,"date":"2019-01-07T00:04:59","date_gmt":"2019-01-07T06:04:59","guid":{"rendered":"https:\/\/www.diarioimagen.net\/?p=409601"},"modified":"2019-01-07T04:08:28","modified_gmt":"2019-01-07T10:08:28","slug":"arranca-ariel-juarez-rodriguez-trabajos-de-limpieza-en-cuautitlan","status":"publish","type":"post","link":"https:\/\/www.diarioimagen.net\/?p=409601","title":{"rendered":"Arranca Ariel Ju\u00e1rez Rodr\u00edguez trabajos de limpieza en Cuautitl\u00e1n"},"content":{"rendered":"<ul>\n<li><strong><em>Inactivos, por dos semanas<\/em><\/strong><\/li>\n<\/ul>\n<p>&nbsp;<\/p>\n<div id=\"attachment_409665\" style=\"width: 470px\" class=\"wp-caption aligncenter\"><a href=\"https:\/\/www.diarioimagen.net\/?attachment_id=409665\" rel=\"attachment wp-att-409665\"><img loading=\"lazy\" decoding=\"async\" aria-describedby=\"caption-attachment-409665\" class=\"size-large wp-image-409665\" src=\"https:\/\/www.diarioimagen.net\/wp-content\/uploads\/2019\/01\/CUAUTITLAN-7-460x259.jpg\" alt=\"\" width=\"460\" height=\"259\" srcset=\"https:\/\/www.diarioimagen.net\/wp-content\/uploads\/2019\/01\/CUAUTITLAN-7-460x259.jpg 460w, https:\/\/www.diarioimagen.net\/wp-content\/uploads\/2019\/01\/CUAUTITLAN-7-240x135.jpg 240w, https:\/\/www.diarioimagen.net\/wp-content\/uploads\/2019\/01\/CUAUTITLAN-7-235x132.jpg 235w, https:\/\/www.diarioimagen.net\/wp-content\/uploads\/2019\/01\/CUAUTITLAN-7-202x114.jpg 202w, https:\/\/www.diarioimagen.net\/wp-content\/uploads\/2019\/01\/CUAUTITLAN-7-350x196.jpg 350w, https:\/\/www.diarioimagen.net\/wp-content\/uploads\/2019\/01\/CUAUTITLAN-7-220x123.jpg 220w, https:\/\/www.diarioimagen.net\/wp-content\/uploads\/2019\/01\/CUAUTITLAN-7-237x132.jpg 237w, https:\/\/www.diarioimagen.net\/wp-content\/uploads\/2019\/01\/CUAUTITLAN-7.jpg 480w\" sizes=\"auto, (max-width: 460px) 100vw, 460px\" \/><\/a><p id=\"caption-attachment-409665\" class=\"wp-caption-text\">Se recolectar\u00e1n los desechos que no se hab\u00edan recogido en las \u00faltimas semanas, incluido Navidad y A\u00f1o Nuevo.<\/p><\/div>\n<p>&nbsp;<\/p>\n<p><strong>Cuautitl\u00e1n, Estado de M\u00e9xico<\/strong>.- En respuesta a las demandas ciudadanas, el nuevo Presidente Municipal, Ariel Ju\u00e1rez Rodr\u00edguez, arranc\u00f3 los trabajos especiales del servicio de recolecci\u00f3n de basura en calles y avenidas del municipio,\u00a0 con el apoyo de los trabajadores de Servicios Urbanos.<\/p>\n<p>Desde temprana hora se dio el banderazo de salida de los trabajos en las instalaciones de Servicios Urbanos, con 10 camiones y tres compactadoras de basura, apoyados por m\u00e1s de 10 cuadrillas de personal municipal que abarcar\u00e1n todo el territorio, inform\u00f3 el alcalde.<\/p>\n<p>Al agradecer la buena disposici\u00f3n de los trabajadores de servicios urbanos de Cuautitl\u00e1n, Ariel Ju\u00e1rez, se\u00f1al\u00f3 la importancia de llevar de manera r\u00e1pida y eficiente este servicio para todos los ciudadanos, por lo que reconoci\u00f3 su entrega y dedicaci\u00f3n al inicio de esta nueva Administraci\u00f3n Municipal 2019-2021.<\/p>\n<p>Los trabajos abarcar\u00e1n colonias, fraccionamientos, pueblos, conjuntos urbanos, ejidos, fracciones ejidales, ranchos y granjas, con el objetivo de recolectar los desechos que se no se hab\u00edan recogido en las \u00faltimas semanas, tanto en \u00e1reas p\u00fablicas y vialidades, como algunas zonas habitacionales que perjudicaban el medio ambiente y la imagen urbana. Aunado a estas acciones de limpieza, tambi\u00e9n se realizan trabajos de mejoramiento en diversas \u00e1reas de la administraci\u00f3n municipal, para eficientar los servicios\u00a0 que se prestan a la ciudadan\u00eda, como el acondicionamiento y ampliaci\u00f3n del espacio para el pago de predial y agua, que se instal\u00f3 en el estacionamiento del Palacio Municipal, con un horario de atenci\u00f3n de 8:00 a 17:00 horas, de lunes a viernes y s\u00e1bado de 8:00 a 13:00 horas.<\/p>\n","protected":false},"excerpt":{"rendered":"<p>En respuesta a las demandas ciudadanas, el nuevo Presidente Municipal, Ariel Ju\u00e1rez Rodr\u00edguez, arranc\u00f3 los trabajos especiales del servicio de recolecci\u00f3n de basura en calles y avenidas del municipio,  con el apoyo de los trabajadores de Servicios Urbanos.<\/p>\n","protected":false},"author":3,"featured_media":409665,"comment_status":"open","ping_status":"open","sticky":false,"template":"","format":"standard","meta":{"_monsterinsights_skip_tracking":false,"_monsterinsights_sitenote_active":false,"_monsterinsights_sitenote_note":"","_monsterinsights_sitenote_category":0,"footnotes":""},"categories":[35155],"tags":[681,43675,2007],"class_list":["post-409601","post","type-post","status-publish","format-standard","has-post-thumbnail","hentry","category-estado-de-mexico-estado-de-mexico","tag-cuautitlan","tag-estado-de-mexico","tag-limpieza"],"_links":{"self":[{"href":"https:\/\/www.diarioimagen.net\/index.php?rest_route=\/wp\/v2\/posts\/409601","targetHints":{"allow":["GET"]}}],"collection":[{"href":"https:\/\/www.diarioimagen.net\/index.php?rest_route=\/wp\/v2\/posts"}],"about":[{"href":"https:\/\/www.diarioimagen.net\/index.php?rest_route=\/wp\/v2\/types\/post"}],"author":[{"embeddable":true,"href":"https:\/\/www.diarioimagen.net\/index.php?rest_route=\/wp\/v2\/users\/3"}],"replies":[{"embeddable":true,"href":"https:\/\/www.diarioimagen.net\/index.php?rest_route=%2Fwp%2Fv2%2Fcomments&post=409601"}],"version-history":[{"count":0,"href":"https:\/\/www.diarioimagen.net\/index.php?rest_route=\/wp\/v2\/posts\/409601\/revisions"}],"wp:featuredmedia":[{"embeddable":true,"href":"https:\/\/www.diarioimagen.net\/index.php?rest_route=\/wp\/v2\/media\/409665"}],"wp:attachment":[{"href":"https:\/\/www.diarioimagen.net\/index.php?rest_route=%2Fwp%2Fv2%2Fmedia&parent=409601"}],"wp:term":[{"taxonomy":"category","embeddable":true,"href":"https:\/\/www.diarioimagen.net\/index.php?rest_route=%2Fwp%2Fv2%2Fcategories&post=409601"},{"taxonomy":"post_tag","embeddable":true,"href":"https:\/\/www.diarioimagen.net\/index.php?rest_route=%2Fwp%2Fv2%2Ftags&post=409601"}],"curies":[{"name":"wp","href":"https:\/\/api.w.org\/{rel}","templated":true}]}}