{"id":409742,"date":"2019-01-08T00:09:11","date_gmt":"2019-01-08T06:09:11","guid":{"rendered":"https:\/\/www.diarioimagen.net\/?p=409742"},"modified":"2019-01-08T05:51:19","modified_gmt":"2019-01-08T11:51:19","slug":"acceso-universal-a-la-salud-sera-una-realidad","status":"publish","type":"post","link":"https:\/\/www.diarioimagen.net\/?p=409742","title":{"rendered":"\u201cAcceso universal a la salud ser\u00e1 una realidad\u201d"},"content":{"rendered":"<ul>\n<li><strong><em>En la Cuarta Transformaci\u00f3n<\/em><\/strong><\/li>\n<\/ul>\n<p>&nbsp;<\/p>\n<div id=\"attachment_409860\" style=\"width: 470px\" class=\"wp-caption aligncenter\"><a href=\"https:\/\/www.diarioimagen.net\/?attachment_id=409860\" rel=\"attachment wp-att-409860\"><img loading=\"lazy\" decoding=\"async\" aria-describedby=\"caption-attachment-409860\" class=\"size-large wp-image-409860\" src=\"https:\/\/www.diarioimagen.net\/wp-content\/uploads\/2019\/01\/SALUD8-460x259.jpg\" alt=\"\" width=\"460\" height=\"259\" srcset=\"https:\/\/www.diarioimagen.net\/wp-content\/uploads\/2019\/01\/SALUD8-460x259.jpg 460w, https:\/\/www.diarioimagen.net\/wp-content\/uploads\/2019\/01\/SALUD8-240x135.jpg 240w, https:\/\/www.diarioimagen.net\/wp-content\/uploads\/2019\/01\/SALUD8-235x132.jpg 235w, https:\/\/www.diarioimagen.net\/wp-content\/uploads\/2019\/01\/SALUD8-202x114.jpg 202w, https:\/\/www.diarioimagen.net\/wp-content\/uploads\/2019\/01\/SALUD8-350x196.jpg 350w, https:\/\/www.diarioimagen.net\/wp-content\/uploads\/2019\/01\/SALUD8-220x123.jpg 220w, https:\/\/www.diarioimagen.net\/wp-content\/uploads\/2019\/01\/SALUD8-237x132.jpg 237w, https:\/\/www.diarioimagen.net\/wp-content\/uploads\/2019\/01\/SALUD8.jpg 480w\" sizes=\"auto, (max-width: 460px) 100vw, 460px\" \/><\/a><p id=\"caption-attachment-409860\" class=\"wp-caption-text\">Jorge Alcocer Varela afirm\u00f3 que el acceso universal a los servicios de salud es un eje fundamental en la actual administraci\u00f3n.<\/p><\/div>\n<p>&nbsp;<\/p>\n<p>El secretario de Salud, Jorge Alcocer Varela, afirm\u00f3 que el acceso universal a los servicios de salud es un eje fundamental en la actual administraci\u00f3n, por lo que es necesario que el gobierno y la sociedad se responsabilicen y trabajen m\u00e1s all\u00e1 de lo que les corresponde.<\/p>\n<p>\u201cEstamos empe\u00f1ados en que la enfermer\u00eda sea parte importante de la Cuarta Transformaci\u00f3n y siguiendo el ejemplo del Presidente lucharemos, porque la lucha sigue para garantizar el acceso a la salud\u201d, se\u00f1al\u00f3 el funcionario en el marco de la celebraci\u00f3n del D\u00eda de la Enfermera y del Enfermero, que se conmemora cada 6 de enero desde 1931.<\/p>\n<p>Agreg\u00f3 que \u201cel art\u00edculo cuarto de la Constituci\u00f3n ser\u00e1 una realidad en la Cuarta Transformaci\u00f3n, \u00e9ste pasar\u00e1 de la palabra escrita, muerta, a cada una de las comunidades y nuestros pueblos, la salud gratuita y universal ser\u00e1 una realidad para todos nosotros\u201d.<\/p>\n<p>Adem\u00e1s de extender a las enfermeras y enfermeros el saludo por parte del presidente Andr\u00e9s Manuel L\u00f3pez Obrador, el secretario de Salud dijo que es deber de los mexicanos reconocer la labor de quien ejerce la enfermer\u00eda y promover su capacitaci\u00f3n continua, de modo que se propicie el desarrollo de las competencias necesarias para brindar una mejor atenci\u00f3n a los mexicanos.<\/p>\n<p>\u201cLa enfermer\u00eda en este pa\u00eds tiene una gran misi\u00f3n de voluntad, de noches largas, de d\u00edas sin sol, de entrega f\u00edsica y de fuerza emocional, y por eso a todos ustedes en su d\u00eda les hacemos un reconocimiento como pueblo que vive y recibe su atenci\u00f3n.<\/p>\n<p>\u201cEstoy convencido que la capacitaci\u00f3n continua, el desarrollo de competencias beneficia en el corto, mediano y largo plazo a nuestra salud\u201d.<\/p>\n<p>Alcocer destac\u00f3 que es necesario para la Cuarta Transformaci\u00f3n que aumente el n\u00famero de profesionales de la enfermer\u00eda, debido a que el acceso universal a la salud depende tambi\u00e9n de la cantidad y la calidad de profesionales que realizan labores de cuidado y atenci\u00f3n de la poblaci\u00f3n.<\/p>\n<p>\u201cTenemos que aumentar el n\u00famero de enfermeros y enfermeras, porque hay que admitir que falta distribuci\u00f3n en el pa\u00eds, tambi\u00e9n desarrollar nuevas competencias, nuevos roles, nuevos instrumentos de trabajo y comunicaci\u00f3n.<\/p>\n<p>\u201cDesde la Secretar\u00eda de Salud trabajaremos condiciones dignas para la gran labor que desarrollan, educaci\u00f3n continua, y fomentaremos el crecimiento social y gubernamental para fomentar su importante labor social\u201d, a\u00f1adi\u00f3.<\/p>\n<p>Por otra parte, el director general del Instituto Mexicano del Seguro Social (IMSS), Germ\u00e1n Mart\u00ednez, sostuvo que la instituci\u00f3n a su cargo dar\u00e1 los pasos que sean necesarios para que la poblaci\u00f3n mexicana tenga acceso a los servicios de salud sin que padezcan discriminaci\u00f3n por causa de preferencias sexuales o motivos econ\u00f3micos.<\/p>\n<p>\u201cQuiero aprovechar para decir que el nuevo gobierno de M\u00e9xico busca un sistema \u00fanico y universal de salud, un sistema \u00fanico en donde el IMSS debe caminar para consolidarlo y en donde cada pol\u00edtica p\u00fablica que dicta el secretario Alcocer debe ser puntualmente acatada en el Instituto Mexicano del Seguro Social\u201d, dijo.<\/p>\n<p>En el acto se entregaron tres reconocimientos: \u201cMar\u00eda Su\u00e1rez V\u00e1zquez\u201d a la licenciada en Enfermer\u00eda y Obstetricia, Otilia Cruz Casta\u00f1eda, por sus aportaciones para mejorar la calidad de los servicios de salud.<\/p>\n<p>As\u00ed como el reconocimiento \u201cMar\u00eda Guadalupe Cerisola Salcido\u201d a la doctora Araceli Monroy Rojas, por su contribuci\u00f3n a la investigaci\u00f3n e innovaci\u00f3n tecnol\u00f3gica; y el galard\u00f3n \u201cGraciela Arroyo de Cordero\u201d a la maestra en Ciencias, Ana Mar\u00eda Cristina Reyes, por su vocaci\u00f3n de servicio y la formaci\u00f3n de nuevas generaciones.<\/p>\n","protected":false},"excerpt":{"rendered":"<p>El secretario de Salud, Jorge Alcocer Varela, afirm\u00f3 que el acceso universal a los servicios de salud es un eje fundamental en la actual administraci\u00f3n, por lo que es necesario que el gobierno y la sociedad se responsabilicen y trabajen m\u00e1s all\u00e1 de lo que les corresponde.<\/p>\n","protected":false},"author":3,"featured_media":409860,"comment_status":"open","ping_status":"open","sticky":false,"template":"","format":"standard","meta":{"_monsterinsights_skip_tracking":false,"_monsterinsights_sitenote_active":false,"_monsterinsights_sitenote_note":"","_monsterinsights_sitenote_category":0,"footnotes":""},"categories":[877],"tags":[81647,53471,43692],"class_list":["post-409742","post","type-post","status-publish","format-standard","has-post-thumbnail","hentry","category-salud","tag-jorge-alcocer-varela","tag-realidad","tag-salud"],"_links":{"self":[{"href":"https:\/\/www.diarioimagen.net\/index.php?rest_route=\/wp\/v2\/posts\/409742","targetHints":{"allow":["GET"]}}],"collection":[{"href":"https:\/\/www.diarioimagen.net\/index.php?rest_route=\/wp\/v2\/posts"}],"about":[{"href":"https:\/\/www.diarioimagen.net\/index.php?rest_route=\/wp\/v2\/types\/post"}],"author":[{"embeddable":true,"href":"https:\/\/www.diarioimagen.net\/index.php?rest_route=\/wp\/v2\/users\/3"}],"replies":[{"embeddable":true,"href":"https:\/\/www.diarioimagen.net\/index.php?rest_route=%2Fwp%2Fv2%2Fcomments&post=409742"}],"version-history":[{"count":0,"href":"https:\/\/www.diarioimagen.net\/index.php?rest_route=\/wp\/v2\/posts\/409742\/revisions"}],"wp:featuredmedia":[{"embeddable":true,"href":"https:\/\/www.diarioimagen.net\/index.php?rest_route=\/wp\/v2\/media\/409860"}],"wp:attachment":[{"href":"https:\/\/www.diarioimagen.net\/index.php?rest_route=%2Fwp%2Fv2%2Fmedia&parent=409742"}],"wp:term":[{"taxonomy":"category","embeddable":true,"href":"https:\/\/www.diarioimagen.net\/index.php?rest_route=%2Fwp%2Fv2%2Fcategories&post=409742"},{"taxonomy":"post_tag","embeddable":true,"href":"https:\/\/www.diarioimagen.net\/index.php?rest_route=%2Fwp%2Fv2%2Ftags&post=409742"}],"curies":[{"name":"wp","href":"https:\/\/api.w.org\/{rel}","templated":true}]}}