{"id":409791,"date":"2019-01-08T00:00:33","date_gmt":"2019-01-08T06:00:33","guid":{"rendered":"https:\/\/www.diarioimagen.net\/?p=409791"},"modified":"2019-01-08T01:35:26","modified_gmt":"2019-01-08T07:35:26","slug":"errada-estrategia-contra-huachicoleo","status":"publish","type":"post","link":"https:\/\/www.diarioimagen.net\/?p=409791","title":{"rendered":"Errada estrategia contra huachicoleo"},"content":{"rendered":"<h2>La Retaguardia<\/h2>\n<h5>Adriana Moreno Cordero<\/h5>\n<p><em>\u00a0<\/em><em>\u00a0<\/em><\/p>\n<ul>\n<li><strong><em>El gobierno de la 4T actu\u00f3 al rev\u00e9s<\/em><\/strong><\/li>\n<li><strong><em>Azteca Uno, la N\u00famero Uno<\/em><\/strong><\/li>\n<\/ul>\n<p>&nbsp;<\/p>\n<p>&nbsp;<\/p>\n<p>Si lo que quer\u00eda el gobierno de la llamada Cuarta Transformaci\u00f3n era combatir el robo de combustible, la opini\u00f3n de los analistas especializados en el tema, es que el presidente <strong>Andr\u00e9s Manuel L\u00f3pez Obrador<\/strong>, de plano, err\u00f3 la estrategia, porque \u00e9sta se podr\u00eda equiparar, por ejemplo, como si se quisiera acabar con la corrupci\u00f3n, de un d\u00eda a otro se cerraran los bancos o a lo mejor tambi\u00e9n, intentar curar una severa hemorragia con un \u201ccurita\u201d.<\/p>\n<p>Ah\u00ed est\u00e1 que sin m\u00e1s, cerr\u00f3 los ductos sin procurar garantizar el abasto por medio de pipas, que adem\u00e1s, sale mucho m\u00e1s caro.<\/p>\n<p>As\u00ed, el haber hecho las cosas exactamente al rev\u00e9s, de alguna manera revierte el loable objetivo, digno de reconocimiento, de combatir el robo de combustible.<\/p>\n<p>Por lo anterior, no deja de sorprender que el Jefe del Ejecutivo est\u00e9 tan tranquilo y relajado, como si no pasara nada, a lo mejor, porque no est\u00e1 muy empapado en el tema ya que a su secretaria de Energ\u00eda, <strong>Roc\u00edo Nahle<\/strong>, m\u00e1s bien le dio por desaparecer ante esta situaci\u00f3n que\u00a0 ha alcanzado niveles preocupantes, poniendo mensajes en sus redes respecto a que Pemex avanza para revertir el desabasto de combustible, que no es desabasto, ojo, sino retrasos en la distribuci\u00f3n. En resumen, el mismo optimismo que el de su jefe tiene la funcionaria, que por cierto tambi\u00e9n se molesta cuando la critican.<\/p>\n<p>En la conferencia ma\u00f1anera de ayer, sobre el tema, el presidente dijo que en el combate que emprendi\u00f3 en contra de los huachicoleros, ah\u00ed la llevaba al tiempo, sin mayor problema, que reiter\u00f3 que no se trataba de desabasto de gasolina en varios estados, sino m\u00e1s bien, de cuidar el recurso. \u00bfSer\u00e1?<\/p>\n<p>El caso es que los analistas consideran que el gobierno l\u00f3pezobradorista, no tom\u00f3 en cuenta la previsi\u00f3n de tener llenos los centros de abastecimiento, antes de iniciar sus acciones de combate al robo de combustible y eso le est\u00e1 trayendo ya algunos problemas que al paso del tiempo, pueden ir creciendo peligrosamente.<\/p>\n<p>Hay varios \u201cbotones\u201d de muestra para comprobar lo anterior. Por ejemplo, la Asociaci\u00f3n de Distribuidores de Gasolina del Estado de M\u00e9xico, sigue demandando que se entreguen las gasolinas a los centros de distribuci\u00f3n, que por cierto, empez\u00f3 el \u00faltimo d\u00eda del 2018 y siete d\u00edas despu\u00e9s, ya se est\u00e1n registrando compras de p\u00e1nico.<\/p>\n<p>En Michoac\u00e1n, incluso se han registrado pleitos entre quienes hacen largu\u00edsimas filas para conseguir un poco de combustible, mientras que desde el fin de semana el gobierno de Jalisco, que encabeza <strong>Enrique Alfaro<\/strong>, se comunic\u00f3 con Pemex pero al parecer, le contestaron que tardar\u00e1 algo as\u00ed como una semana en restablecerse el servicio.<\/p>\n<p>Tamaulipas, gobernada por el PAN, se encuentra en una situaci\u00f3n preocupante, ya que hay un desabasto del 60 por ciento, pues las gasolineras de los diez municipios que colindan con la frontera, no han tenido abastecimiento de combustible esto, sin soslayar la incidencia de huachicoleros y el crimen organizado en la zona.<\/p>\n<p>En Guanajuato, estado que se ha visto m\u00e1s afectado porque ahora resulta que se descompuso el ducto Le\u00f3n-Salamanca y que gobierna el panista <strong>Diego Sinu\u00e9 Rodr\u00edguez<\/strong>, est\u00e1n a la espera de que esta situaci\u00f3n se regularice porque la molestia de la poblaci\u00f3n se hace conforme pasan los d\u00edas, cada vez m\u00e1s evidente.<\/p>\n<p style=\"text-align: center;\"><strong>MUNICIONES<\/strong><\/p>\n<p>*** Muchos a\u00f1os han pasado de cuando la audiencia de la televisi\u00f3n abierta en M\u00e9xico estaba de un solo lado. Hoy, con las reformas constitucionales en materia de telecomunicaciones y radiodifusi\u00f3n, la apertura a mayor competencia y mejores contenidos de los concesionarios, el escenario pinta totalmente distinto en beneficio de los televidentes.<\/p>\n<p>Azteca Uno,\u00a0antes Azteca 13, es un ejemplo sobresaliente de lo que ha acontecido en la pantalla chica. Es la \u00fanica que transmite 18 horas de programaci\u00f3n en vivo al d\u00eda, equivalente a 8 mil 700 horas durante 2018, esto es, el doble que el llamado \u201cCanal de Las Estrellas\u201d.<\/p>\n<p>La exitosa serie de Azteca,\u00a0Exatl\u00f3n M\u00e9xico,\u00a0bati\u00f3 r\u00e9cords hist\u00f3ricos al sumar\u00a067 triunfos consecutivos de audiencia frente a \u201cCuatro Elementos\u201d de Televisa, sin duda un caso in\u00e9dito en la televisi\u00f3n abierta mexicana.<\/p>\n<p>Inalcanzable tambi\u00e9n para la empresa que liderea\u00a0<strong>Benjam\u00edn Salinas<\/strong>\u00a0en el \u00e1mbito deportivo, que se llev\u00f3 en audiencia veinte de los 32 partidos del mundial; as\u00ed como la final de la Copa Mx (1.72 de Canal 7 y 1.67 Canal 5); la final de la Liga MX (2.27 Canal 7 y 2.15 Televisa); el Super Bowl con el 46% de la audiencia. Esto, sin soslayar las peleas del Canelo Alvarez contra Golvkin (3.55 C7 vs 2.90 C5), donde lider\u00f3 la cr\u00f3nica en voz de sus reconocidos especialistas.<\/p>\n<p>Respecto a\u00a0ADN 40,\u00a0sus transmisiones informativas llegan hoy por hoy a m\u00e1s de 260 ciudades en toda la Rep\u00fablica, con una audiencia diaria de m\u00e1s de 7.4 millones de personas.<\/p>\n<p>As\u00ed,\u00a0TV Azteca rompi\u00f3 sus propias marcas en t\u00e9rminos de audiencia en la variable de <em>Share de mercado<\/em>\u00a0considerado de lunes a domingo y en target de hogares referente a los seis canales principales (1,7, 2, 5, 9, 3).\u00a0TV Azteca creci\u00f3 su share a 31.1%, cifra que no obten\u00eda desde el 2013.<\/p>\n<p>En el Prime (19 \u00a024 hrs), TV Azteca se lleva el 32.5%, cifra que no obten\u00eda hace un par de a\u00f1os.\u00a0En la Tarde (de la una de la tarde a las 7 de la noche), TV Azteca obtiene 30.3% cifra que no obten\u00eda desde el 2012.\u00a0Por la Ma\u00f1ana (de 6 a 14 horas), TV Azteca alcanza un 29.8%, cifra que no obten\u00eda desde 2014.\u00a0Contrario a ello, Televisa (2, 5 y 9) obtuvo la cifra m\u00e1s baja de\u00a0<em>Share<\/em>\u00a0de los \u00faltimos a\u00f1os.<\/p>\n<p>*** Ahora que en el debate est\u00e1 el robo de combustible,\u00a0 ENERGY MEXICO OIL GAS POWER\u00ae 2019 EXPO &amp; CONGRESS se realizar\u00e1 del 29 al 31 de enero de 2019 en el Centro Citibanamex de la Ciudad de M\u00e9xico, reuniendo a toda la cadena de valor m\u00e1s influyente del petr\u00f3leo, gas, electricidad y energ\u00edas renovables desde diferentes enfoques como tecnolog\u00eda, financiamiento, operativo y regulatorio. Se trata de un foro B2B, organizado por empresas mexicanas con participaci\u00f3n internacional con el objetivo de facilitar las actividades de networking enfocadas a la generaci\u00f3n de negocio entre los diferentes jugadores del mercado a nivel nacional y global. Adem\u00e1s, es considerado como el principal evento del sector energ\u00e9tico el cual ha convocado m\u00e1s de 10 mil asistentes provenientes de 29 pa\u00edses a lo largo de sus tres ediciones. Por su parte, desde su primera edici\u00f3n en 2016, el Congreso Internacional de ENERGY MEXICO se ha caracterizado por el nivel de conferencistas nacionales e internacionales otorgando una perspectiva del mercado mundial y nacional; y, para su pr\u00f3xima edici\u00f3n, se prev\u00e9 la participaci\u00f3n de ponentes de gran nivel.<\/p>\n<p>Los asistentes obtendr\u00e1n un conocimiento privilegiado sobre el sector energ\u00e9tico en nuestro pa\u00eds y su confluencia con las principales tendencias de la industria energ\u00e9tica global que se debaten en foros como el WEF, G20, OPEP o la COP, logrando una perspectiva \u00fanica en torno a la integraci\u00f3n del pa\u00eds en el mercado mundial de energ\u00eda.<\/p>\n<p><u><\/u><a href=\"mailto:morcora@gmail.com\" target=\"_blank\" rel=\"noopener\"><em>morcora@gmail.com<\/em><\/a><\/p>\n","protected":false},"excerpt":{"rendered":"<p><span style=\"color: #005497;\"><straong>Adriana Moreno Cordero<\/straong><\/span><\/p>\n","protected":false},"author":3,"featured_media":0,"comment_status":"open","ping_status":"open","sticky":false,"template":"","format":"standard","meta":{"_monsterinsights_skip_tracking":false,"_monsterinsights_sitenote_active":false,"_monsterinsights_sitenote_note":"","_monsterinsights_sitenote_category":0,"footnotes":""},"categories":[69370],"tags":[69369,69368,43674],"class_list":["post-409791","post","type-post","status-publish","format-standard","hentry","category-adriana-moreno-cordero","tag-adriana-moreno-cordero","tag-la-retaguardia","tag-opinion"],"_links":{"self":[{"href":"https:\/\/www.diarioimagen.net\/index.php?rest_route=\/wp\/v2\/posts\/409791","targetHints":{"allow":["GET"]}}],"collection":[{"href":"https:\/\/www.diarioimagen.net\/index.php?rest_route=\/wp\/v2\/posts"}],"about":[{"href":"https:\/\/www.diarioimagen.net\/index.php?rest_route=\/wp\/v2\/types\/post"}],"author":[{"embeddable":true,"href":"https:\/\/www.diarioimagen.net\/index.php?rest_route=\/wp\/v2\/users\/3"}],"replies":[{"embeddable":true,"href":"https:\/\/www.diarioimagen.net\/index.php?rest_route=%2Fwp%2Fv2%2Fcomments&post=409791"}],"version-history":[{"count":0,"href":"https:\/\/www.diarioimagen.net\/index.php?rest_route=\/wp\/v2\/posts\/409791\/revisions"}],"wp:attachment":[{"href":"https:\/\/www.diarioimagen.net\/index.php?rest_route=%2Fwp%2Fv2%2Fmedia&parent=409791"}],"wp:term":[{"taxonomy":"category","embeddable":true,"href":"https:\/\/www.diarioimagen.net\/index.php?rest_route=%2Fwp%2Fv2%2Fcategories&post=409791"},{"taxonomy":"post_tag","embeddable":true,"href":"https:\/\/www.diarioimagen.net\/index.php?rest_route=%2Fwp%2Fv2%2Ftags&post=409791"}],"curies":[{"name":"wp","href":"https:\/\/api.w.org\/{rel}","templated":true}]}}