{"id":409810,"date":"2019-01-08T00:04:22","date_gmt":"2019-01-08T06:04:22","guid":{"rendered":"https:\/\/www.diarioimagen.net\/?p=409810"},"modified":"2019-01-08T02:14:22","modified_gmt":"2019-01-08T08:14:22","slug":"en-que-fallo-la-estrategia-antihuachicol","status":"publish","type":"post","link":"https:\/\/www.diarioimagen.net\/?p=409810","title":{"rendered":"\u00bfEn qu\u00e9 fall\u00f3 la estrategia antihuachicol?"},"content":{"rendered":"<h2>Poder y dinero<\/h2>\n<h5>V\u00edctor S\u00e1nchez Ba\u00f1os<\/h5>\n<p>&nbsp;<\/p>\n<p style=\"text-align: right;\"><em><strong>El mundo entero se aparta cuando ve pasar a un hombre que sabe a d\u00f3nde va<\/strong><br \/>\nAntoine De Saint Exup\u00e9ry, 1875-1961; escritor y aviador franc\u00e9s<\/em><\/p>\n<p>&nbsp;<\/p>\n<p>#FallaAcci\u00f3nAntihuachicol #CerraronDuctosEnSalamanca #BajanRobos #BajaDistribuci\u00f3n #Pemex #AMLO #SEDENA #P\u00e9simaComunicaci\u00f3n #Morena #Puebla #MorenoValle #ERikaAlonso #Barbosa #Yeidckol #Mart\u00edBatres #MercedGonz\u00e1lez #JuanMoya #Cofece #AlejandraPalacios #LeySalarios #Bur\u00f3cratas #Alsea #VaPorMiCuenta<\/p>\n<p>&nbsp;<\/p>\n<p>Claro que M\u00e9xico no enfrenta desabasto. Hay suficientes gasolina y gas LP. Sin embargo, la operaci\u00f3n realizada por el Ej\u00e9rcito en las instalaciones de la refiner\u00eda de Salamanca y los ductos que vienen de Deer Park (la refiner\u00eda que tiene Pemex en sociedad con Shell, en Texas) para frenar el huachicoleo en el Baj\u00edo no fue realizada con escrupulosa revisi\u00f3n de los protocolos. Simplemente, llegaron a cerrar los ductos. As\u00ed se fren\u00f3 la distribuci\u00f3n de combustibles.<\/p>\n<p>Tambi\u00e9n fue coincidental, aunque estoy convencido que no existen las coincidencias, que los estados afectados sean emanados de partidos opositores al gobierno federal. Cuando menos, eso es lo que quiero creer, ya que el radio de acci\u00f3n de la distribuci\u00f3n abarca los estados panistas de Aguascalientes, Guanajuato, Quer\u00e9taro y Tamaulipas, as\u00ed como al pri\u00edsta Estado de M\u00e9xico y el emecista Jalisco.<\/p>\n<p>El huachicoleo es un asunto de seguridad nacional, que fue desestimado por los gobiernos de Ernesto Zedillo, Vicente Fox, Felipe Calder\u00f3n y Enrique Pe\u00f1a Nieto. Casi treinta a\u00f1os de un robo indiscriminado de combustible a trav\u00e9s de los ductos deja p\u00e9rdidas fant\u00e1sticas al erario y el fortalecimiento de mafias de criminales organizados, dedicados a ese lucrativo negocio que tambi\u00e9n ha dejado una estela de muerte y terror.<\/p>\n<p>Cerrar los ductos se hace en unos minutos. Abrirlos debe hacerse con cuidado, por razones t\u00e9cnicas, ya que pueden provocar accidentes mortales, por una parte y darle tiempo para colocar v\u00e1lvulas a los huachicoleros para tener mayores \u201ccondiciones de seguridad\u201d para el robo de combustible.<\/p>\n<p>En esta columna, en los \u00faltimos a\u00f1os, he explicado las medidas que realizaron los gobiernos de Calder\u00f3n y Pe\u00f1a Nieto, para no invertir en sistemas de control de ductos, como ocurre en la mayor\u00eda de las naciones productoras de petr\u00f3leo. El costo de los sistemas de vigilancia, con un error de s\u00f3lo 25 cent\u00edmetros, como ocurre en Arabia Saudita, Qatar e incluso Rusia, es menos a los 50 millones de d\u00f3lares. M\u00e9xico pierde, anualmente, m\u00e1s de 3 mil millones de d\u00f3lares por ese tipo de delitos, as\u00ed como la p\u00e9rdida de vidas en explosiones y el clima de terror que se gener\u00f3 en las regiones donde pasan los ductos, como los estados del Baj\u00edo, Hidalgo, Puebla, Oaxaca, Veracruz, Oaxaca, entre otros.<\/p>\n<p>Van 2 boletines de Pemex, que dejan m\u00e1s dudas que certidumbre al consumidor que hace largas filas para surtirse de combustible. No cuentan con informaci\u00f3n suficiente para realizar sus labores cotidianas. S\u00f3lo el presidente Andr\u00e9s Manuel L\u00f3pez Obrador, es el que da a conocer la informaci\u00f3n gubernamental, pero al final de cuentas todo queda materialmente en las mismas condiciones.<\/p>\n<p><strong>PODEROSOS CABALLEROS<\/strong>: El presidente del Senado, Mart\u00ed Batres, tom\u00f3 protesta a Mar\u00eda Merced Gonz\u00e1lez y Roberto Juan Moya como senadores suplentes de Ang\u00e9lica Garc\u00eda Arrieta y Rafael Moreno Valle, quienes fallecieron el mes pasado. Ang\u00e9lica muri\u00f3 por razones \u201cnaturales\u201d en tanto que Moreno Valle, en un accidente en helic\u00f3ptero en compa\u00f1\u00eda de su esposa, la gobernadora de Puebla, Martha Erika Alonso, y otras 3 personas. *** Puebla es una herida abierta que no han evaluado en Morena y su l\u00edder Yeidckol Polevnsky la trascendencia de lo ocurrido. Lo ven fr\u00edamente como la muerte de sus opositores. Independientemente que se trat\u00f3 de seres humanos, aunque hayan tenido diferencias, ahora deben hacer un conteo de da\u00f1os de las consecuencias pol\u00edticas para el partido guinda de la muerte del matrimonio poblano. Quieren imponer a Miguel Barbosa, una vez m\u00e1s. Sin embargo, en el imaginario colectivo se ve al ex perredista como el principal beneficiario de la muerte de Alonso y Moreno Valle. Evaluar da\u00f1os y la conveniencia de sus candidatos, puede asegurarles retener los votos que gan\u00f3 L\u00f3pez Obrador en los pasados comicios. *** La Comisi\u00f3n Federal de Competencia Econ\u00f3mica, liderada por Alejandra Palacios, present\u00f3 ante la Suprema Corte una controversia constitucional contra la Ley Federal de Remuneraciones. Argument\u00f3 que genera incertidumbre y carece de fundamentos sobre c\u00f3mo regular los sueldos de los funcionarios. Las decisiones pol\u00edticas no son por capricho, sino por un proceso de an\u00e1lisis de consecuencias pol\u00edticas, econ\u00f3micas y sociales.<\/p>\n<p><strong>RESPONSABILIDAD SOCIAL CORPORATIVA<\/strong>: Fundaci\u00f3n Alsea, dirigida por Ivonne Madrid, a trav\u00e9s del movimiento \u201cVa por mi Cuenta\u201d opera y construye de 10 comedores infantiles llamados \u201cNuestro Comedor\u201d \u2013 ubicados en CDMX, Nuevo Le\u00f3n, Edomex, Coahuila y Oaxaca- en los cuales se han servido 2 millones de comidas a m\u00e1s de 3,500 ni\u00f1os en condici\u00f3n de pobreza alimentaria.<\/p>\n<p><em><a href=\"mailto:vsb@poderydinero.mx\" target=\"_blank\" rel=\"noopener\">vsb@poderydinero.mx<\/a><br \/>\n<\/em><em><strong>Twitter:<\/strong><a href=\"https:\/\/twitter.com\/vsanchezbanos\" target=\"_blank\" rel=\"noopener\">@vsanchezbano<br \/>\n<\/a><\/em><em><strong>Facebook:\u00a0<\/strong><a href=\"https:\/\/www.facebook.com\/vsanchezbanos?fref=ts\" target=\"_blank\" rel=\"noopener\">vsanchezbano<\/a><\/em><\/p>\n","protected":false},"excerpt":{"rendered":"<p><span style=\"color: #005497;\"><strong>V\u00edctor S\u00e1nchez Ba\u00f1os<\/strong><\/span><\/p>\n","protected":false},"author":3,"featured_media":0,"comment_status":"open","ping_status":"open","sticky":false,"template":"","format":"standard","meta":{"_monsterinsights_skip_tracking":false,"_monsterinsights_sitenote_active":false,"_monsterinsights_sitenote_note":"","_monsterinsights_sitenote_category":0,"footnotes":""},"categories":[38844],"tags":[43674,38847,38848],"class_list":["post-409810","post","type-post","status-publish","format-standard","hentry","category-victor-sanchez-banos","tag-opinion","tag-poder-y-dinero","tag-victor-sanchez-banos"],"_links":{"self":[{"href":"https:\/\/www.diarioimagen.net\/index.php?rest_route=\/wp\/v2\/posts\/409810","targetHints":{"allow":["GET"]}}],"collection":[{"href":"https:\/\/www.diarioimagen.net\/index.php?rest_route=\/wp\/v2\/posts"}],"about":[{"href":"https:\/\/www.diarioimagen.net\/index.php?rest_route=\/wp\/v2\/types\/post"}],"author":[{"embeddable":true,"href":"https:\/\/www.diarioimagen.net\/index.php?rest_route=\/wp\/v2\/users\/3"}],"replies":[{"embeddable":true,"href":"https:\/\/www.diarioimagen.net\/index.php?rest_route=%2Fwp%2Fv2%2Fcomments&post=409810"}],"version-history":[{"count":0,"href":"https:\/\/www.diarioimagen.net\/index.php?rest_route=\/wp\/v2\/posts\/409810\/revisions"}],"wp:attachment":[{"href":"https:\/\/www.diarioimagen.net\/index.php?rest_route=%2Fwp%2Fv2%2Fmedia&parent=409810"}],"wp:term":[{"taxonomy":"category","embeddable":true,"href":"https:\/\/www.diarioimagen.net\/index.php?rest_route=%2Fwp%2Fv2%2Fcategories&post=409810"},{"taxonomy":"post_tag","embeddable":true,"href":"https:\/\/www.diarioimagen.net\/index.php?rest_route=%2Fwp%2Fv2%2Ftags&post=409810"}],"curies":[{"name":"wp","href":"https:\/\/api.w.org\/{rel}","templated":true}]}}