{"id":409817,"date":"2019-01-10T00:17:32","date_gmt":"2019-01-10T06:17:32","guid":{"rendered":"https:\/\/www.diarioimagen.net\/?p=409817"},"modified":"2019-01-11T03:23:03","modified_gmt":"2019-01-11T09:23:03","slug":"guardia-nacional-necesidad-o-capricho","status":"publish","type":"post","link":"https:\/\/www.diarioimagen.net\/?p=409817","title":{"rendered":"Guardia Nacional, \u00bfnecesidad o capricho?"},"content":{"rendered":"<h2>Caleidoscopio<\/h2>\n<h5>Guillermina G\u00f3mora Ord\u00f3\u00f1ez<\/h5>\n<p>&nbsp;<\/p>\n<p>La presente semana se vuelve crucial para las fuerzas armadas de nuestro pa\u00eds, en especial para el Ej\u00e9rcito mexicano. A partir hoy, habr\u00e1 una serie de foros y consultas en la C\u00e1mara de Diputados para definir entre las fuerzas pol\u00edticas el tema de la Guardia Nacional, de manera que permita llegar al 16 de enero con una propuesta clara al pleno del Congreso federal.<\/p>\n<p>Se trata de una concesi\u00f3n de la \u201cmayor\u00eda legislativa\u201d (Morena) a quienes se oponen a un proyecto que avanza, aun sin aprobarse las reformas constitucionales. Recordemos que el presidente <strong>Andr\u00e9s Manuel L\u00f3pez Obrador<\/strong>, lanz\u00f3 la convocatoria a los j\u00f3venes para integrarse a la Guardia Nacional y \u201cla <strong>Secretar\u00eda de la Defensa Nacional<\/strong> (<strong>Sedena<\/strong>) ya tiene un proyecto de inversi\u00f3n de m\u00e1s de 12 mil millones de pesos s\u00f3lo para adquirir los veh\u00edculos para operaciones, patrullaje y traslado de tropas\u201d (diario \u201cReforma\u201d).<\/p>\n<p>As\u00ed las cosas, los debates entre legisladores, gobernadores, alcaldes, organizaciones de la sociedad civil y especialistas, sobre la creaci\u00f3n de la mencionada guardia, se reducen a una pantomima, pues la decisi\u00f3n est\u00e1 tomada. Lo deseable ser\u00eda que se consideraran las opiniones de los diversos grupos sociales y se dejaran de lado las simulaciones.<\/p>\n<p>M\u00e9xico vive tiempos complicados en materia de seguridad y violencia. La guerra fallida iniciada en los primeros d\u00edas de diciembre de 2006, con las tanquetas del Ej\u00e9rcito en las calles de Michoac\u00e1n, nos han conducido a situaciones jam\u00e1s imaginadas. El terror y el temor se instalaron en nuestro quehacer cotidiano. Pasamos del asombro a la costumbre de ver fotos y escenas dantescas.<\/p>\n<p>La descomposici\u00f3n del tejido social creci\u00f3 y hoy llevamos a cuestas una generaci\u00f3n en decadencia que pasa factura. El M\u00e9xico de j\u00f3venes al que los pol\u00edticos de anta\u00f1o le apostaban para salir del atraso, de pronto se fren\u00f3 y nadie hizo nada. \u00bfO todos sab\u00edan de la podredumbre e hicieron o\u00eddos sordos y de la vista gorda? \u00bfEs mejor pecar de omisi\u00f3n que aceptar la responsabilidad de un mal gobierno, en el nivel de que se trate? S\u00ed. La impunidad y la anarqu\u00eda se instalaron.<\/p>\n<p>El cerco militar establecido en algunas zonas del pa\u00eds, no ha logrado restablecer la paz. Tan s\u00f3lo en 2018 se registraron casi 30 mil homicidios dolosos (SNSP), el territorio nacional pas\u00f3 de ser \u201cel cuerno de la abundancia\u201d a un cementerio con m\u00e1s de mil 300 fosas clandestinas (CNDH), el desplazamiento interno de casi 330 mil personas en M\u00e9xico desde 2006, (CMDPDH), el incremento en m\u00e1s de 50% de los secuestros en los \u00faltimos seis a\u00f1os (Alto al Secuestro), o los m\u00e1s de 37 mil desaparecidos (Registro Nacional de Datos de Personas Extraviadas o Desaparecidas), son dramas que afectan y enlutan a millones de familias. Ciudadanos que exigen justicia.<\/p>\n<p>Una asignatura pendiente desde hace a\u00f1os y que acab\u00f3 de pervertirse durante la declaraci\u00f3n abierta de la guerra contra el narcotr\u00e1fico. La ignominiosa mancuerna corrupci\u00f3n e impunidad le pusieron precio a la procuraci\u00f3n e impartici\u00f3n de justicia mexicana.<\/p>\n<p>Sus efectos en materia de seguridad, los conocemos y los padecemos. Transitamos de las polic\u00edas municipales, estatales o federales (ciudadanos) a un modelo militarizado. La promesa de campa\u00f1a de regresar a los soldados a los cuarteles deber\u00e1 esperar.<\/p>\n<p>Hoy, la respuesta federal a los problemas de seguridad interior que han rebasado a la seguridad p\u00fablica, se atender\u00e1n con la pol\u00e9mica Guardia Nacional. Todo indica que en un periodo extraordinario entre el 16 y el 17 de enero se aprobar\u00e1n las reformas constitucionales para su creaci\u00f3n, como lo inform\u00f3 el <strong>coordinador de Morena, Mario Delgado.<\/strong><\/p>\n<p>Baste recordar que las soluciones m\u00e1gicas no existen. Se necesitan estrategias integrales, para llegar a diagn\u00f3sticos correctos. Ojal\u00e1 escuchen a la sociedad civil y hagan corresponsables a las autoridades municipales, gobernadores y funcionarios federales involucrados en garantizar la seguridad. 2019 ser\u00e1 clave para demostrar que las fuerzas armadas han actuado bien, siempre y cuando la justicia civil respete y aplique la ley.<\/p>\n<p>De lo contrario, se confirmar\u00edan los temores de las organizaciones civiles al considerar que a trav\u00e9s de la Guardia Nacional se busca perpetuar la militarizaci\u00f3n de la seguridad p\u00fablica.<\/p>\n<p>&nbsp;<\/p>\n<p style=\"text-align: center;\"><strong>VERICUENTOS<\/strong><\/p>\n<p style=\"text-align: center;\"><strong>Senado palomea a fiscal<\/strong><\/p>\n<p><strong>Mart\u00ed Batres, presidente de la Mesa Directiva del Senado<\/strong>, confirm\u00f3 que ma\u00f1ana la Comisi\u00f3n de Justicia deber\u00e1 elaborar el listado de qui\u00e9nes cumplen con los requisitos para aspirar al cargo de fiscal general. De 27 inscritos, s\u00f3lo quedar\u00e1n 10, que despu\u00e9s de tener el Vo.Bo. de la Junta de Coordinaci\u00f3n Pol\u00edtica y la aprobaci\u00f3n en el pleno del Senado, deber\u00e1n pasar el filtro presidencial, que deber\u00e1 elaborar la terna para\u00a0 regresar a esta C\u00e1mara y escoger uno para nombrarlo como fiscal general. Anote a: <strong>Bernardo B\u00e1tiz; Alejandro Gertz Manero y Eva Ver\u00f3nica de Gyves<\/strong>.\u00a0 <strong>\u00a1Haga sus apuestas!<\/strong><\/p>\n<p>Feliz a\u00f1o 2019 estimados lectores, gracias por su confianza y su tiempo.<\/p>\n<p><a href=\"mailto:guillegomora@hotmail.com\" target=\"_blank\" rel=\"noopener\"><em>guillegomora@hotmail.com<\/em><\/a><br \/>\n<i><\/i><a href=\"https:\/\/twitter.com\/guillegomora?lang=es\" target=\"_blank\" rel=\"noopener noreferrer\"><i>@guillegomora<\/i><\/a><\/p>\n","protected":false},"excerpt":{"rendered":"<p><span style=\"color: #005497;\"><strong>Guillermina G\u00f3mora Ord\u00f3\u00f1ez<\/strong><\/span><\/p>\n","protected":false},"author":3,"featured_media":0,"comment_status":"open","ping_status":"open","sticky":false,"template":"","format":"standard","meta":{"_monsterinsights_skip_tracking":false,"_monsterinsights_sitenote_active":false,"_monsterinsights_sitenote_note":"","_monsterinsights_sitenote_category":0,"footnotes":""},"categories":[58361],"tags":[58362,58363,43674],"class_list":["post-409817","post","type-post","status-publish","format-standard","hentry","category-guillermina-gomora-ordonez","tag-caleidoscopio","tag-guillermina-gomora-ordonez","tag-opinion"],"_links":{"self":[{"href":"https:\/\/www.diarioimagen.net\/index.php?rest_route=\/wp\/v2\/posts\/409817","targetHints":{"allow":["GET"]}}],"collection":[{"href":"https:\/\/www.diarioimagen.net\/index.php?rest_route=\/wp\/v2\/posts"}],"about":[{"href":"https:\/\/www.diarioimagen.net\/index.php?rest_route=\/wp\/v2\/types\/post"}],"author":[{"embeddable":true,"href":"https:\/\/www.diarioimagen.net\/index.php?rest_route=\/wp\/v2\/users\/3"}],"replies":[{"embeddable":true,"href":"https:\/\/www.diarioimagen.net\/index.php?rest_route=%2Fwp%2Fv2%2Fcomments&post=409817"}],"version-history":[{"count":0,"href":"https:\/\/www.diarioimagen.net\/index.php?rest_route=\/wp\/v2\/posts\/409817\/revisions"}],"wp:attachment":[{"href":"https:\/\/www.diarioimagen.net\/index.php?rest_route=%2Fwp%2Fv2%2Fmedia&parent=409817"}],"wp:term":[{"taxonomy":"category","embeddable":true,"href":"https:\/\/www.diarioimagen.net\/index.php?rest_route=%2Fwp%2Fv2%2Fcategories&post=409817"},{"taxonomy":"post_tag","embeddable":true,"href":"https:\/\/www.diarioimagen.net\/index.php?rest_route=%2Fwp%2Fv2%2Ftags&post=409817"}],"curies":[{"name":"wp","href":"https:\/\/api.w.org\/{rel}","templated":true}]}}