{"id":409821,"date":"2019-01-08T00:08:27","date_gmt":"2019-01-08T06:08:27","guid":{"rendered":"https:\/\/www.diarioimagen.net\/?p=409821"},"modified":"2019-01-08T06:40:08","modified_gmt":"2019-01-08T12:40:08","slug":"las-desgracias-colectivas-2","status":"publish","type":"post","link":"https:\/\/www.diarioimagen.net\/?p=409821","title":{"rendered":"Las desgracias colectivas"},"content":{"rendered":"<h2>Punto por punto<\/h2>\n<h5>Augusto Corro<\/h5>\n<p>&nbsp;<\/p>\n<div id=\"attachment_409904\" style=\"width: 470px\" class=\"wp-caption aligncenter\"><a href=\"https:\/\/www.diarioimagen.net\/?attachment_id=409904\" rel=\"attachment wp-att-409904\"><img loading=\"lazy\" decoding=\"async\" aria-describedby=\"caption-attachment-409904\" class=\"size-large wp-image-409904\" src=\"https:\/\/www.diarioimagen.net\/wp-content\/uploads\/2019\/01\/EN-VIAS-DE-EXTINCION-jose-luis-460x386.jpg\" alt=\"\" width=\"460\" height=\"386\" srcset=\"https:\/\/www.diarioimagen.net\/wp-content\/uploads\/2019\/01\/EN-VIAS-DE-EXTINCION-jose-luis-460x386.jpg 460w, https:\/\/www.diarioimagen.net\/wp-content\/uploads\/2019\/01\/EN-VIAS-DE-EXTINCION-jose-luis-240x201.jpg 240w, https:\/\/www.diarioimagen.net\/wp-content\/uploads\/2019\/01\/EN-VIAS-DE-EXTINCION-jose-luis-768x644.jpg 768w, https:\/\/www.diarioimagen.net\/wp-content\/uploads\/2019\/01\/EN-VIAS-DE-EXTINCION-jose-luis.jpg 1200w\" sizes=\"auto, (max-width: 460px) 100vw, 460px\" \/><\/a><p id=\"caption-attachment-409904\" class=\"wp-caption-text\">En v\u00edas de extinci\u00f3n&#8230; | Jos\u00e9 Luis<\/p><\/div>\n<p>&nbsp;<\/p>\n<p>Vivimos tiempos dif\u00edciles. Las desgracias colectivas se multiplican y el sufrimiento humano pocas veces es atendido.<\/p>\n<p>Si bien es cierto que los da\u00f1os de los fen\u00f3menos naturales dif\u00edcilmente se evitan, existen otros problemas, como el migratorio, que podr\u00eda solucionarse, pero nadie lo intenta.<\/p>\n<p>En esas condiciones la sociedad latinoamericana lleg\u00f3 a una situaci\u00f3n de desamparo total.<\/p>\n<p>Si se trata de las tragedias derivadas de los terremotos, la poblaci\u00f3n tiene que enfrentar, con sus propios recursos, la fatalidad.<\/p>\n<p>Cuando se trata de los da\u00f1os provocados por los huracanes, la sociedad tambi\u00e9n hace lo mismo.<\/p>\n<p>El conflicto migratorio que afecta a los centroamericanos empez\u00f3 a generarse hace muchos a\u00f1os y ning\u00fan gobierno se empe\u00f1\u00f3 en frenarlo.<\/p>\n<p>En el presente, las caravanas de miles de migrantes son una realidad que, sin duda, altera la convivencia social.\u00a0 Quienes abandonan sus lugares de origen buscan mejores condicione de vida en otras latitudes, donde pocas veces encuentran una respuesta favorable.<\/p>\n<p>As\u00ed ocurri\u00f3 durante muchos a\u00f1os. Y fue Estados Unidos (EU) la meta m\u00e1s importante de los migrantes que hu\u00edan de la pobreza.<\/p>\n<p>Ahora, son m\u00e1s las necesidades que obligan a los centroamericanos y mexicanos a huir de sus pa\u00edses. Ya no se trata \u00fanicamente de dejar la pobreza, sino de salvar la vida.<\/p>\n<p>La delincuencia se encarg\u00f3 de sembrar el terror y erigirse en la due\u00f1a de vidas y haciendas. Son las bandas de hampones los encargados de administrar la justicia.<\/p>\n<p>Y los migrantes forman las caravanas no solamente de gente en busca de empleo, sino de familias que huyen de los delincuentes.<\/p>\n<p>Es digna de consideraci\u00f3n la crisis que viven los miles de centroamericanos que decidieron incursionar en territorio mexicano para llegar a EU, a pesar de la mala fama de nuestras polic\u00edas y del peligro que representa la delincuencia organizada.<\/p>\n<p>En \u00e9pocas pasadas, M\u00e9xico ten\u00eda fama de ser un pa\u00eds amigable, donde los perseguidos pol\u00edticos recib\u00edan asilo y todos los extranjeros eran atendidos con cortes\u00eda y buenos tratos.<\/p>\n<p>En el presente, los mexicanos tenemos la oportunidad de recuperar esa imagen de buenos anfitriones. Sobre todo mostrarle al mundo que sabemos ponernos en los zapatos de aquellos que son v\u00edctimas de la desgracia.\u00a0 El problema de la migraci\u00f3n cada vez ser\u00e1 mayor. M\u00e1s caravanas de migrantes llegar\u00e1n a nuestro pa\u00eds para quedarse o en ruta hacia EU. Nuestra obligaci\u00f3n es brindarles un trato digno.\u00a0 \u00bfUsted qu\u00e9 opina amable lector?<\/p>\n<p style=\"text-align: center;\"><strong>LISTO, EL PLAN DE SEGURIDAD NACIONAL<\/strong><\/p>\n<p>De acuerdo con la informaci\u00f3n en diferentes medios, el gobierno de Andr\u00e9s Manuel L\u00f3pez Obrador ya tiene listo el Plan de Seguridad Nacional.\u00a0 El presidente se reuni\u00f3 con los funcionarios que se encargar\u00e1n de aplicar la estrategia de pacificaci\u00f3n.<\/p>\n<p>Por lo pronto, el futuro secretario de Seguridad P\u00fablica, Alfonso Durazo,\u00a0 dijo que el gobierno no comprar\u00e1 armas, ni gastar\u00e1 en tecnolog\u00eda.<\/p>\n<p>Se\u00f1al\u00f3 que el Estado mexicano cuenta con suficiente capacidad tecnol\u00f3gica y de armamento.<\/p>\n<p>Explic\u00f3 que dicho plan ya est\u00e1 definido y que y que dividir\u00e1n al pa\u00eds en 266 regiones, de las cuales 40% son de alta incidencia delictiva. Se distribuir\u00e1 el estado de fuerza con la que actualmente cuenta el gobierno federal. Se trata de uno de los temas m\u00e1s importantes a resolver por parte del nuevo gobierno que presidir\u00e1 L\u00f3pez Obrador.\u00a0 En gobiernos anteriores y en el presente, fueron un fraude las estrategias contra la delincuencia organizada. \u00a0La estrategia fallida de Felipe Calder\u00f3n s\u00f3lo dej\u00f3 miles de muertos, desaparecidos, hu\u00e9rfanos y viudas.<\/p>\n<p>Se pens\u00f3 que el presidente Enrique Pe\u00f1a Nieto cambiar\u00eda el plan, pero no lo hizo. Los delincuentes se multiplicaron. La cifra de personas asesinadas creci\u00f3, incontenible.<\/p>\n<p>Esperemos que esas estrategias err\u00f3neas ni siquiera vuelvan a mencionarse. Ahora M\u00e9xico se encuentra convertido en una fosa clandestina may\u00fascula y cada d\u00eda se descubren m\u00e1s y m\u00e1s cad\u00e1veres.<\/p>\n<p>La espiral de violencia que azota al pa\u00eds amenaza con incrementarse ante la ineptitud de las autoridades para frenarla y erradicarla.<\/p>\n<p>Las acciones delincuenciales se registran diariamente en asaltos, secuestros, extorsiones y asesinatos. En los \u00faltimos a\u00f1os se agudiz\u00f3 el delito de feminicidio. La corrupci\u00f3n de nuestras autoridades y de las polic\u00edas propiciaron un clima de impunidad que agrav\u00f3 la situaci\u00f3n, ya de por s\u00ed dif\u00edcil en la lucha contra la delincuencia.<\/p>\n<p>Las autoridades\u00a0 tienen la responsabilidad de traernos la seguridad y la paz perdidas hace varios a\u00f1os.<\/p>\n<p><em><u><a href=\"mailto:aco2742@hotmail.com\" target=\"_blank\" rel=\"noopener\">aco2742@hotmail.com<\/a><\/u><\/em><\/p>\n","protected":false},"excerpt":{"rendered":"<p><span style=\"color: #005497;\"><strong>Augusto Corro<\/strong><\/span><br \/>\n<br \/>\nVivimos tiempos dif\u00edciles. Las desgracias colectivas se multiplican y el sufrimiento humano pocas veces es atendido.<\/p>\n","protected":false},"author":3,"featured_media":409904,"comment_status":"open","ping_status":"open","sticky":false,"template":"","format":"standard","meta":{"_monsterinsights_skip_tracking":false,"_monsterinsights_sitenote_active":false,"_monsterinsights_sitenote_note":"","_monsterinsights_sitenote_category":0,"footnotes":""},"categories":[157],"tags":[43686,43674,11515],"class_list":["post-409821","post","type-post","status-publish","format-standard","has-post-thumbnail","hentry","category-augusto-corro","tag-augusto-corro","tag-opinion","tag-punto-por-punto"],"_links":{"self":[{"href":"https:\/\/www.diarioimagen.net\/index.php?rest_route=\/wp\/v2\/posts\/409821","targetHints":{"allow":["GET"]}}],"collection":[{"href":"https:\/\/www.diarioimagen.net\/index.php?rest_route=\/wp\/v2\/posts"}],"about":[{"href":"https:\/\/www.diarioimagen.net\/index.php?rest_route=\/wp\/v2\/types\/post"}],"author":[{"embeddable":true,"href":"https:\/\/www.diarioimagen.net\/index.php?rest_route=\/wp\/v2\/users\/3"}],"replies":[{"embeddable":true,"href":"https:\/\/www.diarioimagen.net\/index.php?rest_route=%2Fwp%2Fv2%2Fcomments&post=409821"}],"version-history":[{"count":0,"href":"https:\/\/www.diarioimagen.net\/index.php?rest_route=\/wp\/v2\/posts\/409821\/revisions"}],"wp:featuredmedia":[{"embeddable":true,"href":"https:\/\/www.diarioimagen.net\/index.php?rest_route=\/wp\/v2\/media\/409904"}],"wp:attachment":[{"href":"https:\/\/www.diarioimagen.net\/index.php?rest_route=%2Fwp%2Fv2%2Fmedia&parent=409821"}],"wp:term":[{"taxonomy":"category","embeddable":true,"href":"https:\/\/www.diarioimagen.net\/index.php?rest_route=%2Fwp%2Fv2%2Fcategories&post=409821"},{"taxonomy":"post_tag","embeddable":true,"href":"https:\/\/www.diarioimagen.net\/index.php?rest_route=%2Fwp%2Fv2%2Ftags&post=409821"}],"curies":[{"name":"wp","href":"https:\/\/api.w.org\/{rel}","templated":true}]}}