{"id":409907,"date":"2019-01-09T00:11:41","date_gmt":"2019-01-09T06:11:41","guid":{"rendered":"https:\/\/www.diarioimagen.net\/?p=409907"},"modified":"2019-01-08T23:30:05","modified_gmt":"2019-01-09T05:30:05","slug":"acuerdan-ministros-de-la-scjn-reducen-25-su-salario","status":"publish","type":"post","link":"https:\/\/www.diarioimagen.net\/?p=409907","title":{"rendered":"Acuerdan ministros de SCJN reducir 25% salario"},"content":{"rendered":"<ul>\n<li><em><strong>Ahora percibir\u00e1n 201 mil 912 pesos<\/strong><\/em><\/li>\n<li><em><strong>Anualmente ganaban 3 millones 230 mil 580 pesos<\/strong><\/em><\/li>\n<\/ul>\n<p>&nbsp;<\/p>\n<div id=\"attachment_409908\" style=\"width: 470px\" class=\"wp-caption aligncenter\"><img loading=\"lazy\" decoding=\"async\" aria-describedby=\"caption-attachment-409908\" class=\"wp-image-409908 size-large\" src=\"https:\/\/www.diarioimagen.net\/wp-content\/uploads\/2019\/01\/MINISTROS9-portal-460x268.jpg\" alt=\"\" width=\"460\" height=\"268\" srcset=\"https:\/\/www.diarioimagen.net\/wp-content\/uploads\/2019\/01\/MINISTROS9-portal-460x268.jpg 460w, https:\/\/www.diarioimagen.net\/wp-content\/uploads\/2019\/01\/MINISTROS9-portal-240x140.jpg 240w, https:\/\/www.diarioimagen.net\/wp-content\/uploads\/2019\/01\/MINISTROS9-portal.jpg 480w\" sizes=\"auto, (max-width: 460px) 100vw, 460px\" \/><p id=\"caption-attachment-409908\" class=\"wp-caption-text\">El pleno de la SCJN acord\u00f3 que las remuneraciones de los 11 ministros ser\u00e1n disminuidas en un 25 por ciento.<\/p><\/div>\n<p>&nbsp;<\/p>\n<p>Como medida de racionalidad del gasto p\u00fablico, el pleno de la Suprema Corte de Justicia de la Naci\u00f3n (SCJN) acord\u00f3 que las remuneraciones de los 11 ministros ser\u00e1n disminuidas en un 25 por ciento, respecto de las percibidas en el ejercicio fiscal 2018.<\/p>\n<p>Al iniciar la sesi\u00f3n del pleno, el presidente de la Corte, Arturo Zald\u00edvar Lelo de Larrea, dijo que las percepciones que reciben los ministros del m\u00e1ximo tribunal de justicia del pa\u00eds no pueden ser diferenciadas ni pueden ser disminuidas por actos provenientes de otros poderes.<\/p>\n<p>\u201cSin embargo, ello no impide que en ejercicio de su independencia y autonom\u00eda de gesti\u00f3n presupuestal, la Suprema Corte de Justicia de la Naci\u00f3n ejerza una autorregulaci\u00f3n de las remuneraciones de sus integrantes bajo los principios de eficiencia, eficacia, econom\u00eda, transparencia y honradez que la propia Constituci\u00f3n establece\u201d, expres\u00f3.<\/p>\n<p>Durante los \u00faltimos a\u00f1os, los ministros percib\u00edan un sueldo mensual de 269 mil 215 pesos, por lo que ahora ser\u00e1 de 201 mil 912 pesos.<\/p>\n<p>Anualmente, los ministros ganaban 3 millones 230 mil 580 pesos, pero con la disminuci\u00f3n s\u00f3lo recibir\u00e1n 2 millones 422 mil 932 pesos.<\/p>\n<p>De acuerdo con funcionarios judiciales, se acord\u00f3 que el nuevo integrante que sustituir\u00e1 a la ministra Margarita Luna Ramos, quien se retirar\u00e1 en febrero, perciba el mismo ingreso y que \u00e9ste no sea menor al del presidente de la Rep\u00fablica, Andr\u00e9s Manuel L\u00f3pez Obrador, quien ganar\u00e1 al a\u00f1o un mill\u00f3n 663 mil 53 pesos.<\/p>\n<p>Ayer, los 11 ministros llegaron a un acuerdo sobre su reducci\u00f3n salarial como parte de la nueva pol\u00edtica de austeridad impulsada por la presidencia del Alto Tribunal, mismas que ser\u00e1n complementadas con otras medidas que ser\u00e1n dadas a conocer una vez que se llegue a nuevos acuerdos.<\/p>\n<p>Adem\u00e1s, las presidencias de la Corte y del Consejo de la Judicatura Federal revisar\u00e1n y, en su caso, publicar\u00e1n los montos de las remuneraciones de magistrados y jueces del Poder Judicial de la Federaci\u00f3n, conforme a lo aprobado en el Presupuesto de Egresos federal 2019.<\/p>\n<p>Ello, a efecto de asegurar, como establece el art\u00edculo 94 de la Constituci\u00f3n Pol\u00edtica Mexicana, que sus remuneraciones no sean disminuidas durante su encargo, indic\u00f3 la Suprema Corte de Justicia de la Naci\u00f3n, a trav\u00e9s de un comunicado.<\/p>\n<p>Refiri\u00f3 que estas determinaciones obedecen a la pol\u00edtica de austeridad impulsada por la presidencia del \u00f3rgano judicial y ser\u00e1n complementadas con otras medidas que ser\u00e1n oportunamente comunicadas a la opini\u00f3n p\u00fablica.<\/p>\n<p>Adem\u00e1s, con base en el acuerdo de los ministros, se tomar\u00e1n medidas para asegurar la independencia de magistrados, jueces y de todos los servidores p\u00fablicos del Poder Judicial de la Federaci\u00f3n frente a otros poderes.<\/p>\n","protected":false},"excerpt":{"rendered":"<p>Como medida de racionalidad del gasto p\u00fablico, el pleno de la Suprema Corte de Justicia de la Naci\u00f3n (SCJN) acord\u00f3 que las remuneraciones de los 11 ministros ser\u00e1n disminuidas en un 25 por ciento, respecto de las percibidas en el ejercicio fiscal 2018.<\/p>\n","protected":false},"author":5,"featured_media":409908,"comment_status":"open","ping_status":"open","sticky":false,"template":"","format":"standard","meta":{"_monsterinsights_skip_tracking":false,"_monsterinsights_sitenote_active":false,"_monsterinsights_sitenote_note":"","_monsterinsights_sitenote_category":0,"footnotes":""},"categories":[3],"tags":[43673,1373,43017,2852,80801],"class_list":["post-409907","post","type-post","status-publish","format-standard","has-post-thumbnail","hentry","category-nacional","tag-nacional","tag-poder-judicial-de-la-federacion","tag-reduccion","tag-scjn","tag-sueldo"],"_links":{"self":[{"href":"https:\/\/www.diarioimagen.net\/index.php?rest_route=\/wp\/v2\/posts\/409907","targetHints":{"allow":["GET"]}}],"collection":[{"href":"https:\/\/www.diarioimagen.net\/index.php?rest_route=\/wp\/v2\/posts"}],"about":[{"href":"https:\/\/www.diarioimagen.net\/index.php?rest_route=\/wp\/v2\/types\/post"}],"author":[{"embeddable":true,"href":"https:\/\/www.diarioimagen.net\/index.php?rest_route=\/wp\/v2\/users\/5"}],"replies":[{"embeddable":true,"href":"https:\/\/www.diarioimagen.net\/index.php?rest_route=%2Fwp%2Fv2%2Fcomments&post=409907"}],"version-history":[{"count":0,"href":"https:\/\/www.diarioimagen.net\/index.php?rest_route=\/wp\/v2\/posts\/409907\/revisions"}],"wp:featuredmedia":[{"embeddable":true,"href":"https:\/\/www.diarioimagen.net\/index.php?rest_route=\/wp\/v2\/media\/409908"}],"wp:attachment":[{"href":"https:\/\/www.diarioimagen.net\/index.php?rest_route=%2Fwp%2Fv2%2Fmedia&parent=409907"}],"wp:term":[{"taxonomy":"category","embeddable":true,"href":"https:\/\/www.diarioimagen.net\/index.php?rest_route=%2Fwp%2Fv2%2Fcategories&post=409907"},{"taxonomy":"post_tag","embeddable":true,"href":"https:\/\/www.diarioimagen.net\/index.php?rest_route=%2Fwp%2Fv2%2Ftags&post=409907"}],"curies":[{"name":"wp","href":"https:\/\/api.w.org\/{rel}","templated":true}]}}