{"id":410203,"date":"2019-01-10T00:04:34","date_gmt":"2019-01-10T06:04:34","guid":{"rendered":"https:\/\/www.diarioimagen.net\/?p=410203"},"modified":"2019-01-10T05:18:28","modified_gmt":"2019-01-10T11:18:28","slug":"emprenden-programa-urgente-de-bacheo-en-las-vialidades-de-ecatepec","status":"publish","type":"post","link":"https:\/\/www.diarioimagen.net\/?p=410203","title":{"rendered":"Emprenden programa urgente de bacheo en las vialidades de Ecatepec"},"content":{"rendered":"<ul>\n<li><strong><em>\u201cRecibimos un municipio destruido\u201d: alcalde Fernando Vilchis<\/em><\/strong><\/li>\n<\/ul>\n<p>&nbsp;<\/p>\n<div id=\"attachment_410279\" style=\"width: 470px\" class=\"wp-caption aligncenter\"><a href=\"https:\/\/www.diarioimagen.net\/?attachment_id=410279\" rel=\"attachment wp-att-410279\"><img loading=\"lazy\" decoding=\"async\" aria-describedby=\"caption-attachment-410279\" class=\"size-large wp-image-410279\" src=\"https:\/\/www.diarioimagen.net\/wp-content\/uploads\/2019\/01\/ECATEPEC-10-460x259.jpg\" alt=\"\" width=\"460\" height=\"259\" srcset=\"https:\/\/www.diarioimagen.net\/wp-content\/uploads\/2019\/01\/ECATEPEC-10-460x259.jpg 460w, https:\/\/www.diarioimagen.net\/wp-content\/uploads\/2019\/01\/ECATEPEC-10-240x135.jpg 240w, https:\/\/www.diarioimagen.net\/wp-content\/uploads\/2019\/01\/ECATEPEC-10-235x132.jpg 235w, https:\/\/www.diarioimagen.net\/wp-content\/uploads\/2019\/01\/ECATEPEC-10-202x114.jpg 202w, https:\/\/www.diarioimagen.net\/wp-content\/uploads\/2019\/01\/ECATEPEC-10-350x196.jpg 350w, https:\/\/www.diarioimagen.net\/wp-content\/uploads\/2019\/01\/ECATEPEC-10-220x123.jpg 220w, https:\/\/www.diarioimagen.net\/wp-content\/uploads\/2019\/01\/ECATEPEC-10-237x132.jpg 237w, https:\/\/www.diarioimagen.net\/wp-content\/uploads\/2019\/01\/ECATEPEC-10.jpg 480w\" sizes=\"auto, (max-width: 460px) 100vw, 460px\" \/><\/a><p id=\"caption-attachment-410279\" class=\"wp-caption-text\">Fernando Vilchis Contreras inform\u00f3 que ser\u00e1n utilizadas 84 toneladas de asfalto diarias, lo que equivale a 38.2 metros c\u00fabicos de material para reparar vialidades.<\/p><\/div>\n<p>&nbsp;<\/p>\n<p><strong>Ecatepec, Estado de M\u00e9xico<\/strong>.- El presidente municipal de Ecatepec, Fernando Vilchis Contreras, dio el banderazo de salida a ocho cuadrillas que realizar\u00e1n trabajos de bacheo y balizamiento para mejorar calles y avenidas de la localidad que han carecido de atenci\u00f3n desde hace m\u00e1s de tres a\u00f1os.<\/p>\n<p>Inform\u00f3 que en esta primera etapa de bacheo ser\u00e1n utilizadas 84 toneladas de asfalto diarias, lo que equivale a 38.2 metros c\u00fabicos de material para reparar vialidades principales como las avenidas Revoluci\u00f3n (30-30) en ambos sentidos, Adolfo L\u00f3pez Mateos (R-1) y la V\u00eda Morelos.<\/p>\n<p>\u201cPara nuestra administraci\u00f3n es prioridad mejorar las vialidades de nuestro municipio para brindar mejor y mayor movilidad a quienes transitan diariamente por aqu\u00ed, la ciudadan\u00eda merece vialidades en donde se pueda desplazar r\u00e1pidamente y con seguridad\u201d. Destac\u00f3 que los trabajos de pavimentaci\u00f3n ser\u00e1n permanentes y semanalmente reparar\u00e1n m\u00e1s de 4 mil 500 metros cuadrados de \u00a0carpeta asf\u00e1ltica, con apoyo de tres grupos de cuadrillas del departamento de bacheo.<\/p>\n<p>Agreg\u00f3 que adem\u00e1s de estas labores, tambi\u00e9n participan tres camiones y tres cuadrillas de balizamiento para las calles, adem\u00e1s de una cuadrilla de mobiliario urbano encargado del encalado de \u00e1rboles y pinta de postes, adem\u00e1s de una cuadrilla que recolectar\u00e1 los residuos generados de los trabajos.<\/p>\n<p>Detall\u00f3 que en esta primera fase beneficiar\u00e1n a comunidades como Las Vegas Xalostoc, Granjas Valle de Guadalupe, Emiliano Zapata Segunda Secci\u00f3n,\u00a0 Villas de Guadalupe Xalostoc, La Popular, San Juan Alcahuacan, Santa \u00c1gueda, entre otras.<\/p>\n<p>Indic\u00f3 que con este programa tambi\u00e9n evitar\u00e1n accidentes viales y da\u00f1o a veh\u00edculos, ya que se mejora el rodamiento y la condici\u00f3n de diversas calles del municipio.<\/p>\n<p>De acuerdo con el alcalde, se recibi\u00f3 un municipio destruido en materia de infraestructura urbana, debido a la falta de mantenimiento en vialidades que ahora lucen llenas de baches.<\/p>\n<p>Agreg\u00f3 que su gobierno decidi\u00f3 emprender un programa urgente para recuperar la imagen urbana del municipio y la movilidad de las avenidas principales de Ecatepec.<\/p>\n<p>Estos trabajos se unen al programa de entrega de agua gratuita con m\u00e1s de 40 pipas que inici\u00f3 el presidente municipal Fernando Vilchis, con el objetivo de mejorar los servicios p\u00fablicos en la localidad.<\/p>\n","protected":false},"excerpt":{"rendered":"<p>El presidente municipal de Ecatepec, Fernando Vilchis Contreras, dio el banderazo de salida a ocho cuadrillas que realizar\u00e1n trabajos de bacheo y balizamiento para mejorar calles y avenidas de la localidad que han carecido de atenci\u00f3n desde hace m\u00e1s de tres a\u00f1os.<\/p>\n","protected":false},"author":3,"featured_media":410279,"comment_status":"open","ping_status":"open","sticky":false,"template":"","format":"standard","meta":{"_monsterinsights_skip_tracking":false,"_monsterinsights_sitenote_active":false,"_monsterinsights_sitenote_note":"","_monsterinsights_sitenote_category":0,"footnotes":""},"categories":[35155],"tags":[47890,454,43675,81654],"class_list":["post-410203","post","type-post","status-publish","format-standard","has-post-thumbnail","hentry","category-estado-de-mexico-estado-de-mexico","tag-bacheo","tag-ecatepec","tag-estado-de-mexico","tag-fernando-vilchis-contreras"],"_links":{"self":[{"href":"https:\/\/www.diarioimagen.net\/index.php?rest_route=\/wp\/v2\/posts\/410203","targetHints":{"allow":["GET"]}}],"collection":[{"href":"https:\/\/www.diarioimagen.net\/index.php?rest_route=\/wp\/v2\/posts"}],"about":[{"href":"https:\/\/www.diarioimagen.net\/index.php?rest_route=\/wp\/v2\/types\/post"}],"author":[{"embeddable":true,"href":"https:\/\/www.diarioimagen.net\/index.php?rest_route=\/wp\/v2\/users\/3"}],"replies":[{"embeddable":true,"href":"https:\/\/www.diarioimagen.net\/index.php?rest_route=%2Fwp%2Fv2%2Fcomments&post=410203"}],"version-history":[{"count":0,"href":"https:\/\/www.diarioimagen.net\/index.php?rest_route=\/wp\/v2\/posts\/410203\/revisions"}],"wp:featuredmedia":[{"embeddable":true,"href":"https:\/\/www.diarioimagen.net\/index.php?rest_route=\/wp\/v2\/media\/410279"}],"wp:attachment":[{"href":"https:\/\/www.diarioimagen.net\/index.php?rest_route=%2Fwp%2Fv2%2Fmedia&parent=410203"}],"wp:term":[{"taxonomy":"category","embeddable":true,"href":"https:\/\/www.diarioimagen.net\/index.php?rest_route=%2Fwp%2Fv2%2Fcategories&post=410203"},{"taxonomy":"post_tag","embeddable":true,"href":"https:\/\/www.diarioimagen.net\/index.php?rest_route=%2Fwp%2Fv2%2Ftags&post=410203"}],"curies":[{"name":"wp","href":"https:\/\/api.w.org\/{rel}","templated":true}]}}