{"id":410305,"date":"2019-01-11T00:08:56","date_gmt":"2019-01-11T06:08:56","guid":{"rendered":"https:\/\/www.diarioimagen.net\/?p=410305"},"modified":"2019-01-14T01:41:29","modified_gmt":"2019-01-14T07:41:29","slug":"fallece-ex-gobernador-mexiquense-alfredo-del-mazo-gonzalez","status":"publish","type":"post","link":"https:\/\/www.diarioimagen.net\/?p=410305","title":{"rendered":"Fallece el ex gobernador Alfredo Del Mazo Gonz\u00e1lez"},"content":{"rendered":"<ul>\n<li><em><strong>Lamenta gobierno del Edomex el sensible deceso<\/strong><\/em><\/li>\n<li><em><strong>Trabaj\u00f3 para el pa\u00eds en diversos encargos del servicio p\u00fablico<\/strong><\/em><\/li>\n<\/ul>\n<p>&nbsp;<\/p>\n<div id=\"attachment_410306\" style=\"width: 470px\" class=\"wp-caption aligncenter\"><img loading=\"lazy\" decoding=\"async\" aria-describedby=\"caption-attachment-410306\" class=\"wp-image-410306 size-large\" src=\"https:\/\/www.diarioimagen.net\/wp-content\/uploads\/2019\/01\/FALLECE11-PORTAL-460x268.jpg\" alt=\"\" width=\"460\" height=\"268\" srcset=\"https:\/\/www.diarioimagen.net\/wp-content\/uploads\/2019\/01\/FALLECE11-PORTAL-460x268.jpg 460w, https:\/\/www.diarioimagen.net\/wp-content\/uploads\/2019\/01\/FALLECE11-PORTAL-240x140.jpg 240w, https:\/\/www.diarioimagen.net\/wp-content\/uploads\/2019\/01\/FALLECE11-PORTAL.jpg 480w\" sizes=\"auto, (max-width: 460px) 100vw, 460px\" \/><p id=\"caption-attachment-410306\" class=\"wp-caption-text\">Alfredo Del Mazo Gonz\u00e1lez encabez\u00f3 el gobierno del Estado de M\u00e9xico de 1981 a 1986.<\/p><\/div>\n<p>&nbsp;<\/p>\n<p><strong>Toluca, Estado de M\u00e9xico<\/strong>.- El gobierno del Estado de M\u00e9xico lamenta el sensible fallecimiento del ex gobernador de la entidad, Alfredo Del Mazo Gonz\u00e1lez, padre del actual mandatario mexiquense, Alfredo Del Mazo Maza.<\/p>\n<p>El gobernador Alfredo Del Mazo Maza dio a conocer a trav\u00e9s de sus cuentas de redes sociales, el fallecimiento de su padre, Alfredo Del Mazo Gonz\u00e1lez, quien estuvo a cargo del Ejecutivo estatal de 1981 a 1986. \u201cCon profunda tristeza les comparto el fallecimiento de mi padre Alfredo Del Mazo Gonz\u00e1lez.<\/p>\n<p>\u201cQuienes tuvimos la dicha de ser parte de su vida, estaremos agradecidos por su amor y sus ense\u00f1anzas. Que Dios lo tenga cerca de \u00e9l\u201d, escribi\u00f3 el mandatario mexiquense en sus cuentas de Facebook y Twitter.<\/p>\n<p>La administraci\u00f3n estatal expresa su profundo pesar por su sensible fallecimiento y manifiesta sus deseos de una pronta resignaci\u00f3n a sus familiares y amigos.<\/p>\n<p>Alfredo Del Mazo Gonz\u00e1lez naci\u00f3 en Toluca, Estado de M\u00e9xico, el 31 de diciembre de 1943 y desempe\u00f1\u00f3 diversos cargos en la entidad y en el pa\u00eds.<\/p>\n<p>Fue gobernador del Estado de M\u00e9xico (1981-1986), secretario de Energ\u00eda, Minas e Industria Paraestatal (1986-1988) y candidato a jefe de Gobierno del Distrito Federal por el PRI en las primeras elecciones para ese cargo.<\/p>\n<p>Con estudios de Administraci\u00f3n de Empresas en la UNAM, la carrera pol\u00edtica de Del Mazo Gonz\u00e1lez inici\u00f3 como vicepresidente de la Comisi\u00f3n Nacional Bancaria y de Seguros, luego, en la Secretar\u00eda de Hacienda y Cr\u00e9dito P\u00fablico, se desempe\u00f1\u00f3 como director de Deuda P\u00fablica (1977) y director de Instituciones Nacionales de Cr\u00e9dito (1978).<\/p>\n<p>Posteriormente, ocup\u00f3 el cargo de director general del Banco Obrero, para luego ser candidato a la gubernatura del Estado de M\u00e9xico, en 1981.<\/p>\n<p>Tambi\u00e9n fue embajador de M\u00e9xico en B\u00e9lgica y la Uni\u00f3n Europea, as\u00ed como director general del Instituto del Fondo Nacional de la Vivienda para los Trabajadores (Infonavit) y director del Fondo Nacional de Fomento al Turismo (Fonatur).<\/p>\n<p>Hijo del tambi\u00e9n ex gobernador mexiquense Alfredo Del Mazo V\u00e9lez y padre del actual gobernador del Estado de M\u00e9xico, Alfredo Del Mazo Maza, quien a trav\u00e9s de sus redes sociales hizo p\u00fablico el deceso del este pol\u00edtico mexicano, ocurrido ayer 10 de enero de 2019.<\/p>\n<p>El ex mandatario mexiquense dej\u00f3 un gran legado en obras y programas y se le reconoce, entre otras acciones, la creaci\u00f3n del Sistema de Radio y Televisi\u00f3n Mexiquense.<\/p>\n<p>Los servicios funerarios de Alfredo Del Mazo Gonz\u00e1lez se realizar\u00e1n a las 10:00 horas en el Mausoleo Toluca, este viernes 11 de enero de 2019.<\/p>\n<p>En tanto que a las 14:00 horas se llevar\u00e1n a cabo las guardias de honor en su memoria en el Sal\u00f3n del Pueblo de Palacio de Gobierno.<\/p>\n<p>Asimismo, se efectuar\u00e1 una ceremonia luctuosa en la Catedral San Jos\u00e9 Toluca, a las 18:00 horas.<\/p>\n","protected":false},"excerpt":{"rendered":"<p>El gobierno del Estado de M\u00e9xico lamenta el sensible fallecimiento del ex gobernador de la entidad, Alfredo Del Mazo Gonz\u00e1lez, padre del actual mandatario mexiquense, Alfredo Del Mazo Maza.<\/p>\n","protected":false},"author":5,"featured_media":410306,"comment_status":"open","ping_status":"open","sticky":false,"template":"","format":"standard","meta":{"_monsterinsights_skip_tracking":false,"_monsterinsights_sitenote_active":false,"_monsterinsights_sitenote_note":"","_monsterinsights_sitenote_category":0,"footnotes":""},"categories":[5],"tags":[81747,81745,2505,43675,81746,452],"class_list":["post-410305","post","type-post","status-publish","format-standard","has-post-thumbnail","hentry","category-estado-de-mexico","tag-75-anos-al-morir","tag-alfredo-del-mazo-gonzalez","tag-alfredo-del-mazo-maza","tag-estado-de-mexico","tag-fallece-ex-gobernador","tag-toluca"],"_links":{"self":[{"href":"https:\/\/www.diarioimagen.net\/index.php?rest_route=\/wp\/v2\/posts\/410305","targetHints":{"allow":["GET"]}}],"collection":[{"href":"https:\/\/www.diarioimagen.net\/index.php?rest_route=\/wp\/v2\/posts"}],"about":[{"href":"https:\/\/www.diarioimagen.net\/index.php?rest_route=\/wp\/v2\/types\/post"}],"author":[{"embeddable":true,"href":"https:\/\/www.diarioimagen.net\/index.php?rest_route=\/wp\/v2\/users\/5"}],"replies":[{"embeddable":true,"href":"https:\/\/www.diarioimagen.net\/index.php?rest_route=%2Fwp%2Fv2%2Fcomments&post=410305"}],"version-history":[{"count":0,"href":"https:\/\/www.diarioimagen.net\/index.php?rest_route=\/wp\/v2\/posts\/410305\/revisions"}],"wp:featuredmedia":[{"embeddable":true,"href":"https:\/\/www.diarioimagen.net\/index.php?rest_route=\/wp\/v2\/media\/410306"}],"wp:attachment":[{"href":"https:\/\/www.diarioimagen.net\/index.php?rest_route=%2Fwp%2Fv2%2Fmedia&parent=410305"}],"wp:term":[{"taxonomy":"category","embeddable":true,"href":"https:\/\/www.diarioimagen.net\/index.php?rest_route=%2Fwp%2Fv2%2Fcategories&post=410305"},{"taxonomy":"post_tag","embeddable":true,"href":"https:\/\/www.diarioimagen.net\/index.php?rest_route=%2Fwp%2Fv2%2Ftags&post=410305"}],"curies":[{"name":"wp","href":"https:\/\/api.w.org\/{rel}","templated":true}]}}