{"id":410509,"date":"2019-01-14T00:11:02","date_gmt":"2019-01-14T06:11:02","guid":{"rendered":"https:\/\/www.diarioimagen.net\/?p=410509"},"modified":"2019-01-14T01:17:49","modified_gmt":"2019-01-14T07:17:49","slug":"firma-iifaem-convenios-en-beneficio-de-artesanos-mexiquenses","status":"publish","type":"post","link":"https:\/\/www.diarioimagen.net\/?p=410509","title":{"rendered":"Firma IIFAEM convenios en beneficio de artesanos"},"content":{"rendered":"<ul>\n<li><em><strong>Impulsan profesionalizaci\u00f3n en el comercio de productos<\/strong><\/em><\/li>\n<\/ul>\n<p>&nbsp;<\/p>\n<div id=\"attachment_410510\" style=\"width: 470px\" class=\"wp-caption aligncenter\"><img loading=\"lazy\" decoding=\"async\" aria-describedby=\"caption-attachment-410510\" class=\"wp-image-410510 size-large\" src=\"https:\/\/www.diarioimagen.net\/wp-content\/uploads\/2019\/01\/CONVENIOS14-portal-460x268.jpg\" alt=\"\" width=\"460\" height=\"268\" srcset=\"https:\/\/www.diarioimagen.net\/wp-content\/uploads\/2019\/01\/CONVENIOS14-portal-460x268.jpg 460w, https:\/\/www.diarioimagen.net\/wp-content\/uploads\/2019\/01\/CONVENIOS14-portal-240x140.jpg 240w, https:\/\/www.diarioimagen.net\/wp-content\/uploads\/2019\/01\/CONVENIOS14-portal.jpg 480w\" sizes=\"auto, (max-width: 460px) 100vw, 460px\" \/><p id=\"caption-attachment-410510\" class=\"wp-caption-text\">Se busca mejorar condiciones laborales y profesionales, as\u00ed como contribuir a la buena salud de artesanos mexiquenses.<\/p><\/div>\n<p>&nbsp;<\/p>\n<p><strong>Toluca, Estado de M\u00e9xico<\/strong>.- Con el objetivo de mejorar las condiciones laborales y profesionales, as\u00ed como contribuir a la buena salud de las artesanas y los artesanos mexiquenses, el Instituto de Investigaci\u00f3n y Fomento de las Artesan\u00edas del Estado de M\u00e9xico (IIFAEM), firm\u00f3 convenios de colaboraci\u00f3n con la Asociaci\u00f3n Mexiquense de Emprendimiento Social (AMES) y la organizaci\u00f3n internacional Pure Earth, dedicada a temas ambientalistas y de salud p\u00fablica en seis pa\u00edses del mundo, incluido M\u00e9xico.<\/p>\n<p>Aurora Gonz\u00e1lez Ledezma, secretaria de Turismo estatal, se\u00f1al\u00f3 que, en el caso particular del convenio firmado con AMES, se brindar\u00e1 a los artesanos capacitaci\u00f3n en rubros como Identidad e imagen, Log\u00edstica, Administraci\u00f3n, contabilidad y mercadotecnia, Registro de marca, Tendencias nacionales e internacionales, Profesionalizaci\u00f3n de talleres y Liderazgo y trabajo en equipo, entre otros temas, a fin de impulsar la profesionalizaci\u00f3n del sector en el comercio nacional e internacional.<\/p>\n<p>Por lo que respecta al convenio signado con Pure Earth, inform\u00f3 que el prop\u00f3sito es realizar acciones conjuntas, dirigidas a salvaguardar la salud de las artesanas y los artesanos mexiquenses, a trav\u00e9s de la promoci\u00f3n de una cultura libre de plomo en los materiales y procesos para la producci\u00f3n de piezas de alfarer\u00eda, que beneficie tanto a los productores, como a los consumidores.<\/p>\n<p>La funcionaria estatal destac\u00f3 que lo anterior se llevar\u00e1 a cabo mediante cursos de capacitaci\u00f3n, gesti\u00f3n de an\u00e1lisis cl\u00ednicos y estudios que ayuden a determinar el grado de plomo en los lugares de trabajo de maestros alfareros, adem\u00e1s de gestionar puntos de venta para promover y comercializar artesan\u00eda mexiquense libre de plomo y generar proyectos de salud ocupacional para los artesanos mexiquenses.<\/p>\n<p>Gonz\u00e1lez Ledezma asever\u00f3 que para su implementaci\u00f3n, se contar\u00e1 con todo el apoyo log\u00edstico por parte del IIFAEM, organismo adscrito a la Secretar\u00eda de Turismo, en lo referente a la promoci\u00f3n entre la comunidad artesanal, publicaci\u00f3n de convocatorias, formaci\u00f3n y organizaci\u00f3n de grupos, gesti\u00f3n de apoyos, desarrollo y elaboraci\u00f3n de cat\u00e1logos, as\u00ed como en la presentaci\u00f3n conjunta de los proyectos y resultados del plan de trabajo, entre otras actividades.<\/p>\n<p>Afirm\u00f3 que \u00e9stas y otras acciones se ponen en marcha dado el inter\u00e9s de la administraci\u00f3n del gobernador Alfredo Del Mazo Maza, por elevar las condiciones de vida de las artesanas y los artesanos mexiquenses, y con ello contribuir a tener familias fuertes en el Estado de M\u00e9xico.<\/p>\n","protected":false},"excerpt":{"rendered":"<p> Con el objetivo de mejorar las condiciones laborales y profesionales, as\u00ed como contribuir a la buena salud de las artesanas y los artesanos mexiquenses, el Instituto de Investigaci\u00f3n y Fomento de las Artesan\u00edas del Estado de M\u00e9xico (IIFAEM), firm\u00f3 convenios de colaboraci\u00f3n con la Asociaci\u00f3n Mexiquense de Emprendimiento Social (AMES) y la organizaci\u00f3n internacional Pure Earth, dedicada a temas ambientalistas y de salud p\u00fablica en seis pa\u00edses del mundo, incluido M\u00e9xico.<\/p>\n","protected":false},"author":5,"featured_media":410510,"comment_status":"open","ping_status":"open","sticky":false,"template":"","format":"standard","meta":{"_monsterinsights_skip_tracking":false,"_monsterinsights_sitenote_active":false,"_monsterinsights_sitenote_note":"","_monsterinsights_sitenote_category":0,"footnotes":""},"categories":[5],"tags":[69222,34028,43675,81784,452],"class_list":["post-410509","post","type-post","status-publish","format-standard","has-post-thumbnail","hentry","category-estado-de-mexico","tag-artesanos-mexiquenses","tag-beneficio","tag-estado-de-mexico","tag-s-artesanias-del-estado-de-mexico","tag-toluca"],"_links":{"self":[{"href":"https:\/\/www.diarioimagen.net\/index.php?rest_route=\/wp\/v2\/posts\/410509","targetHints":{"allow":["GET"]}}],"collection":[{"href":"https:\/\/www.diarioimagen.net\/index.php?rest_route=\/wp\/v2\/posts"}],"about":[{"href":"https:\/\/www.diarioimagen.net\/index.php?rest_route=\/wp\/v2\/types\/post"}],"author":[{"embeddable":true,"href":"https:\/\/www.diarioimagen.net\/index.php?rest_route=\/wp\/v2\/users\/5"}],"replies":[{"embeddable":true,"href":"https:\/\/www.diarioimagen.net\/index.php?rest_route=%2Fwp%2Fv2%2Fcomments&post=410509"}],"version-history":[{"count":0,"href":"https:\/\/www.diarioimagen.net\/index.php?rest_route=\/wp\/v2\/posts\/410509\/revisions"}],"wp:featuredmedia":[{"embeddable":true,"href":"https:\/\/www.diarioimagen.net\/index.php?rest_route=\/wp\/v2\/media\/410510"}],"wp:attachment":[{"href":"https:\/\/www.diarioimagen.net\/index.php?rest_route=%2Fwp%2Fv2%2Fmedia&parent=410509"}],"wp:term":[{"taxonomy":"category","embeddable":true,"href":"https:\/\/www.diarioimagen.net\/index.php?rest_route=%2Fwp%2Fv2%2Fcategories&post=410509"},{"taxonomy":"post_tag","embeddable":true,"href":"https:\/\/www.diarioimagen.net\/index.php?rest_route=%2Fwp%2Fv2%2Ftags&post=410509"}],"curies":[{"name":"wp","href":"https:\/\/api.w.org\/{rel}","templated":true}]}}