{"id":410512,"date":"2019-01-14T00:10:38","date_gmt":"2019-01-14T06:10:38","guid":{"rendered":"https:\/\/www.diarioimagen.net\/?p=410512"},"modified":"2019-01-14T01:17:39","modified_gmt":"2019-01-14T07:17:39","slug":"laboratorio-mexiquense-de-verificacion-de-obra-ejemplo-de-innovacion","status":"publish","type":"post","link":"https:\/\/www.diarioimagen.net\/?p=410512","title":{"rendered":"Laboratorio de verificaci\u00f3n de obra, ejemplo de innovaci\u00f3n"},"content":{"rendered":"<h2>Arco Norte<\/h2>\n<h5>Jos\u00e9 Luis Monta\u00f1ez Aguilar<\/h5>\n<p>&nbsp;<\/p>\n<div id=\"attachment_410513\" style=\"width: 240px\" class=\"wp-caption aligncenter\"><img loading=\"lazy\" decoding=\"async\" aria-describedby=\"caption-attachment-410513\" class=\"size-large wp-image-410513\" src=\"https:\/\/www.diarioimagen.net\/wp-content\/uploads\/2019\/01\/OBRAS14-pooortal-230x460.jpg\" alt=\"\" width=\"230\" height=\"460\" srcset=\"https:\/\/www.diarioimagen.net\/wp-content\/uploads\/2019\/01\/OBRAS14-pooortal-230x460.jpg 230w, https:\/\/www.diarioimagen.net\/wp-content\/uploads\/2019\/01\/OBRAS14-pooortal-120x240.jpg 120w, https:\/\/www.diarioimagen.net\/wp-content\/uploads\/2019\/01\/OBRAS14-pooortal.jpg 700w\" sizes=\"auto, (max-width: 230px) 100vw, 230px\" \/><p id=\"caption-attachment-410513\" class=\"wp-caption-text\">En lo que va de la presente administraci\u00f3n el laboratorio ha realizado 149 inspecciones de obras.<\/p><\/div>\n<p>&nbsp;<\/p>\n<p>&nbsp;<\/p>\n<p>Comprometido con el control preventivo de la verificaci\u00f3n de construcci\u00f3n de obra p\u00fablica, la Secretar\u00eda de la Contralor\u00eda estatal, cuenta con el Laboratorio de An\u00e1lisis y Verificaci\u00f3n de Calidad de Materiales de Construcci\u00f3n.<\/p>\n<p>Dicho laboratorio tiene como objetivo dar transparencia a las inspecciones en las obras realizadas con recursos p\u00fablicos.<\/p>\n<p>Desde su inicio, en el a\u00f1o 2006, se ha encargado de garantizar que los materiales utilizados en las obras que se desarrollan en el territorio mexiquense, tengan los est\u00e1ndares de calidad con que fueron licitados.<\/p>\n<p>Por ello, y en congruencia con el Plan de Desarrollo 2017-2023, del gobernador Alfredo Del Mazo Maza,\u00a0 en materia de combate a la corrupci\u00f3n, transparencia y rendici\u00f3n de cuentas, este laboratorio ha realizado 149 inspecciones, en lo que va de la presente administraci\u00f3n.<\/p>\n<p>Cabe se\u00f1alar que para realizar tales inspecciones, el laboratorio cuenta con personal especializado, mismo que realiza pruebas en \u00e1reas de concreto hidr\u00e1ulico, asfalto, geotecnia y topograf\u00eda, as\u00ed, una vez realizadas las evaluaciones, emiten los dict\u00e1menes correspondientes.<\/p>\n<p>\u201cDentro del laboratorio tenemos otras pruebas que son de suelos, geotecnia.<\/p>\n<p>Ah\u00ed principalmente son suelos que se utilizan para la construcci\u00f3n y tienen la funci\u00f3n de ser el soporte de todas las estructuras, entonces son parte de los cimientos\u201d.<\/p>\n<p>\u201cLo que estamos haciendo es verificar la calidad de los materiales, en este caso es una carpeta de 15 cm de espesor, es una mezcla asf\u00e1ltica, y estamos corroborando todo el trabajo que sea con calidad.<\/p>\n<p>\u201cUna vez que se identifican las muestras, las llevamos al laboratorio y verificamos al momento de limpiar la pastilla, se manda llamar a la empresa para corroborar los espesores\u201d, se\u00f1ala Leticia Garc\u00eda, ingeniera de este Laboratorio.<\/p>\n<p>Asimismo, el Laboratorio de An\u00e1lisis y Verificaci\u00f3n de Calidad de Materiales de Construcci\u00f3n es pionero en el pa\u00eds y est\u00e1 certificado por la Norma ISO 9001: 2015.<\/p>\n<p>\u201cEs un orgullo para nosotros comentar que este laboratorio fue el primero en su tipo, no exist\u00eda ning\u00fan laboratorio dentro de una Secretar\u00eda de Contralor\u00eda en alguna entidad y \u00e9ste fue el primer laboratorio a nivel nacional.<\/p>\n<p><em><a href=\"mailto:montanezaguilar@gmail.com\" target=\"_blank\" rel=\"noopener\">montanezaguilar@gmail.com<\/a><\/em><\/p>\n","protected":false},"excerpt":{"rendered":"<p><span style=\"color: #005497;\">Jos\u00e9 Luis Monta\u00f1ez Aguilar<\/span><br \/>\n<br \/>\nComprometido con el control preventivo de la verificaci\u00f3n de construcci\u00f3n de obra p\u00fablica, la Secretar\u00eda de la Contralor\u00eda estatal, cuenta con el Laboratorio de An\u00e1lisis y Verificaci\u00f3n de Calidad de Materiales de Construcci\u00f3n.<\/p>\n","protected":false},"author":5,"featured_media":410514,"comment_status":"open","ping_status":"open","sticky":false,"template":"","format":"standard","meta":{"_monsterinsights_skip_tracking":false,"_monsterinsights_sitenote_active":false,"_monsterinsights_sitenote_note":"","_monsterinsights_sitenote_category":0,"footnotes":""},"categories":[5],"tags":[13284,81785,43704,43674,81786],"class_list":["post-410512","post","type-post","status-publish","format-standard","has-post-thumbnail","hentry","category-estado-de-mexico","tag-arco-norte","tag-ejemplo-de-innovacion","tag-jose-luis-montanez-aguilar","tag-opinion","tag-verificacion-de-obra"],"_links":{"self":[{"href":"https:\/\/www.diarioimagen.net\/index.php?rest_route=\/wp\/v2\/posts\/410512","targetHints":{"allow":["GET"]}}],"collection":[{"href":"https:\/\/www.diarioimagen.net\/index.php?rest_route=\/wp\/v2\/posts"}],"about":[{"href":"https:\/\/www.diarioimagen.net\/index.php?rest_route=\/wp\/v2\/types\/post"}],"author":[{"embeddable":true,"href":"https:\/\/www.diarioimagen.net\/index.php?rest_route=\/wp\/v2\/users\/5"}],"replies":[{"embeddable":true,"href":"https:\/\/www.diarioimagen.net\/index.php?rest_route=%2Fwp%2Fv2%2Fcomments&post=410512"}],"version-history":[{"count":0,"href":"https:\/\/www.diarioimagen.net\/index.php?rest_route=\/wp\/v2\/posts\/410512\/revisions"}],"wp:featuredmedia":[{"embeddable":true,"href":"https:\/\/www.diarioimagen.net\/index.php?rest_route=\/wp\/v2\/media\/410514"}],"wp:attachment":[{"href":"https:\/\/www.diarioimagen.net\/index.php?rest_route=%2Fwp%2Fv2%2Fmedia&parent=410512"}],"wp:term":[{"taxonomy":"category","embeddable":true,"href":"https:\/\/www.diarioimagen.net\/index.php?rest_route=%2Fwp%2Fv2%2Fcategories&post=410512"},{"taxonomy":"post_tag","embeddable":true,"href":"https:\/\/www.diarioimagen.net\/index.php?rest_route=%2Fwp%2Fv2%2Ftags&post=410512"}],"curies":[{"name":"wp","href":"https:\/\/api.w.org\/{rel}","templated":true}]}}