{"id":410624,"date":"2019-01-14T00:10:29","date_gmt":"2019-01-14T06:10:29","guid":{"rendered":"https:\/\/www.diarioimagen.net\/?p=410624"},"modified":"2019-01-14T08:46:12","modified_gmt":"2019-01-14T14:46:12","slug":"lopez-obrador-invulnerable","status":"publish","type":"post","link":"https:\/\/www.diarioimagen.net\/?p=410624","title":{"rendered":"L\u00f3pez Obrador, invulnerable"},"content":{"rendered":"<h2>Tras la puerta del poder<\/h2>\n<h5>Roberto Vizca\u00edno<\/h5>\n<p>&nbsp;<\/p>\n<div id=\"attachment_410699\" style=\"width: 470px\" class=\"wp-caption aligncenter\"><a href=\"https:\/\/www.diarioimagen.net\/?attachment_id=410699\" rel=\"attachment wp-att-410699\"><img loading=\"lazy\" decoding=\"async\" aria-describedby=\"caption-attachment-410699\" class=\"size-large wp-image-410699\" src=\"https:\/\/www.diarioimagen.net\/wp-content\/uploads\/2019\/01\/ventaneando-al-papa-LUIS-XAVIER-460x355.jpg\" alt=\"\" width=\"460\" height=\"355\" srcset=\"https:\/\/www.diarioimagen.net\/wp-content\/uploads\/2019\/01\/ventaneando-al-papa-LUIS-XAVIER-460x355.jpg 460w, https:\/\/www.diarioimagen.net\/wp-content\/uploads\/2019\/01\/ventaneando-al-papa-LUIS-XAVIER-240x185.jpg 240w, https:\/\/www.diarioimagen.net\/wp-content\/uploads\/2019\/01\/ventaneando-al-papa-LUIS-XAVIER-768x593.jpg 768w, https:\/\/www.diarioimagen.net\/wp-content\/uploads\/2019\/01\/ventaneando-al-papa-LUIS-XAVIER.jpg 1200w\" sizes=\"auto, (max-width: 460px) 100vw, 460px\" \/><\/a><p id=\"caption-attachment-410699\" class=\"wp-caption-text\">Ventaneando al pap\u00e1&#8230; | Luis Xavier<\/p><\/div>\n<p>&nbsp;<\/p>\n<p>Apenas iniciaron las colas de autos y de personas con bidones afuera de las gasoliner\u00edas de 10 o m\u00e1s estados del pa\u00eds, incluidas las de la Ciudad de M\u00e9xico, y comenzaron a correr los sondeos y encuestas en busca de medir su impacto en el apoyo popular del presidente de M\u00e9xico.<\/p>\n<p>En todas partes, pero sobre todo entre pol\u00edticos y analistas, se comenz\u00f3 a especular sobre si <strong>Andr\u00e9s Manuel L\u00f3pez Obrador <\/strong>saldr\u00eda de esta al menos con una tercera parte de sus votantes.<\/p>\n<p>El malestar por el cierre de v\u00e1lvulas en los 6 principales ductos que abastecen de gasolinas y Di\u00e9sel\u00a0 a los 10 o m\u00e1s estados del centro del pa\u00eds, estall\u00f3 entre los ciudadanos junto a los reclamos de los gobernadores, alcaldes y l\u00edderes de la oposici\u00f3n en su conjunto, sumado al de l\u00edderes empresariales, fue retomado en todos los noticiarios de radio y TV.<\/p>\n<p>Aquello la semana pasada pintaba p\u00e9simo para <strong>AMLO<\/strong> quien en sus conferencias ma\u00f1aneras era asediado para que dijera cu\u00e1ndo se restablecer\u00eda el abasto normal de gasolinas.<\/p>\n<p>La respuesta fue la misma: hasta que se compruebe que se dej\u00f3 de robar el combustible.<\/p>\n<p>En medio de todo corrieron las versiones de que <strong>L\u00f3pez Obrador <\/strong>hab\u00eda ordenado disminuir la compra de gasolinas en EU y que el desabasto no era por el cierre de ductos, sino por escasez del combustible.<\/p>\n<p>As\u00ed la segunda semana de desabasto y colas interminables, cerr\u00f3 en la incertidumbre y decenas de supuestos.<\/p>\n<p>Fue cuando apareci\u00f3 la primera encuesta, la del diario Reforma la cual sorprendi\u00f3 al afirmar que el 73% de los mexicanos apoyaban a <strong>AMLO<\/strong> en su combate al robo de gasolinas a pesar del desabasto.<\/p>\n<p>Del total de entrevistados apenas el 18 exigi\u00f3 restablecer el abasto de gasolinas a\u00fan cuando eso permita el robo del combustible.<\/p>\n<p>Este sondeo corri\u00f3 al parejo de otro realizado por Consulta Mitofsky que dio m\u00e1s o menos los mismos resultados, al indicar que el 56.7% de los encuestados consideran correcto el combate de <strong>L\u00f3pez Obrador <\/strong>contra los ladrones de gasolinas y el 36.1 dicen que no.<\/p>\n<p>En lo general, est\u00e9n de acuerdo o no con el desabasto, el 96.8% de los ciudadanos consideran que se debe parar el robo de gasolinas.<\/p>\n<p>En t\u00e9rminos generales, los dos sondeos dejan en claro que el apoyo ciudadano a favor de <strong>AMLO<\/strong> no ha mermado y que se mantiene m\u00e1s o menos en los mismos altos niveles con los que lleg\u00f3 a la Presidencia hace mes y medio.<\/p>\n<p>Mientras tanto L\u00f3pez Obrador subi\u00f3 un nuevo video a sus redes sociales en el que explica que <em>The Wall Street Journal <\/em>difundi\u00f3 una noticia falta o al menos mal trabajada, cuando afirm\u00f3 que su gobierno hab\u00eda disminuido las compras de gasolina en EU.<\/p>\n<p>Pidi\u00f3 a los mexicanos no caer en estas especulaciones, reiter\u00f3 que no hay escasez de gasolinas y que \u00e9l continuar\u00e1 con el combate al robo de gasolinas hasta solucionar el problema.<\/p>\n<p><strong>\u00bfComo la expropiaci\u00f3n petrolera?<\/strong><\/p>\n<p>Esgrimiendo estas encuestas, los principales personajes del entorno lopezobradorista salieron desde fines de la semana a se\u00f1alar que la decisi\u00f3n de <strong>AMLO<\/strong> de cerrar los ductos para combatir el robo de gasolinas es una decisi\u00f3n s\u00f3lo comparable a la de <strong>L\u00e1zaro C\u00e1rdenas <\/strong>al expropiar la industria petrolera.<\/p>\n<p><strong>Ricardo Monreal,<\/strong> l\u00edder de la mayor\u00eda senatorial de Morena, indic\u00f3 que, por su relevancia hist\u00f3rica, esta decisi\u00f3n es en los hechos \u201cuna segunda expropiaci\u00f3n petrolera porque se le est\u00e1 quitando a la delincuencia el control de la riqueza nacional\u201d.<\/p>\n<p>El tambi\u00e9n presidente de la Junta de Coordinaci\u00f3n Pol\u00edtica de la c\u00e1mara alta dijo que, pese a las molestias generadas en la ciudadan\u00eda, el apoyo de los mexicanos hacia su presidente es fundamental en estos momentos.<\/p>\n<p><strong>Monreal<\/strong> indic\u00f3 que los senadores \u201ccontribuiremos complementando en el \u00e1mbito jur\u00eddico la estrategia para la extinci\u00f3n de este flagelo\u201d.<\/p>\n<p>Record\u00f3 que en esta l\u00ednea ya se aprobaron modificaciones al Art\u00edculo 19 Constitucional &#8211;cuyo dictamen est\u00e1 en tr\u00e1mite en la C\u00e1mara de Diputados&#8211;, que fortalece la norma para el combate contra el robo de gasolinas.<\/p>\n<p>Y, como lo ha repetido <strong>L\u00f3pez Obrador,<\/strong> el dirigente de Morena en el Senado indic\u00f3 que en esta guerra no habr\u00e1 \u201cni un paso atr\u00e1s\u201d.<\/p>\n<p>\u201cDe no haberse hecho nada ahora, al final del sexenio de <strong>Andr\u00e9s Manuel L\u00f3pez Obrador,<\/strong> el robo a la naci\u00f3n hubiera llegado a 90 mil millones de pesos ya que hoy en d\u00eda el <em>huachicoleo<\/em> le cuesta a M\u00e9xico entre 60 y 70 mil millones de pesos al a\u00f1o, equivalentes a 200 millones de pesos diarios\u201d.<\/p>\n<p><strong>Monreal<\/strong> indic\u00f3 que ya en 2003 los c\u00e1lculos de la Secretar\u00eda de Hacienda, sobre el robo de combustible eran de 12 mil millones de pesos.<\/p>\n<p>Y, al final de la administraci\u00f3n de <strong>Felipe Calder\u00f3n,<\/strong> se estimaban en 24 mil millones.<\/p>\n<p>En 2018, al finalizar el gobierno de <strong>Enrique Pe\u00f1a Nieto<\/strong>, la cifra alcanz\u00f3 60 mil millones de pesos, reiter\u00f3.<\/p>\n<p>As\u00ed, de 7 mil tomas ilegales detectadas en el 2012, hoy se han detectado sobre 45 mil, es decir, se elev\u00f3 en un porcentaje de 500 o 600 por ciento, \u201cporque hab\u00eda ya una actitud de complicidad absoluta\u201d.<\/p>\n<p>Consider\u00f3 que el presidente <strong>L\u00f3pez Obrador<\/strong> enfrenta hoy por esta lucha sabotajes, resistencias de intereses, desinformaci\u00f3n y golpeteo medi\u00e1tico, que incluso puede acarrearle un gran costo pol\u00edtico.<\/p>\n<p>Un costo que, dijo <strong>Monreal,<\/strong> \u201cpagar\u00e1 con gusto, porque su compromiso es acabar con la corrupci\u00f3n y no mantener altos niveles de popularidad\u201d.<\/p>\n<p>A diferencia de otros personajes, <strong>Monreal <\/strong>descart\u00f3 que este combate contra el robo de gasolinas genere un impacto econ\u00f3mico o desbasto de alimentos.<\/p>\n<p>Como <strong>AMLO<\/strong>, el senador <strong>Monreal <\/strong>pidi\u00f3 a los mexicanos resistir y respaldar las medidas asumidas en este combate contra las redes delincuenciales del huachicoleo, y como el presidente, tambi\u00e9n confi\u00f3 en que pronto se normalizar\u00e1 el abasto de combustibles.<\/p>\n<p style=\"text-align: center;\"><strong>Avanza lo del Fiscal<\/strong><\/p>\n<p>A 2 d\u00edas de que inicie el per\u00edodo extraordinario en que el Congreso deber\u00e1 escoger los 10 nombres que enviar\u00e1 al presidente <strong>L\u00f3pez Obrador<\/strong> para que \u00e9ste a su vez decida una terna para que el Senado designe al tan ansiado Fiscal General de la Naci\u00f3n que encabece finalmente al Sistema Nacional Anticorrupci\u00f3n, la Comisi\u00f3n de Justicia, que preside el senador <strong>Julio Ram\u00f3n Menchaca,<\/strong> de Morena, recibir\u00e1 hoy a los aspirantes a este cargo.<\/p>\n<p>Los aspirantes suman hoy 27 de los cuales deber\u00e1n s\u00f3lo quedar 10 en los siguientes d\u00edas.<\/p>\n<p>La atenci\u00f3n del sector judicial y de agrupaciones de derechos humanos y de partidos pol\u00edticos y grandes empresarios, estar\u00e1 puesta en este proceso a pesar del contexto que vive M\u00e9xico.<\/p>\n<p>Este Fiscal ser\u00e1 el primero con una independencia quiz\u00e1 no total, pero s\u00ed con una autonom\u00eda sin precedente en M\u00e9xico y su encargo durar\u00e1 9 a\u00f1os.<\/p>\n<p><em><a href=\"http:\/\/www.endirecto.com.mx\/\" target=\"_blank\" rel=\"noopener\">www.endirecto.com.mx<\/a><\/em><br \/>\n<em><a href=\"https:\/\/twitter.com\/_rvizcaino\" target=\"_blank\" rel=\"noopener\">@_RVizcaino<\/a><\/em><br \/>\n<a href=\"https:\/\/www.facebook.com\/rvizcainoa\" target=\"_blank\" rel=\"noopener\">f<em>acebook.com\/rvizcainoa<\/em><\/a><\/p>\n","protected":false},"excerpt":{"rendered":"<p><span style=\"color: #005497;\"><strong>Roberto Vizca\u00edno<\/strong><\/span><br \/>\n<br \/>\nApenas iniciaron las colas de autos y de personas con bidones afuera de las gasoliner\u00edas de 10 o m\u00e1s estados del pa\u00eds, incluidas las de la Ciudad de M\u00e9xico, y comenzaron a correr los sondeos y encuestas en busca de medir su impacto en el apoyo popular del presidente de M\u00e9xico.<\/p>\n","protected":false},"author":3,"featured_media":410699,"comment_status":"open","ping_status":"open","sticky":false,"template":"","format":"standard","meta":{"_monsterinsights_skip_tracking":false,"_monsterinsights_sitenote_active":false,"_monsterinsights_sitenote_note":"","_monsterinsights_sitenote_category":0,"footnotes":""},"categories":[136],"tags":[43674,93,94],"class_list":["post-410624","post","type-post","status-publish","format-standard","has-post-thumbnail","hentry","category-roberto-vizcaino-opinion","tag-opinion","tag-roberto-vizcaino","tag-tras-la-puerta-del-poder"],"_links":{"self":[{"href":"https:\/\/www.diarioimagen.net\/index.php?rest_route=\/wp\/v2\/posts\/410624","targetHints":{"allow":["GET"]}}],"collection":[{"href":"https:\/\/www.diarioimagen.net\/index.php?rest_route=\/wp\/v2\/posts"}],"about":[{"href":"https:\/\/www.diarioimagen.net\/index.php?rest_route=\/wp\/v2\/types\/post"}],"author":[{"embeddable":true,"href":"https:\/\/www.diarioimagen.net\/index.php?rest_route=\/wp\/v2\/users\/3"}],"replies":[{"embeddable":true,"href":"https:\/\/www.diarioimagen.net\/index.php?rest_route=%2Fwp%2Fv2%2Fcomments&post=410624"}],"version-history":[{"count":0,"href":"https:\/\/www.diarioimagen.net\/index.php?rest_route=\/wp\/v2\/posts\/410624\/revisions"}],"wp:featuredmedia":[{"embeddable":true,"href":"https:\/\/www.diarioimagen.net\/index.php?rest_route=\/wp\/v2\/media\/410699"}],"wp:attachment":[{"href":"https:\/\/www.diarioimagen.net\/index.php?rest_route=%2Fwp%2Fv2%2Fmedia&parent=410624"}],"wp:term":[{"taxonomy":"category","embeddable":true,"href":"https:\/\/www.diarioimagen.net\/index.php?rest_route=%2Fwp%2Fv2%2Fcategories&post=410624"},{"taxonomy":"post_tag","embeddable":true,"href":"https:\/\/www.diarioimagen.net\/index.php?rest_route=%2Fwp%2Fv2%2Ftags&post=410624"}],"curies":[{"name":"wp","href":"https:\/\/api.w.org\/{rel}","templated":true}]}}