{"id":410644,"date":"2019-01-14T00:07:53","date_gmt":"2019-01-14T06:07:53","guid":{"rendered":"https:\/\/www.diarioimagen.net\/?p=410644"},"modified":"2019-01-14T05:08:26","modified_gmt":"2019-01-14T11:08:26","slug":"casi-medio-siglo-por-una-vivienda-digna-rosa-maria-ayala","status":"publish","type":"post","link":"https:\/\/www.diarioimagen.net\/?p=410644","title":{"rendered":"Casi medio siglo por una vivienda digna: Rosa Mar\u00eda Ayala"},"content":{"rendered":"<h2>Detr\u00e1s del Poder<\/h2>\n<h5>Jos\u00e9 Antonio L\u00f3pez Sosa<\/h5>\n<p>&nbsp;<\/p>\n<p>Los liderazgos sociales en M\u00e9xico son por lo general, un h\u00edbrido que funciona con el \u00fanico objeto de encontrar un liderazgo pol\u00edtico, es decir, formar parte como consecuencia de la clase pol\u00edtica.<\/p>\n<p>Los aut\u00e9nticos liderazgos sociales cada vez son m\u00e1s complicados de hallar.<\/p>\n<p>Uno de los pocos casos que quedan con una verdadera legitimidad frente a la sociedad es el de Rosa Mar\u00eda Ayala, al frente de La Angostura, A.C., una luchadora social que ha creado y liderado varias colonias en el corredor suroeste de la Ciudad de M\u00e9xico.<\/p>\n<p>Desde el Movimiento Urbano Popular comenz\u00f3 su historia siempre defendiendo el derecho de los menos favorecidos para tener una vivienda digna, ello a trav\u00e9s del ahorro personal y de la asociaci\u00f3n colectiva, sin estirar la mano esperando las d\u00e1divas del gobierno.<\/p>\n<p>Durante estos a\u00f1os ha tenido fuertes confrontaciones con los distintos niveles de gobierno, exigiendo los derechos que sus agremiados tienen y las autoridades no han dado, el caso m\u00e1s sonado fue una manifestaci\u00f3n pac\u00edfica hace algunos a\u00f1os, donde la administraci\u00f3n encabezada por Miguel \u00c1ngel Mancera arremeti\u00f3 con el env\u00edo de cientos de granaderos, golpeando y evitando la libre manifestaci\u00f3n en las calles.<\/p>\n<p>En el a\u00f1o 2010, logr\u00f3 un acuerdo con la administraci\u00f3n de Marcelo Ebrard para expropiar los terrenos que corresponden hoy al predio La Angostura, a los que los habitantes ten\u00edan derecho desde muchos a\u00f1os antes.<\/p>\n<p>En fin, es una historia llena de logros pero sobre todo, de cumplimiento sobre sus representados, as\u00ed se forja un aut\u00e9ntico liderazgo social, mediante la cercan\u00eda con la gente y la soluci\u00f3n de problemas, no usando a la gente \u2014como en muchos otros casos-, para tener cercan\u00eda con el poder pol\u00edtico y econ\u00f3mico.<\/p>\n<p>Hoy en d\u00eda, a casi cinco d\u00e9cadas, Rosa Mar\u00eda Ayala contin\u00faa representando a miles de personas, ha participado activamente en la cobertura pol\u00edtica sin caer en las tentaciones de cambiar su liderazgo por un coto de poder, siguen ella y sus agremiados trabajando haya o no elecciones y han consolidado una fuerza social muy importante en la Ciudad de M\u00e9xico, una representatividad que los a\u00f1os y el trabajo le han dado, por encima incluso de muchos representantes populares.<\/p>\n<p><em><a href=\"http:\/\/www.lopezsosa.com\" target=\"_blank\" rel=\"noopener\">www.lopezsosa.com<\/a><\/em><br \/>\n<em><a href=\"mailto:joseantonio@lopezsosa.com\" target=\"_blank\" rel=\"noopener\">joseantonio@lopezsosa.com<\/a><\/em><br \/>\n<em><a href=\"http:\/\/twitter.com\/joseantonio1977\" target=\"_blank\" rel=\"noopener\">@joseantonio197<\/a><\/em><\/p>\n","protected":false},"excerpt":{"rendered":"<p><span style=\"color: #005497;\"><strong>Jos\u00e9 Antonio L\u00f3pez Sosa<\/strong><\/span><\/p>\n","protected":false},"author":3,"featured_media":0,"comment_status":"open","ping_status":"open","sticky":false,"template":"","format":"standard","meta":{"_monsterinsights_skip_tracking":false,"_monsterinsights_sitenote_active":false,"_monsterinsights_sitenote_note":"","_monsterinsights_sitenote_category":0,"footnotes":""},"categories":[637],"tags":[638,43690,43674],"class_list":["post-410644","post","type-post","status-publish","format-standard","hentry","category-jose-antonio-lopez-sosa","tag-detras-del-poder","tag-jose-antonio-lopez-sosa","tag-opinion"],"_links":{"self":[{"href":"https:\/\/www.diarioimagen.net\/index.php?rest_route=\/wp\/v2\/posts\/410644","targetHints":{"allow":["GET"]}}],"collection":[{"href":"https:\/\/www.diarioimagen.net\/index.php?rest_route=\/wp\/v2\/posts"}],"about":[{"href":"https:\/\/www.diarioimagen.net\/index.php?rest_route=\/wp\/v2\/types\/post"}],"author":[{"embeddable":true,"href":"https:\/\/www.diarioimagen.net\/index.php?rest_route=\/wp\/v2\/users\/3"}],"replies":[{"embeddable":true,"href":"https:\/\/www.diarioimagen.net\/index.php?rest_route=%2Fwp%2Fv2%2Fcomments&post=410644"}],"version-history":[{"count":0,"href":"https:\/\/www.diarioimagen.net\/index.php?rest_route=\/wp\/v2\/posts\/410644\/revisions"}],"wp:attachment":[{"href":"https:\/\/www.diarioimagen.net\/index.php?rest_route=%2Fwp%2Fv2%2Fmedia&parent=410644"}],"wp:term":[{"taxonomy":"category","embeddable":true,"href":"https:\/\/www.diarioimagen.net\/index.php?rest_route=%2Fwp%2Fv2%2Fcategories&post=410644"},{"taxonomy":"post_tag","embeddable":true,"href":"https:\/\/www.diarioimagen.net\/index.php?rest_route=%2Fwp%2Fv2%2Ftags&post=410644"}],"curies":[{"name":"wp","href":"https:\/\/api.w.org\/{rel}","templated":true}]}}