{"id":410708,"date":"2019-01-15T00:11:43","date_gmt":"2019-01-15T06:11:43","guid":{"rendered":"https:\/\/www.diarioimagen.net\/?p=410708"},"modified":"2019-01-14T23:50:28","modified_gmt":"2019-01-15T05:50:28","slug":"son-tiempos-de-colaboracion-entre-los-diferentes-niveles-de-gobierno","status":"publish","type":"post","link":"https:\/\/www.diarioimagen.net\/?p=410708","title":{"rendered":"Coordinaci\u00f3n para recuperar las cuencas hidrol\u00f3gicas"},"content":{"rendered":"<h2>Arco Norte<\/h2>\n<h5>Jos\u00e9 Luis Monta\u00f1ez Aguilar<\/h5>\n<p>&nbsp;<\/p>\n<p>Para el gobernador Alfredo Del Mazo Maza, la seguridad h\u00eddrica de los mexiquenses y la conservaci\u00f3n de nuestro medio ambiente son una prioridad que s\u00f3lo se puede alcanzar con el trabajo coordinado entre los tres niveles de gobierno y los diferentes sectores de la sociedad, afirm\u00f3 el secretario de Obra P\u00fablica del Estado de M\u00e9xico, Rafael D\u00edaz Leal Barrueta.<\/p>\n<p>Al asumir la presidencia de las comisiones de la Cuenca Valle de Bravo-Amanalco y de la Cuenca Villa Victoria-San Jos\u00e9 del Rinc\u00f3n, el funcionario asegur\u00f3 que el tema del agua requiere ser abordado desde diversos \u00e1ngulos, como el ambiental, pero tambi\u00e9n tiene que ver con justicia, equidad social y respeto a la naturaleza, puntualiz\u00f3.<\/p>\n<p>Ante los presidentes municipales de Valle de Bravo, Mauricio Osorio Dom\u00ednguez, y de Amanalco, Emma Col\u00edn Guadarrama, as\u00ed como de representantes de la sociedad civil, acad\u00e9micos y habitantes de la regi\u00f3n que alberga a las cuencas, el funcionario agradeci\u00f3 la distinci\u00f3n de haber sido electo para el periodo 2019-2022.<\/p>\n<p>Explic\u00f3 que la hoja de ruta que ha marcado Del Mazo es clara, con una visi\u00f3n integral y metropolitana, porque est\u00e1 dise\u00f1ada a partir de los lineamientos del Plan Estatal de Desarrollo 2017-2023.<\/p>\n<p>&nbsp;<\/p>\n<p style=\"text-align: center;\"><strong>Son tiempos de colaboraci\u00f3n entre los diferentes niveles de gobierno<\/strong><\/p>\n<p>&nbsp;<\/p>\n<div id=\"attachment_410709\" style=\"width: 470px\" class=\"wp-caption aligncenter\"><img loading=\"lazy\" decoding=\"async\" aria-describedby=\"caption-attachment-410709\" class=\"size-large wp-image-410709\" src=\"https:\/\/www.diarioimagen.net\/wp-content\/uploads\/2019\/01\/COLOBARACION15-portal-460x268.jpg\" alt=\"\" width=\"460\" height=\"268\" srcset=\"https:\/\/www.diarioimagen.net\/wp-content\/uploads\/2019\/01\/COLOBARACION15-portal-460x268.jpg 460w, https:\/\/www.diarioimagen.net\/wp-content\/uploads\/2019\/01\/COLOBARACION15-portal-240x140.jpg 240w, https:\/\/www.diarioimagen.net\/wp-content\/uploads\/2019\/01\/COLOBARACION15-portal.jpg 480w\" sizes=\"auto, (max-width: 460px) 100vw, 460px\" \/><p id=\"caption-attachment-410709\" class=\"wp-caption-text\">Continuar\u00e1n todos los programas sociales en el Edom\u00e9x, acorde a lo estipulado por el mandatario estatal, se\u00f1al\u00f3 Eric Sevilla.<\/p><\/div>\n<p>&nbsp;<\/p>\n<p>Son tiempos de trabajo, en los cuales, lo m\u00e1s importante son las familias, por ello, se deben sumar esfuerzos a favor de la gente, afirm\u00f3 el Sscretario de Desarrollo Social, Eric Sevilla Montes de Oca, al encabezar el evento regional de inicio de a\u00f1o 2019 en Tec\u00e1mac.<\/p>\n<p>E funcionario estatal expres\u00f3 que es inter\u00e9s primordial del gobernador trabajar en coparticipaci\u00f3n con las autoridades federales y municipales, en virtud de que el eje central son las familias y su bienestar.<\/p>\n<p>\u201cEl mandatario estatal me pidi\u00f3 les informe que seguiremos con todos los programas de pol\u00edtica social que tenemos en el Estado de M\u00e9xico.<\/p>\n<p>Habr\u00e1 becas para los ni\u00f1os, trabajo para los j\u00f3venes y vamos a colaborar en forma coordinada con las autoridades federales en torno a los programas enfocados a los adultos mayores, para pensi\u00f3n universal\u201d, \u201cVamos a vincularnos y trabajar tambi\u00e9n con el programa del Gobierno Federal puesto en marcha en el Estado de M\u00e9xico, que es el de las becas para los j\u00f3venes, el cual arranc\u00f3 en d\u00edas pasados en el municipio de Tlalnepantla\u201d, afirm\u00f3 luego de entregar obsequios a las ni\u00f1as y ni\u00f1os del municipio de Tec\u00e1mac.<\/p>\n<p>Adicionalmente, coment\u00f3 a las mam\u00e1s presentes en este evento, que por indicaciones del jefe del Ejecutivo estatal, es importante recordar que los programas, cuyo centro de atenci\u00f3n son las familias y dentro de \u00e9stas, las mujeres, van a seguir este a\u00f1o.<\/p>\n<p>En estese sentido, se\u00f1al\u00f3 que continuar\u00e1 el programa Salario rosa, el cual est\u00e1 enfocado hacia la poblaci\u00f3n femenina en condici\u00f3n de pobreza extrema.<\/p>\n<p>El inter\u00e9s primordial del mandatario estatal, dijo, es trabajar muy duro, seguir sumando, para restituir el tejido social en el Estado de M\u00e9xico y que las mujeres, al ser el eje, constituyan familias fuertes por ser \u00e9stas el n\u00facleo de la sociedad y, por ende, el de mayor atenci\u00f3n para el Gobierno estatal.<\/p>\n<p><em><a href=\"mailto:montanezaguilar@gmail.com\" target=\"_blank\" rel=\"noopener\">montanezaguilar@gmail.com<\/a><\/em><\/p>\n","protected":false},"excerpt":{"rendered":"<p><span style=\"color: #005497;\">Jos\u00e9 Luis Monta\u00f1ez Aguilar<\/span><br \/>\n<br \/>\nPara el gobernador Alfredo Del Mazo Maza, la seguridad h\u00eddrica de los mexiquenses y la conservaci\u00f3n de nuestro medio ambiente son una prioridad que s\u00f3lo se puede alcanzar con el trabajo coordinado entre los tres niveles de gobierno y los diferentes sectores de la sociedad, afirm\u00f3 el secretario de Obra P\u00fablica del Estado de M\u00e9xico, Rafael D\u00edaz Leal Barrueta.<\/p>\n","protected":false},"author":5,"featured_media":410709,"comment_status":"open","ping_status":"open","sticky":false,"template":"","format":"standard","meta":{"_monsterinsights_skip_tracking":false,"_monsterinsights_sitenote_active":false,"_monsterinsights_sitenote_note":"","_monsterinsights_sitenote_category":0,"footnotes":""},"categories":[5],"tags":[13284,21330,1296,66232,43704,81836,43674],"class_list":["post-410708","post","type-post","status-publish","format-standard","has-post-thumbnail","hentry","category-estado-de-mexico","tag-arco-norte","tag-colaboracion","tag-desarrollo-social","tag-eric-sevilla-montes-de-oca","tag-jose-luis-montanez-aguilar","tag-niveles-de-gobierno","tag-opinion"],"_links":{"self":[{"href":"https:\/\/www.diarioimagen.net\/index.php?rest_route=\/wp\/v2\/posts\/410708","targetHints":{"allow":["GET"]}}],"collection":[{"href":"https:\/\/www.diarioimagen.net\/index.php?rest_route=\/wp\/v2\/posts"}],"about":[{"href":"https:\/\/www.diarioimagen.net\/index.php?rest_route=\/wp\/v2\/types\/post"}],"author":[{"embeddable":true,"href":"https:\/\/www.diarioimagen.net\/index.php?rest_route=\/wp\/v2\/users\/5"}],"replies":[{"embeddable":true,"href":"https:\/\/www.diarioimagen.net\/index.php?rest_route=%2Fwp%2Fv2%2Fcomments&post=410708"}],"version-history":[{"count":0,"href":"https:\/\/www.diarioimagen.net\/index.php?rest_route=\/wp\/v2\/posts\/410708\/revisions"}],"wp:featuredmedia":[{"embeddable":true,"href":"https:\/\/www.diarioimagen.net\/index.php?rest_route=\/wp\/v2\/media\/410709"}],"wp:attachment":[{"href":"https:\/\/www.diarioimagen.net\/index.php?rest_route=%2Fwp%2Fv2%2Fmedia&parent=410708"}],"wp:term":[{"taxonomy":"category","embeddable":true,"href":"https:\/\/www.diarioimagen.net\/index.php?rest_route=%2Fwp%2Fv2%2Fcategories&post=410708"},{"taxonomy":"post_tag","embeddable":true,"href":"https:\/\/www.diarioimagen.net\/index.php?rest_route=%2Fwp%2Fv2%2Ftags&post=410708"}],"curies":[{"name":"wp","href":"https:\/\/api.w.org\/{rel}","templated":true}]}}