{"id":410711,"date":"2019-01-15T00:10:44","date_gmt":"2019-01-15T06:10:44","guid":{"rendered":"https:\/\/www.diarioimagen.net\/?p=410711"},"modified":"2019-01-14T23:43:27","modified_gmt":"2019-01-15T05:43:27","slug":"reconoce-gem-a-la-ninez-mexiquense-de-la-region-de-valle-de-bravo","status":"publish","type":"post","link":"https:\/\/www.diarioimagen.net\/?p=410711","title":{"rendered":"Reconoce el gobierno del Edomex a infantes de la Regi\u00f3n de Valle de Bravo"},"content":{"rendered":"<ul>\n<li><strong><em>Festejo con motivo de D\u00eda de Reyes<\/em><\/strong><\/li>\n<\/ul>\n<p><strong>\u00a0<\/strong><\/p>\n<div id=\"attachment_410712\" style=\"width: 470px\" class=\"wp-caption aligncenter\"><img loading=\"lazy\" decoding=\"async\" aria-describedby=\"caption-attachment-410712\" class=\"wp-image-410712 size-large\" src=\"https:\/\/www.diarioimagen.net\/wp-content\/uploads\/2019\/01\/NI\u00d1OS15-portal-460x268.jpg\" alt=\"\" width=\"460\" height=\"268\" srcset=\"https:\/\/www.diarioimagen.net\/wp-content\/uploads\/2019\/01\/NI\u00d1OS15-portal-460x268.jpg 460w, https:\/\/www.diarioimagen.net\/wp-content\/uploads\/2019\/01\/NI\u00d1OS15-portal-240x140.jpg 240w, https:\/\/www.diarioimagen.net\/wp-content\/uploads\/2019\/01\/NI\u00d1OS15-portal.jpg 480w\" sizes=\"auto, (max-width: 460px) 100vw, 460px\" \/><p id=\"caption-attachment-410712\" class=\"wp-caption-text\">Participan peque\u00f1os de los 12 municipios de la regi\u00f3n de Valle de Bravo en festejo con motivo de D\u00eda de Reyes.<\/p><\/div>\n<p>&nbsp;<\/p>\n<p><strong>Valle de Bravo, Estado de M\u00e9xico<\/strong>.- Ayer en la ma\u00f1ana, Anita se llev\u00f3 la grata sorpresa de que la bicicleta que esperaba desde el 6 de enero, le fue entregada durante el festejo por D\u00eda de Reyes que realiz\u00f3 el gobierno del Estado de M\u00e9xico en Valle de Bravo.<\/p>\n<p>La peque\u00f1a de nueve a\u00f1os de edad, proveniente del municipio de Donato Guerra, no pod\u00eda ocultar su felicidad por haber acudido al festejo, encabezado por el secretario de Comunicaciones, Luis Gilberto Lim\u00f3n Ch\u00e1vez, a nombre del gobernador Alfredo Del Mazo Maza.<\/p>\n<p>\u201cMe siento feliz de tener una bicicleta, tambi\u00e9n me sali\u00f3 un mu\u00f1eco en mi rosca de Reyes\u201d, expres\u00f3 sonriente Anita, quien fue una de las 2 mil 500 ni\u00f1as y ni\u00f1os que acudieron a la comunidad de Santa Mar\u00eda Pipioltepec.<\/p>\n<p>Durante el festejo, Lim\u00f3n Ch\u00e1vez expres\u00f3 que estos obsequios son un reconocimiento al buen comportamiento que los peque\u00f1os tuvieron a lo largo del a\u00f1o 2018.<\/p>\n<p>\u201cEl gobernador es un hombre de palabra, que trabaja y se compromete, pero sobre todo cuando se trata de la ni\u00f1ez mexiquense es el primero en estar al pendiente del bienestar de todo ustedes\u201d, puntualiz\u00f3 el funcionario.<\/p>\n<p>Durante el convivio, los peque\u00f1os de los 12 municipios que integran la regi\u00f3n de Valle de Bravo disfrutaron de la magia de ver a Melchor, Gaspar y Baltazar, adem\u00e1s de convivir con personajes como <em>Mickey Mouse, Minnie, Donald y Goofy<\/em>, quienes los pusieron a cantar, bailar y re\u00edr junto a sus padres.<\/p>\n<p>Adem\u00e1s los peque\u00f1os recibieron dulces, un presente y tambi\u00e9n participaron en la tradicional rosca de Reyes, donde Anita tuvo la suerte de que le saliera la figura que representa al Ni\u00f1o Dios.<\/p>\n<p>Finalmente, el secretario Luis Lim\u00f3n Ch\u00e1vez dijo que estas tradiciones se deben seguir llevando a cabo, por lo que exhort\u00f3 a los peque\u00f1os a portarse bien con sus padres y les dese\u00f3 que siempre haya paz y armon\u00eda en su coraz\u00f3n.<\/p>\n","protected":false},"excerpt":{"rendered":"<p>Ayer en la ma\u00f1ana, Anita se llev\u00f3 la grata sorpresa de que la bicicleta que esperaba desde el 6 de enero, le fue entregada durante el festejo por D\u00eda de Reyes que realiz\u00f3 el gobierno del Estado de M\u00e9xico en Valle de Bravo.<\/p>\n","protected":false},"author":5,"featured_media":410712,"comment_status":"open","ping_status":"open","sticky":false,"template":"","format":"standard","meta":{"_monsterinsights_skip_tracking":false,"_monsterinsights_sitenote_active":false,"_monsterinsights_sitenote_note":"","_monsterinsights_sitenote_category":0,"footnotes":""},"categories":[5],"tags":[43675,77319,81838,81837,1458],"class_list":["post-410711","post","type-post","status-publish","format-standard","has-post-thumbnail","hentry","category-estado-de-mexico","tag-estado-de-mexico","tag-luis-gilberto-limon-chavez","tag-ninez-mexiquense","tag-region-de-valle-de-bravo","tag-valle-de-bravo"],"_links":{"self":[{"href":"https:\/\/www.diarioimagen.net\/index.php?rest_route=\/wp\/v2\/posts\/410711","targetHints":{"allow":["GET"]}}],"collection":[{"href":"https:\/\/www.diarioimagen.net\/index.php?rest_route=\/wp\/v2\/posts"}],"about":[{"href":"https:\/\/www.diarioimagen.net\/index.php?rest_route=\/wp\/v2\/types\/post"}],"author":[{"embeddable":true,"href":"https:\/\/www.diarioimagen.net\/index.php?rest_route=\/wp\/v2\/users\/5"}],"replies":[{"embeddable":true,"href":"https:\/\/www.diarioimagen.net\/index.php?rest_route=%2Fwp%2Fv2%2Fcomments&post=410711"}],"version-history":[{"count":0,"href":"https:\/\/www.diarioimagen.net\/index.php?rest_route=\/wp\/v2\/posts\/410711\/revisions"}],"wp:featuredmedia":[{"embeddable":true,"href":"https:\/\/www.diarioimagen.net\/index.php?rest_route=\/wp\/v2\/media\/410712"}],"wp:attachment":[{"href":"https:\/\/www.diarioimagen.net\/index.php?rest_route=%2Fwp%2Fv2%2Fmedia&parent=410711"}],"wp:term":[{"taxonomy":"category","embeddable":true,"href":"https:\/\/www.diarioimagen.net\/index.php?rest_route=%2Fwp%2Fv2%2Fcategories&post=410711"},{"taxonomy":"post_tag","embeddable":true,"href":"https:\/\/www.diarioimagen.net\/index.php?rest_route=%2Fwp%2Fv2%2Ftags&post=410711"}],"curies":[{"name":"wp","href":"https:\/\/api.w.org\/{rel}","templated":true}]}}