{"id":410714,"date":"2019-01-15T00:08:49","date_gmt":"2019-01-15T06:08:49","guid":{"rendered":"https:\/\/www.diarioimagen.net\/?p=410714"},"modified":"2019-01-15T22:36:41","modified_gmt":"2019-01-16T04:36:41","slug":"incrementa-10-uso-de-mexibus-por-desabasto-de-gasolina","status":"publish","type":"post","link":"https:\/\/www.diarioimagen.net\/?p=410714","title":{"rendered":"Aumenta uso de Mexib\u00fas por desabasto de gasolina"},"content":{"rendered":"<ul>\n<li><em><strong>Mantienen abasto de combustible para sus unidades<\/strong><\/em><\/li>\n<li><em><strong>Mexicable transport\u00f3 mil 500 pasajeros m\u00e1s el fin de semana<\/strong><\/em><\/li>\n<\/ul>\n<p>&nbsp;<\/p>\n<div id=\"attachment_410715\" style=\"width: 470px\" class=\"wp-caption aligncenter\"><img loading=\"lazy\" decoding=\"async\" aria-describedby=\"caption-attachment-410715\" class=\"size-large wp-image-410715\" src=\"https:\/\/www.diarioimagen.net\/wp-content\/uploads\/2019\/01\/MEXIBUS15-portal-460x268.jpg\" alt=\"\" width=\"460\" height=\"268\" srcset=\"https:\/\/www.diarioimagen.net\/wp-content\/uploads\/2019\/01\/MEXIBUS15-portal-460x268.jpg 460w, https:\/\/www.diarioimagen.net\/wp-content\/uploads\/2019\/01\/MEXIBUS15-portal-240x140.jpg 240w, https:\/\/www.diarioimagen.net\/wp-content\/uploads\/2019\/01\/MEXIBUS15-portal.jpg 480w\" sizes=\"auto, (max-width: 460px) 100vw, 460px\" \/><p id=\"caption-attachment-410715\" class=\"wp-caption-text\">Desde que inici\u00f3 la carencia del hidrocarburo, el uso de transporte masivo en el Edom\u00e9x ha ido en aumento.<\/p><\/div>\n<p>&nbsp;<\/p>\n<p><strong>Ecatepec, Estado de M\u00e9xico<\/strong>.- La Direcci\u00f3n General del Sistema de Transporte Masivo y Telef\u00e9rico del Estado de M\u00e9xico (Sitramytem) inform\u00f3 que debido al desabasto de combustible en la zona metropolitana del Valle de M\u00e9xico, se ha incrementado en 10 por ciento el n\u00famero de usuarios del Mexib\u00fas.<\/p>\n<p>Elim Luviano, titular de la dependencia, explic\u00f3 que desde los primeros d\u00edas de la semana pasada, se increment\u00f3 entre 4 y 5 por ciento el n\u00famero de usuarios del Mexib\u00fas, en tanto que para el viernes la cifra se ubic\u00f3 en 10 por ciento.<\/p>\n<p>En promedio, el Mexib\u00fas transporta alrededor de 300 mil pasajeros al d\u00eda, por lo que el incremento referido es de 30 mil usuarios m\u00e1s hacia el fin de la semana pasada.<\/p>\n<p>Por otro lado, el Mexicable report\u00f3 que el incremento de mil 500 pasajeros hacia el fin de semana, podr\u00eda estar tambi\u00e9n vinculado al desabasto de combustible en el Valle de M\u00e9xico.<\/p>\n<p>De 18 mil pasajeros en promedio que se trasladaron los primeros d\u00edas del a\u00f1o en el telef\u00e9rico de Ecatepec, los d\u00edas 10 al 12 de enero aument\u00f3 a 19 mil 500 en promedio.<\/p>\n<p>Las autoridades se\u00f1alaron que el abasto del combustible para el funcionamiento de las unidades es suficiente, por lo que no prev\u00e9n problemas de desabasto por las reservas que los concesionarios tienen del mismo.<\/p>\n","protected":false},"excerpt":{"rendered":"<p>La Direcci\u00f3n General del Sistema de Transporte Masivo y Telef\u00e9rico del Estado de M\u00e9xico (Sitramytem) inform\u00f3 que debido al desabasto de combustible en la zona metropolitana del Valle de M\u00e9xico, se ha incrementado en 10 por ciento el n\u00famero de usuarios del Mexib\u00fas.<\/p>\n","protected":false},"author":5,"featured_media":410715,"comment_status":"open","ping_status":"open","sticky":false,"template":"","format":"standard","meta":{"_monsterinsights_skip_tracking":false,"_monsterinsights_sitenote_active":false,"_monsterinsights_sitenote_note":"","_monsterinsights_sitenote_category":0,"footnotes":""},"categories":[5],"tags":[81839,454,43675,11815,34],"class_list":["post-410714","post","type-post","status-publish","format-standard","has-post-thumbnail","hentry","category-estado-de-mexico","tag-desabasto-de-gasolina","tag-ecatepec","tag-estado-de-mexico","tag-mexibus","tag-valle-de-mexico"],"_links":{"self":[{"href":"https:\/\/www.diarioimagen.net\/index.php?rest_route=\/wp\/v2\/posts\/410714","targetHints":{"allow":["GET"]}}],"collection":[{"href":"https:\/\/www.diarioimagen.net\/index.php?rest_route=\/wp\/v2\/posts"}],"about":[{"href":"https:\/\/www.diarioimagen.net\/index.php?rest_route=\/wp\/v2\/types\/post"}],"author":[{"embeddable":true,"href":"https:\/\/www.diarioimagen.net\/index.php?rest_route=\/wp\/v2\/users\/5"}],"replies":[{"embeddable":true,"href":"https:\/\/www.diarioimagen.net\/index.php?rest_route=%2Fwp%2Fv2%2Fcomments&post=410714"}],"version-history":[{"count":0,"href":"https:\/\/www.diarioimagen.net\/index.php?rest_route=\/wp\/v2\/posts\/410714\/revisions"}],"wp:featuredmedia":[{"embeddable":true,"href":"https:\/\/www.diarioimagen.net\/index.php?rest_route=\/wp\/v2\/media\/410715"}],"wp:attachment":[{"href":"https:\/\/www.diarioimagen.net\/index.php?rest_route=%2Fwp%2Fv2%2Fmedia&parent=410714"}],"wp:term":[{"taxonomy":"category","embeddable":true,"href":"https:\/\/www.diarioimagen.net\/index.php?rest_route=%2Fwp%2Fv2%2Fcategories&post=410714"},{"taxonomy":"post_tag","embeddable":true,"href":"https:\/\/www.diarioimagen.net\/index.php?rest_route=%2Fwp%2Fv2%2Ftags&post=410714"}],"curies":[{"name":"wp","href":"https:\/\/api.w.org\/{rel}","templated":true}]}}