{"id":410797,"date":"2019-01-15T00:06:02","date_gmt":"2019-01-15T06:06:02","guid":{"rendered":"https:\/\/www.diarioimagen.net\/?p=410797"},"modified":"2019-01-15T07:23:40","modified_gmt":"2019-01-15T13:23:40","slug":"presentan-tultepec-a-traves-de-la-lente-fotografica-de-don-liborio-borrego","status":"publish","type":"post","link":"https:\/\/www.diarioimagen.net\/?p=410797","title":{"rendered":"Presentan \u201cTultepec a trav\u00e9s de la lente fotogr\u00e1fica de Don Liborio Borrego\u201d"},"content":{"rendered":"<ul>\n<li><strong><em>Muestra que retrata al municipio<\/em><\/strong><\/li>\n<\/ul>\n<p>&nbsp;<\/p>\n<div id=\"attachment_410859\" style=\"width: 470px\" class=\"wp-caption aligncenter\"><a href=\"https:\/\/www.diarioimagen.net\/?attachment_id=410859\" rel=\"attachment wp-att-410859\"><img loading=\"lazy\" decoding=\"async\" aria-describedby=\"caption-attachment-410859\" class=\"size-large wp-image-410859\" src=\"https:\/\/www.diarioimagen.net\/wp-content\/uploads\/2019\/01\/TULTEPEC-15-460x259.jpg\" alt=\"\" width=\"460\" height=\"259\" srcset=\"https:\/\/www.diarioimagen.net\/wp-content\/uploads\/2019\/01\/TULTEPEC-15-460x259.jpg 460w, https:\/\/www.diarioimagen.net\/wp-content\/uploads\/2019\/01\/TULTEPEC-15-240x135.jpg 240w, https:\/\/www.diarioimagen.net\/wp-content\/uploads\/2019\/01\/TULTEPEC-15-235x132.jpg 235w, https:\/\/www.diarioimagen.net\/wp-content\/uploads\/2019\/01\/TULTEPEC-15-202x114.jpg 202w, https:\/\/www.diarioimagen.net\/wp-content\/uploads\/2019\/01\/TULTEPEC-15-350x196.jpg 350w, https:\/\/www.diarioimagen.net\/wp-content\/uploads\/2019\/01\/TULTEPEC-15-220x123.jpg 220w, https:\/\/www.diarioimagen.net\/wp-content\/uploads\/2019\/01\/TULTEPEC-15-237x132.jpg 237w, https:\/\/www.diarioimagen.net\/wp-content\/uploads\/2019\/01\/TULTEPEC-15.jpg 480w\" sizes=\"auto, (max-width: 460px) 100vw, 460px\" \/><\/a><p id=\"caption-attachment-410859\" class=\"wp-caption-text\">El alcalde Armando Portuguez Fuentes inaugur\u00f3 la exposici\u00f3n que abarca temas festivo, art\u00edstico, pol\u00edtico, cultural, social y cultural de la gente y del paisaje natural y material.<\/p><\/div>\n<p>&nbsp;<\/p>\n<p><strong>Tultepec, Estado de M\u00e9xico<\/strong>.- Autoridades municipales encabezadas por el alcalde Armando Portuguez Fuentes, inauguraron la exposici\u00f3n \u201cTultepec a trav\u00e9s de la lente fotogr\u00e1fica de Don Liborio Borrego\u201d, que se exhibe desde el pasado 13 de enero en la Galer\u00eda del Kiosco ubicado en la explanada municipal, donde permanecer\u00e1 hasta el 7 de febrero de 2019.<\/p>\n<p>En la muestra conformada por 63 antiguas fotograf\u00edas, se puede apreciar el quehacer cotidiano de Tultepec en los \u00e1mbitos\u00a0festivo, art\u00edstico, pol\u00edtico, cultural, social y cultural de la gente y del paisaje natural y material de Tultepec, convirti\u00e9ndose a lo largo de m\u00e1s de 50 a\u00f1os en\u00a0el fot\u00f3grafo del pueblo<\/p>\n<p>Por esta aportaci\u00f3n, en el marco de la ceremonia del 198 aniversario de la erecci\u00f3n de Tultepec como municipio, Don Liborio Borrego fue distinguido p\u00fablicamente con un reconocimiento, por su destacada labor fotogr\u00e1fica,\u00a0con ello logr\u00f3 conformar una valiosa memoria gr\u00e1fica de Tultepec\u00a0\u00a0y del quehacer cotidiano de su gente.<\/p>\n<p>El rico acervo fotogr\u00e1fico que ha logrado aglutinar a trav\u00e9s del tempo constituye una valiosa cr\u00f3nica gr\u00e1fica de personas, lugares, eventos y del paisaje natural y social de Tultepec, mismo que hoy comparte a trav\u00e9s de una muestra de su constante y asiduo trabajo en la fotograf\u00eda.<\/p>\n<p>La frase popular:\u00a0Una imagen dice m\u00e1s que mil palabras, se ci\u00f1e cabalmente al trabajo de diferentes oficios y profesiones, como la del fot\u00f3grafo, quien busca captar con la lente de su c\u00e1mara una imagen de permanezca de manera perenne en un negativo o impresa en papel, pero sobre todo el profundo efecto evocador de una \u00e9poca, momento o vivencia que se vuelca en un mar de emociones al ver una fotograf\u00eda.<\/p>\n<p>Desde su nacimiento, la fotograf\u00eda forma parte de la vida cotidiana. Tan incorporada est\u00e1 en la vida social que, a fuerza de verla, nadie se percata de ello.<\/p>\n<p>Su poder para reproducir con exactitud la realidad exterior, la dota de un car\u00e1cter documental y la presenta como el procedimiento para reproducir la vida social de la forma m\u00e1s fiel e imparcial.<\/p>\n<p>En la exposici\u00f3n tambi\u00e9n se exhiben diversas c\u00e1maras fotogr\u00e1ficas de anta\u00f1o, usadas por Don Liborio Borrego para retratar a Tultepec, a su gente y sus tradiciones; mismas que por s\u00ed solas se convierten tambi\u00e9n en un interesante atractivo documental para las pasadas, pero a\u00fan m\u00e1s, para las nuevas generaciones.<\/p>\n<p>La exposici\u00f3n es gratuita y est\u00e1 abierta al p\u00fablico en general en el kiosco ubicado en la Explanada Municipal de lunes a viernes de 9:00 a 13:00 horas y de 14:00 a 18:00 horas, y s\u00e1bados de 9:00 a 13:00 horas, donde permanecer\u00e1 hasta el pr\u00f3ximo 7 de febrero de 2019.<\/p>\n","protected":false},"excerpt":{"rendered":"<p>Autoridades municipales encabezadas por el alcalde Armando Portuguez Fuentes, inauguraron la exposici\u00f3n \u201cTultepec a trav\u00e9s de la lente fotogr\u00e1fica de Don Liborio Borrego\u201d, que se exhibe desde el pasado 13 de enero en la Galer\u00eda del Kiosco ubicado en la explanada municipal, donde permanecer\u00e1 hasta el 7 de febrero de 2019.<\/p>\n","protected":false},"author":3,"featured_media":410859,"comment_status":"open","ping_status":"open","sticky":false,"template":"","format":"standard","meta":{"_monsterinsights_skip_tracking":false,"_monsterinsights_sitenote_active":false,"_monsterinsights_sitenote_note":"","_monsterinsights_sitenote_category":0,"footnotes":""},"categories":[35155],"tags":[43675,81866,81865,3802],"class_list":["post-410797","post","type-post","status-publish","format-standard","has-post-thumbnail","hentry","category-estado-de-mexico-estado-de-mexico","tag-estado-de-mexico","tag-galeria-del-kiosco","tag-lente","tag-tultepec"],"_links":{"self":[{"href":"https:\/\/www.diarioimagen.net\/index.php?rest_route=\/wp\/v2\/posts\/410797","targetHints":{"allow":["GET"]}}],"collection":[{"href":"https:\/\/www.diarioimagen.net\/index.php?rest_route=\/wp\/v2\/posts"}],"about":[{"href":"https:\/\/www.diarioimagen.net\/index.php?rest_route=\/wp\/v2\/types\/post"}],"author":[{"embeddable":true,"href":"https:\/\/www.diarioimagen.net\/index.php?rest_route=\/wp\/v2\/users\/3"}],"replies":[{"embeddable":true,"href":"https:\/\/www.diarioimagen.net\/index.php?rest_route=%2Fwp%2Fv2%2Fcomments&post=410797"}],"version-history":[{"count":0,"href":"https:\/\/www.diarioimagen.net\/index.php?rest_route=\/wp\/v2\/posts\/410797\/revisions"}],"wp:featuredmedia":[{"embeddable":true,"href":"https:\/\/www.diarioimagen.net\/index.php?rest_route=\/wp\/v2\/media\/410859"}],"wp:attachment":[{"href":"https:\/\/www.diarioimagen.net\/index.php?rest_route=%2Fwp%2Fv2%2Fmedia&parent=410797"}],"wp:term":[{"taxonomy":"category","embeddable":true,"href":"https:\/\/www.diarioimagen.net\/index.php?rest_route=%2Fwp%2Fv2%2Fcategories&post=410797"},{"taxonomy":"post_tag","embeddable":true,"href":"https:\/\/www.diarioimagen.net\/index.php?rest_route=%2Fwp%2Fv2%2Ftags&post=410797"}],"curies":[{"name":"wp","href":"https:\/\/api.w.org\/{rel}","templated":true}]}}