{"id":410799,"date":"2019-01-15T00:05:44","date_gmt":"2019-01-15T06:05:44","guid":{"rendered":"https:\/\/www.diarioimagen.net\/?p=410799"},"modified":"2019-01-15T07:24:23","modified_gmt":"2019-01-15T13:24:23","slug":"docentes-de-uaem-certificados-como-mediadores-conciliadores","status":"publish","type":"post","link":"https:\/\/www.diarioimagen.net\/?p=410799","title":{"rendered":"Docentes de UAEM, certificados como mediadores conciliadores"},"content":{"rendered":"<ul>\n<li><strong><em>Mucho que aportar para solucionar controversias sociales<\/em><\/strong><\/li>\n<\/ul>\n<p>&nbsp;<\/p>\n<div id=\"attachment_410862\" style=\"width: 470px\" class=\"wp-caption aligncenter\"><a href=\"https:\/\/www.diarioimagen.net\/?attachment_id=410862\" rel=\"attachment wp-att-410862\"><img loading=\"lazy\" decoding=\"async\" aria-describedby=\"caption-attachment-410862\" class=\"size-large wp-image-410862\" src=\"https:\/\/www.diarioimagen.net\/wp-content\/uploads\/2019\/01\/UAEM-15-460x259.jpg\" alt=\"\" width=\"460\" height=\"259\" srcset=\"https:\/\/www.diarioimagen.net\/wp-content\/uploads\/2019\/01\/UAEM-15-460x259.jpg 460w, https:\/\/www.diarioimagen.net\/wp-content\/uploads\/2019\/01\/UAEM-15-240x135.jpg 240w, https:\/\/www.diarioimagen.net\/wp-content\/uploads\/2019\/01\/UAEM-15-235x132.jpg 235w, https:\/\/www.diarioimagen.net\/wp-content\/uploads\/2019\/01\/UAEM-15-202x114.jpg 202w, https:\/\/www.diarioimagen.net\/wp-content\/uploads\/2019\/01\/UAEM-15-350x196.jpg 350w, https:\/\/www.diarioimagen.net\/wp-content\/uploads\/2019\/01\/UAEM-15-220x123.jpg 220w, https:\/\/www.diarioimagen.net\/wp-content\/uploads\/2019\/01\/UAEM-15-237x132.jpg 237w, https:\/\/www.diarioimagen.net\/wp-content\/uploads\/2019\/01\/UAEM-15.jpg 480w\" sizes=\"auto, (max-width: 460px) 100vw, 460px\" \/><\/a><p id=\"caption-attachment-410862\" class=\"wp-caption-text\">La comunidad de la UAEM tiene mucho que aportar para solucionar controversias sociales mediante mecanismos alternos, sostuvo el rector Alfredo Barrera Baca.<\/p><\/div>\n<p>&nbsp;<\/p>\n<p><strong>Toluca, Estado de M\u00e9xico<\/strong>.\u2013 Con base en su capacidad de di\u00e1logo y perspectiva humanista, la comunidad de la Universidad Aut\u00f3noma del Estado de M\u00e9xico tiene mucho que aportar para solucionar controversias sociales mediante mecanismos alternos, sostuvo el rector Alfredo Barrera Baca.<\/p>\n<p>Durante la ceremonia en la que ocho docentes de la Facultad de Derecho de la UAEM fueron certificados como mediadores conciliadores escolares por parte del Centro Estatal de Mediaci\u00f3n, Conciliaci\u00f3n y de Justicia Restaurativa del Poder Judicial del Estado de M\u00e9xico, el rector puntualiz\u00f3 que, a trav\u00e9s de la colaboraci\u00f3n acad\u00e9mica y la alianza entre instituciones, es posible la especializaci\u00f3n en materia de mediaci\u00f3n.<\/p>\n<p>Ante la primera generaci\u00f3n de la UAEM que recibe esta certificaci\u00f3n, con el prop\u00f3sito de generar una cultura de la paz y procedimientos de justicia alternativa, enfatiz\u00f3 que la mediaci\u00f3n se ha convertido en el arte de impulsar relaciones basadas en el respeto y la justicia y hace posible disfrutar derechos y prerrogativas con una cultura de la paz.<\/p>\n<p>Luego de tomar protesta a los mediadores de la UAEM, el presidente del Tribunal Superior de Justicia y del Consejo de la Judicatura del Estado de M\u00e9xico, Sergio Javier Medina Pe\u00f1aloza, reconoci\u00f3 el inter\u00e9s de la Aut\u00f3noma mexiquense por impulsar la cultura de la paz, patente, principalmente, a trav\u00e9s de la Licenciatura en Medios Alternos de Soluci\u00f3n de Conflictos que ofrece la Facultad de Derecho.<\/p>\n<p>En el sal\u00f3n de plenos del Palacio del Poder Judicial, donde se dio cita la directora de la Facultad de Derecho de la UAEM, Inocenta Pe\u00f1a Ortiz, y el director general de la Escuela Judicial del Estado de M\u00e9xico, V\u00edctor Manuel Vicente Rojas Amandi, el magistrado detall\u00f3 que desde hace 15 a\u00f1os, los 19 centros de mediaci\u00f3n, conciliaci\u00f3n y justicia restaurativa resuelven aproximadamente 10 por ciento del total de asuntos que se presentan en el Tribunal Superior de Justicia del Estado de M\u00e9xico.<\/p>\n<p>En su oportunidad, el director general del Centro Estatal de Mediaci\u00f3n, Conciliaci\u00f3n y de Justicia Restaurativa, V\u00edctor Manuel Navarrete Villarreal, manifest\u00f3 que los ocho docentes de la UAEM podr\u00e1n impartir c\u00e1tedra y practicar sobre justicia colaborativa.<\/p>\n","protected":false},"excerpt":{"rendered":"<p>Con base en su capacidad de di\u00e1logo y perspectiva humanista, la comunidad de la Universidad Aut\u00f3noma del Estado de M\u00e9xico tiene mucho que aportar para solucionar controversias sociales mediante mecanismos alternos, sostuvo el rector Alfredo Barrera Baca.<\/p>\n","protected":false},"author":3,"featured_media":410862,"comment_status":"open","ping_status":"open","sticky":false,"template":"","format":"standard","meta":{"_monsterinsights_skip_tracking":false,"_monsterinsights_sitenote_active":false,"_monsterinsights_sitenote_note":"","_monsterinsights_sitenote_category":0,"footnotes":""},"categories":[35155],"tags":[43675,79072,452,1491],"class_list":["post-410799","post","type-post","status-publish","format-standard","has-post-thumbnail","hentry","category-estado-de-mexico-estado-de-mexico","tag-estado-de-mexico","tag-mediadores","tag-toluca","tag-uaem"],"_links":{"self":[{"href":"https:\/\/www.diarioimagen.net\/index.php?rest_route=\/wp\/v2\/posts\/410799","targetHints":{"allow":["GET"]}}],"collection":[{"href":"https:\/\/www.diarioimagen.net\/index.php?rest_route=\/wp\/v2\/posts"}],"about":[{"href":"https:\/\/www.diarioimagen.net\/index.php?rest_route=\/wp\/v2\/types\/post"}],"author":[{"embeddable":true,"href":"https:\/\/www.diarioimagen.net\/index.php?rest_route=\/wp\/v2\/users\/3"}],"replies":[{"embeddable":true,"href":"https:\/\/www.diarioimagen.net\/index.php?rest_route=%2Fwp%2Fv2%2Fcomments&post=410799"}],"version-history":[{"count":0,"href":"https:\/\/www.diarioimagen.net\/index.php?rest_route=\/wp\/v2\/posts\/410799\/revisions"}],"wp:featuredmedia":[{"embeddable":true,"href":"https:\/\/www.diarioimagen.net\/index.php?rest_route=\/wp\/v2\/media\/410862"}],"wp:attachment":[{"href":"https:\/\/www.diarioimagen.net\/index.php?rest_route=%2Fwp%2Fv2%2Fmedia&parent=410799"}],"wp:term":[{"taxonomy":"category","embeddable":true,"href":"https:\/\/www.diarioimagen.net\/index.php?rest_route=%2Fwp%2Fv2%2Fcategories&post=410799"},{"taxonomy":"post_tag","embeddable":true,"href":"https:\/\/www.diarioimagen.net\/index.php?rest_route=%2Fwp%2Fv2%2Ftags&post=410799"}],"curies":[{"name":"wp","href":"https:\/\/api.w.org\/{rel}","templated":true}]}}