{"id":410808,"date":"2019-01-15T00:00:24","date_gmt":"2019-01-15T06:00:24","guid":{"rendered":"https:\/\/www.diarioimagen.net\/?p=410808"},"modified":"2019-01-16T04:39:29","modified_gmt":"2019-01-16T10:39:29","slug":"cortina-de-hidrocarburo-en-accidente-en-el-que-murio-gobernadora-alonso","status":"publish","type":"post","link":"https:\/\/www.diarioimagen.net\/?p=410808","title":{"rendered":"\u201cCortina de hidrocarburo\u201d en accidente en el que muri\u00f3 gobernadora Alonso"},"content":{"rendered":"<h2>La Retaguardia<\/h2>\n<h5>Adriana Moreno Cordero<\/h5>\n<p><em>\u00a0<\/em><\/p>\n<ul>\n<li><em><strong>Curiosamente Puebla no registra desabasto<\/strong><\/em><\/li>\n<li><em><strong>Que AMLO d\u00e9 informaci\u00f3n<\/strong><\/em><\/li>\n<\/ul>\n<p>&nbsp;<\/p>\n<p>&nbsp;<\/p>\n<p>Podr\u00eda decirse que el problema de desabasto de gasolinas, por un lado, se ha convertido en una especie de \u201ccortina de hidrocarburo\u201d, -que no de humo-, en torno al lamentable accidente en el que perdieron la vida la gobernadora de Puebla, <strong>Martha Erika Alonso<\/strong> y el coordinador de la fracci\u00f3n de PAN en la C\u00e1mara Alta, <strong>Rafael Moreno Valle<\/strong>.<\/p>\n<p>De entrada, no deja de llamar poderosamente la atenci\u00f3n que curiosamente Puebla no es parte de los estados que sufren por el desabasto del combustible a las gasolineras, siendo que es un punto identificado como polo del huachicol.<\/p>\n<p>Diversos analistas coinciden en se\u00f1alar que no puede ser una casualidad que como habr\u00e1 elecciones extraordinarias en el estado, el presidente <strong>Andr\u00e9s Manuel L\u00f3pez Obrador<\/strong> quiere, bajo la ley del \u201cme canso, ganso\u201d, ganar para su partido el gobierno estatal.<\/p>\n<p>El PAN se ha percatado de esta situaci\u00f3n, por lo que el vocero del partido albiceleste, reiter\u00f3 que no permitir\u00e1n que haya impunidad ni olvido en este caso, en el que el gobierno de la llamada Cuarta Transformaci\u00f3n, se ha limitado a guardar silencio, raz\u00f3n por la cual, Acci\u00f3n Nacional demanda que les informen sobre el estado en el que van las investigaciones.<\/p>\n<p>\u201cHay varias dudas sobre el accidente\u201d, explic\u00f3 el ex coordinador de Acci\u00f3n Nacional en la C\u00e1mara Alta, sobre todo, porque no existe una sola explicaci\u00f3n oficial, porque es el Jefe del Ejecutivo el que est\u00e1 obligado a darla, ya que es \u00e9l el que contrat\u00f3 a la empresa canadiense que est\u00e1 investigando este desafortunado hecho.<\/p>\n<p>Ahora bien, el tema pol\u00edtico que se les viene a los del PAN en Puebla, definitivamente, no es un asunto menor, sin embargo, se espera que se resuelva precisamente en las elecciones, jornada en la que \u00a1qui\u00e9n lo dir\u00eda!, la dirigente de Morena, <strong>Yeidckol Polevnsky<\/strong>, est\u00e1 haciendo una buena labor pero a favor del partido albiceleste\u00a0 dada su obsesi\u00f3n por imponer nuevamente como candidato de Morena a quien ya lo fue, el ex senador perredista, <strong>Luis Miguel Barbosa Huerta<\/strong>, a quien cada vez m\u00e1s, ya no le ven mayor futuro pol\u00edtico.<\/p>\n<p>En este sentido, los panistas, que se han convertido en la primera real oposici\u00f3n a la aplanadora morenista, deben estar muy atentos y seguir con lupa, el momento en el que termine la \u201cluna de miel\u201d entre L\u00f3pez Obrador y sus seguidores, que por lo visto, durar\u00e1 todav\u00eda un buen tiempo, y ah\u00ed est\u00e1 como muestra que el propio Presidente, se ha dado la tarea de entregar algo as\u00ed como 18 millones y medio de tarjetas en apoyo tanto a la tercera edad como a los j\u00f3venes, lo que en el breve plazo representar\u00e1 igual cantidad de votos a favor del partido morenista, para las elecciones intermedias del 2021 y puede que hasta el fin del sexenio. \u00bfSer\u00e1?<\/p>\n<p>Sin embargo, diversos especialistas insisten en que los programas de bienestar que ha presentado el Jefe del Ejecutivo, carecen de sustento y reglas de operaci\u00f3n y al final de lo que se trata, es de regalar dinero por regalarlo, eso s\u00ed, para tener un buen n\u00famero de electores que se sumen a la causa de Morena.<\/p>\n<p style=\"text-align: center;\"><strong>Municiones<\/strong><\/p>\n<p>*** Ayer, quince de los 27 candidatos a convertirse en Fiscal General de la Rep\u00fablica, comparecieron y cada uno de ellos se llev\u00f3 alrededor de diez minutos para presentar su correspondiente plan de trabajo.<\/p>\n<p>No hubo preguntas ni respuestas y el presidente de la Mesa Directiva de la C\u00e1mara Alta, <strong>Mart\u00ed Batres<\/strong>, celebr\u00f3 que las comparecencias sean p\u00fablicas y dijo que m\u00e1s o menos en febrero se definir\u00e1 qui\u00e9n ser\u00e1 el nuevo Fiscal Carnal.<\/p>\n<p>Se dice en los corrillos legislativos que quien tiene las m\u00e1s altas posibilidades, comparecer\u00e1 hoy y se trata de <strong>Bernardo B\u00e1tiz<\/strong>, ampliamente conocido en ese medio y cuyo nombre se maneja junto al de\u00a0 <strong>Eva Ver\u00f3nica de Gyvez Z\u00e1rate,<\/strong> quien al presentarse ayer en el Senado de la Rep\u00fablica, dijo que en caso de ser elegida, defender\u00e1 la autonom\u00eda e independencia de la nueva fiscal\u00eda general de la Rep\u00fablica para que est\u00e9 libre de cualquier influencia p\u00fablica o privada y en segundo lugar, que en posici\u00f3n del \u00f3rgano aut\u00f3nomo la Fiscal\u00eda pueda correctamente actuar con los tres Poderes Ejecutivos. Hay quienes opinan que al final, podr\u00eda haber alg\u00fan \u201ccaballo negro\u201d el que sea el nuevo Fiscal<\/p>\n<p>*** El presidente del Consejo Nacional Agropecuario, <strong>Bosco de la Vega<\/strong>, inform\u00f3 que las p\u00e9rdidas por desabasto de gasolinas en su sector, ascienden a\u00a0 5 mil 500 millones.<\/p>\n<p>\u201cLa estamos pasando muy mal en el campo\u201d y como coinciden muchos ciudadanos, el fin es noble pero la estrategia es p\u00e9sima. Explic\u00f3 de la Vega que a pesar de que es el di\u00e9sel\u00a0 el que mueve los camiones muchas veces tienen que esperar hasta 36 horas para cargar y se registra un importante retraso.<\/p>\n<p>En cuanto a la gasolina, la situaci\u00f3n est\u00e1 peor porque los perecederos no pueden esperar m\u00e1s all\u00e1 de 48 horas, am\u00e9n de que no hay reservas y los 5 mil 500 millones de cuantiosas p\u00e9rdidas, son la suma de da\u00f1os de lo que se est\u00e1 perdiendo tanto en origen como en destino.<\/p>\n<p>\u201cRespaldamos a nuestro gobierno, pero necesitamos una soluci\u00f3n\u201d. Por lo dem\u00e1s, de la Vega dijo que es evidente que hay inexperiencia por parte del famos\u00edsimo titular de Pemex, <strong>Octavio Romero Oropeza<\/strong>, \u201clo que necesitamos es un equipo con experiencia para tomar decisiones\u201d.<\/p>\n<p>Bosco de la Vega dijo que el CNA tiene excelente relaci\u00f3n con los secretarios de Agricultura y Econom\u00eda, no as\u00ed con Romero Oropeza y la no menos flamante secretaria de Energ\u00eda, <strong>Roc\u00edo Nahle<\/strong>, que por cierto, ya no sabe ni para d\u00f3nde voltear y se puso a dar fechas en los estados afectados que van de entre tres y cinco d\u00edas. \u00bfSer\u00e1 acaso que la secretaria Nahle se sac\u00f3 los n\u00fameros de la manga?, puede que s\u00ed.<\/p>\n<p>*** La Coparmex celebr\u00f3 como un paso en la direcci\u00f3n correcta que al final, el gobierno haya optado por el mando civil en la controvertida Guardia Nacional, lo que permitir\u00e1 enmendar errores y tener una agenda integral en cuanto a combate a la inseguridad.<\/p>\n<p><u><\/u><a href=\"mailto:morcora@gmail.com\" target=\"_blank\" rel=\"noopener\"><em>morcora@gmail.com<\/em><\/a><\/p>\n","protected":false},"excerpt":{"rendered":"<p><span style=\"color: #005497;\"><strong>Adriana Moreno Cordero<\/strong><\/span><\/p>\n","protected":false},"author":3,"featured_media":0,"comment_status":"open","ping_status":"open","sticky":false,"template":"","format":"standard","meta":{"_monsterinsights_skip_tracking":false,"_monsterinsights_sitenote_active":false,"_monsterinsights_sitenote_note":"","_monsterinsights_sitenote_category":0,"footnotes":""},"categories":[69370],"tags":[69369,69368,43674],"class_list":["post-410808","post","type-post","status-publish","format-standard","hentry","category-adriana-moreno-cordero","tag-adriana-moreno-cordero","tag-la-retaguardia","tag-opinion"],"_links":{"self":[{"href":"https:\/\/www.diarioimagen.net\/index.php?rest_route=\/wp\/v2\/posts\/410808","targetHints":{"allow":["GET"]}}],"collection":[{"href":"https:\/\/www.diarioimagen.net\/index.php?rest_route=\/wp\/v2\/posts"}],"about":[{"href":"https:\/\/www.diarioimagen.net\/index.php?rest_route=\/wp\/v2\/types\/post"}],"author":[{"embeddable":true,"href":"https:\/\/www.diarioimagen.net\/index.php?rest_route=\/wp\/v2\/users\/3"}],"replies":[{"embeddable":true,"href":"https:\/\/www.diarioimagen.net\/index.php?rest_route=%2Fwp%2Fv2%2Fcomments&post=410808"}],"version-history":[{"count":0,"href":"https:\/\/www.diarioimagen.net\/index.php?rest_route=\/wp\/v2\/posts\/410808\/revisions"}],"wp:attachment":[{"href":"https:\/\/www.diarioimagen.net\/index.php?rest_route=%2Fwp%2Fv2%2Fmedia&parent=410808"}],"wp:term":[{"taxonomy":"category","embeddable":true,"href":"https:\/\/www.diarioimagen.net\/index.php?rest_route=%2Fwp%2Fv2%2Fcategories&post=410808"},{"taxonomy":"post_tag","embeddable":true,"href":"https:\/\/www.diarioimagen.net\/index.php?rest_route=%2Fwp%2Fv2%2Ftags&post=410808"}],"curies":[{"name":"wp","href":"https:\/\/api.w.org\/{rel}","templated":true}]}}