{"id":410816,"date":"2019-01-15T00:04:59","date_gmt":"2019-01-15T06:04:59","guid":{"rendered":"https:\/\/www.diarioimagen.net\/?p=410816"},"modified":"2019-01-15T03:30:25","modified_gmt":"2019-01-15T09:30:25","slug":"calendario-comicial-2019","status":"publish","type":"post","link":"https:\/\/www.diarioimagen.net\/?p=410816","title":{"rendered":"Calendario comicial 2019"},"content":{"rendered":"<h2>Espacio Electoral<\/h2>\n<h5>Eleazar Flores<strong>\u00a0<\/strong><\/h5>\n<p><strong>\u00a0<\/strong><\/p>\n<p><strong>PUEBLA Y BAJA CALIFORNIA<\/strong>.- Si uno fuera mal pensado deducir\u00eda que la escasez\u00a0 nacional de gasolina es un distractor de seguros triunfos\u00a0 de Morena en las elecciones para gobernador de Baja California y Puebla\u2026aqu\u00ed por muerte fatal de la gobernadora panista, Martha Erika Alonso.<\/p>\n<p>De candidatos le hablar\u00e9 despu\u00e9s, por ahora registre que seguro Morena ganar\u00e1 en el norte y en cuanto a la capital del camote, PAN y aliados la tienen\u00a0 dif\u00edcil ante el perdedor Barbosa. Veremos.<\/p>\n<p><strong>CALENDARIO.<\/strong>&#8211; Este movido 2019 registra elecciones en seis entidades federativas, en dos de ellas incluye gobernador, adem\u00e1s de diputados locales y cabildos en los cuatro lugares restantes.<\/p>\n<p>Lo que hay que acentuar es que las fuerzas pol\u00edticas podr\u00edan cambiar el color predominante en el norte del pa\u00eds donde el PAN sent\u00f3 sus reales desde hace treinta a\u00f1os.<\/p>\n<p><strong>BAJA CALIFORNIA NORTE.<\/strong>&#8211; En Baja California Norte el Partido Acci\u00f3n Nacional gan\u00f3 por primera vez una gubernatura\u2026 casualmente al PRI. Fue en 1989 cuando el panista Ernesto Ruffo Appel le gana la gubernatura a la pri\u00edsta Margarita Ortega, cuyas cartas credenciales la hac\u00edan favorita, m\u00e1xime que el presidente nacional del tricolor era ni m\u00e1s ni menos que Luis Donaldo Colosio.<\/p>\n<p>La rumorolog\u00eda acredit\u00f3 el triunfo de Ruffo Appel como una negociaci\u00f3n salinista con la finalidad de que el presidente fortaleciera su mandato. Justamente fue Luis Donaldo Colosio quien tuvo que aceptar p\u00fablicamente que \u201cen Baja California las encuestas no nos favorecen\u201d. Fue la primera gubernatura cedida por el PRI o ganada por el PAN. Margarita Ortega fue la sacrificada.<\/p>\n<p>El caso Puebla es mucho m\u00e1s reciente, pues se remonta a dos semanas y fracci\u00f3n cuando se cay\u00f3 el helic\u00f3ptero en que viajaba el matrimonio compuesto por el senador Rafael Moreno Valle y su esposa, la gobernadora Martha Erika Alonso, que llevaba escasos 10 d\u00edas despachando en Palacio de Gobierno, \u201cgracias\u201d a inconformidades interpuestas por Miguel \u00c1ngel Barbosa.<\/p>\n<p>Esta semana se definir\u00e1 la lista de aspirantes a la gubernatura que se votar\u00e1 en este primer semestre y Barbosa amenaza con participar nuevamente. Puebla es el primer estigma del gobierno de Andr\u00e9s Manuel L\u00f3pez Obrador, que se neg\u00f3 a ir a la toma de protesta de la gobernadora y tambi\u00e9n a su sepelio. Las rechiflas se les llev\u00f3 su secretaria de Gobernaci\u00f3n, Olga S\u00e1nchez Cordero.<\/p>\n<p>En baja California, Morena va en caballo de hacienda y el PAN perder\u00eda 30 a\u00f1os de hegemon\u00eda. Del PRI ni hablar, no tiene la m\u00ednima oportunidad, hasta ahora.<\/p>\n<p>Otras entidades donde habr\u00e1 elecciones de diputados y ayuntamientos son Durango, Tamaulipas, Quintana Roo y Aguascalientes, de las que se obliga dedicarles un espacio completo.<\/p>\n<p><a href=\"mailto:elefa44@gmail.com\" target=\"_blank\" rel=\"noopener\"><em>elefa44@gmail.com<\/em><\/a><\/p>\n","protected":false},"excerpt":{"rendered":"<p><span style=\"color: #005497;\"><strong>Eleazar Flores<\/strong><\/span><\/p>\n","protected":false},"author":3,"featured_media":0,"comment_status":"open","ping_status":"open","sticky":false,"template":"","format":"standard","meta":{"_monsterinsights_skip_tracking":false,"_monsterinsights_sitenote_active":false,"_monsterinsights_sitenote_note":"","_monsterinsights_sitenote_category":0,"footnotes":""},"categories":[81743],"tags":[81744,81776,43674],"class_list":["post-410816","post","type-post","status-publish","format-standard","hentry","category-eleazar-flores","tag-eleazar-flores","tag-espacio-electoral","tag-opinion"],"_links":{"self":[{"href":"https:\/\/www.diarioimagen.net\/index.php?rest_route=\/wp\/v2\/posts\/410816","targetHints":{"allow":["GET"]}}],"collection":[{"href":"https:\/\/www.diarioimagen.net\/index.php?rest_route=\/wp\/v2\/posts"}],"about":[{"href":"https:\/\/www.diarioimagen.net\/index.php?rest_route=\/wp\/v2\/types\/post"}],"author":[{"embeddable":true,"href":"https:\/\/www.diarioimagen.net\/index.php?rest_route=\/wp\/v2\/users\/3"}],"replies":[{"embeddable":true,"href":"https:\/\/www.diarioimagen.net\/index.php?rest_route=%2Fwp%2Fv2%2Fcomments&post=410816"}],"version-history":[{"count":0,"href":"https:\/\/www.diarioimagen.net\/index.php?rest_route=\/wp\/v2\/posts\/410816\/revisions"}],"wp:attachment":[{"href":"https:\/\/www.diarioimagen.net\/index.php?rest_route=%2Fwp%2Fv2%2Fmedia&parent=410816"}],"wp:term":[{"taxonomy":"category","embeddable":true,"href":"https:\/\/www.diarioimagen.net\/index.php?rest_route=%2Fwp%2Fv2%2Fcategories&post=410816"},{"taxonomy":"post_tag","embeddable":true,"href":"https:\/\/www.diarioimagen.net\/index.php?rest_route=%2Fwp%2Fv2%2Ftags&post=410816"}],"curies":[{"name":"wp","href":"https:\/\/api.w.org\/{rel}","templated":true}]}}