{"id":410826,"date":"2019-01-15T00:10:46","date_gmt":"2019-01-15T06:10:46","guid":{"rendered":"https:\/\/www.diarioimagen.net\/?p=410826"},"modified":"2019-01-15T07:28:39","modified_gmt":"2019-01-15T13:28:39","slug":"el-huachicol-tambien-ha-evidenciado-al-falso-periodismo","status":"publish","type":"post","link":"https:\/\/www.diarioimagen.net\/?p=410826","title":{"rendered":"El huachicol tambi\u00e9n ha evidenciado al falso periodismo"},"content":{"rendered":"<h2>\u00cdndice pol\u00edtico<\/h2>\n<h5>Francisco Rodr\u00edguez<\/h5>\n<p>&nbsp;<\/p>\n<div id=\"attachment_410870\" style=\"width: 470px\" class=\"wp-caption aligncenter\"><a href=\"https:\/\/www.diarioimagen.net\/?attachment_id=410870\" rel=\"attachment wp-att-410870\"><img loading=\"lazy\" decoding=\"async\" aria-describedby=\"caption-attachment-410870\" class=\"size-large wp-image-410870\" src=\"https:\/\/www.diarioimagen.net\/wp-content\/uploads\/2019\/01\/no-hay-desabasto-MARAL-460x385.jpg\" alt=\"\" width=\"460\" height=\"385\" srcset=\"https:\/\/www.diarioimagen.net\/wp-content\/uploads\/2019\/01\/no-hay-desabasto-MARAL-460x385.jpg 460w, https:\/\/www.diarioimagen.net\/wp-content\/uploads\/2019\/01\/no-hay-desabasto-MARAL-240x201.jpg 240w, https:\/\/www.diarioimagen.net\/wp-content\/uploads\/2019\/01\/no-hay-desabasto-MARAL-768x643.jpg 768w, https:\/\/www.diarioimagen.net\/wp-content\/uploads\/2019\/01\/no-hay-desabasto-MARAL.jpg 1200w\" sizes=\"auto, (max-width: 460px) 100vw, 460px\" \/><\/a><p id=\"caption-attachment-410870\" class=\"wp-caption-text\">\u00abNo hay desabasto\u00bb&#8230; | Maral<\/p><\/div>\n<p>&nbsp;<\/p>\n<p>Desde que la libertad de expresi\u00f3n se asumi\u00f3 como un derecho humano, como garant\u00eda individual o como derecho inmanente al ser humano \u2014dependiendo de la ideolog\u00eda reinante\u2014 s\u00f3lo tiene dos obst\u00e1culos para ser ejercida: el miedo y la mentira maquinada. Estos dos son los principales enemigos de esa prebenda jur\u00eddica.<\/p>\n<p>El miedo, cuando el que se expresa en el sentido que desee, teme la reacci\u00f3n del poderoso; la mentira maquinada, cuando los medios de comunicaci\u00f3n, generalmente respetados por el que mande, los utiliza para enga\u00f1ar, confundir, distraer de las razones objetivas, para continuar medrando de la confianza popular.<\/p>\n<p>El caso espec\u00edfico que se presenta entre nosotros desde que el mundo es mundo es, desgraciadamente, el segundo, la mentira maquinada, en la que han ca\u00eddo los propietarios y sus mensajeros abusando de la confianza, de la\u00a0<em>fiat<\/em>\u00a0p\u00fablica a sus emisiones. Es un delito grave, por cuanto amenaza la convivencia y socava el inter\u00e9s p\u00fablico del derecho a la informaci\u00f3n.<\/p>\n<p>\u00bfQu\u00e9 ganamos cuando seguimos permitiendo que los medios, la prensa infame y vendida, \u201ceduquen\u201d al pueblo en la cultura del enga\u00f1o y la trivialidad distractora? \u00bfPor qu\u00e9 no reconocemos de plano como sociedad que la verdad, aunque sea dolorosa, sigue siendo eso: la verdad pura y dura?<\/p>\n<p>La respuesta es obvia: absolutamente nada. El llamado a la tolerancia y a la permisividad por parte de quienes asolaron al pa\u00eds durante d\u00e9cadas no tiene ni tendr\u00e1 sentido, porque se presenta a destiempo, como una hipocres\u00eda filantr\u00f3pica, necesariamente falsa y retrechera.<\/p>\n<p>Que no se llamen pac\u00edficos los que alentaron la violencia y la masacre, pues es ileg\u00edtimo que ahora invoquen la legalidad aqu\u00e9llos que la pisotearon y la quisieron erradicar de nuestro sistema de vida. Los que asesinaron a conciencia lo que cost\u00f3 tanto trabajo construir, aunque s\u00f3lo fuera edificado por tabiques de esperanza y de justicia.<\/p>\n<p>Deben estar conscientes de que ellos contribuyeron en gran medida a liquidar los tiempos de los arreglos cupulares y en lo oscurito. Ya no van a ser posibles. M\u00e9xico ya no los cree ni los respeta, ni los necesita. Por eso la gente que profesa la verdad ha tomado en sus manos los destinos del pa\u00eds.<\/p>\n<p>La decisi\u00f3n de hablar con la verdad, a pecho abierto, en tiempo real, ya ha sido tomada, y esperemos que dure tanto tiempo como el pueblo la demande. No hay reversa. La verdad tiene a su favor que casi nunca se puede decir cu\u00e1ndo los reg\u00edmenes que la ejercitan no dan primero el ejemplo.<\/p>\n<p>El miedo y la mentira, que fueron durante muchos tiempos aciagos el sello de la casa en la pol\u00edtica mexicana de medios de comunicaci\u00f3n adocenados y vendidos han sido opacados por los movimientos sociales que siempre son dial\u00e9cticos y nunca obedecen al voluntarismo de una sola persona.<\/p>\n<p>Llega un momento en que la indolencia debe ceder el paso a la verdad. Un pa\u00eds que quiere salir del marasmo hist\u00f3rico siempre estar\u00e1 dispuesto a asumir la verdad, aunque se trate de una medicina sumamente amarga. Para eso se ha preparado durante largos cuarenta a\u00f1os de oposici\u00f3n militante y de asesinatos recurrentes a los que enarbolan la verdad de los sucesos.<\/p>\n<p>Esto ha sido demostrado por las encuestas recientes que se han levantado en M\u00e9xico despu\u00e9s de los amargos acontecimientos de los\u00a0<em>helicopterazos\u00a0<\/em>poblanos y de la lucha contra la delincuencia organizada que interviene descastadamente en las actividades de ordena de ductos y de combustibles y del huachicoleo.<\/p>\n<p>Los medios vendidos e infames han tratado de torpedear las medidas de seguridad y abastecimiento del nuevo r\u00e9gimen hasta que se han cansado de repetir sus sonsonetes falsarios, con el desprop\u00f3sito de convencer que se trataba de una lucha in\u00fatil contra los delincuentes sindicales, petroleros y gobernantes sin escr\u00fapulos.<\/p>\n<p>Quienes aseguraron que la falta de combustibles en algunas ciudades del pa\u00eds se deb\u00eda a la impericia o a la mentira, han sido rotundamente vencidos por la llamada tercera potencia mundial, la opini\u00f3n p\u00fablica. En las \u00faltimas mediciones demosc\u00f3picas sobre la intervenci\u00f3n del gobierno y sus fuerzas armadas, representa una lecci\u00f3n de tama\u00f1os latinoamericanos.<\/p>\n<p>En conclusi\u00f3n: L\u00f3pez Obrador cuenta con el 75% de aprobaci\u00f3n ciudadana a sus medidas y eso no es lo menor, sino que el 94% de quienes votaron por el cambio de r\u00e9gimen, lo volver\u00edan a hacer, sin duda alguna. Una cachetada con guante blanco a la prensa y a los medios de comunicaci\u00f3n infames y vendidos.<\/p>\n<p>Un profundo desmentido a quienes insisten hacer de sus posiciones un relicario inacabable de sandeces para seguir aprovech\u00e1ndose de la supuesta ingenuidad y desinformaci\u00f3n popular. Un cierre de cortina a una manera de ser de quienes han aprovechado las prebendas y concesiones del Estado para hacer cera y pabilo de la voluntad ciudadana.<\/p>\n<p>Las acciones de seguridad nacional emprendidas contra el huachicoleo cuentan con la aprobaci\u00f3n mayoritaria. La gente espera con pasi\u00f3n que sea el inicio del nuevo r\u00e9gimen para asegurar la honradez administrativa y por consiguiente la paz social, la gobernabilidad y la credibilidad en sus posteriores acciones de defensa colectiva.<\/p>\n<p>Ha sido la muestra inicial de lo que puede ser la lucha integral contra las actividades delincuenciales que han asolado a la Naci\u00f3n. El enfrentamiento decidido contra las actividades del trasiego y del narcotr\u00e1fico que apoyadas por los sentimientos de la poblaci\u00f3n puede ser definitiva y exitosa.<\/p>\n<p>El ejemplo, as\u00ed como el barrer la casa, deben venir desde arriba. Las limpieza del hogar com\u00fan debe empezar por arriba, es el mensaje, la conclusi\u00f3n popular. Y esto es hasta d\u00f3nde tope.<\/p>\n<p>No s\u00f3lo es la l\u00e1pida para coment\u00f3cratas comprados y melifluos, es tambi\u00e9n una advertencia oportuna contra los que desde el poder pol\u00edtico, econ\u00f3mico y financiero, o desde cualquier posici\u00f3n de ventaja actual y del pasado inmediato insisten en agitar las aguas de la corrupci\u00f3n, complicitados con los medios rid\u00edculos.<\/p>\n<p>Quienes trabajamos en las plataformas digitales de la informaci\u00f3n tenemos por primera vez un aliciente a nuestro desempe\u00f1o. La verdad se impone y la opini\u00f3n p\u00fablica aplaude todas las posiciones donde se esgrima la verdad como el \u00fanico frente de resistencia ante el poder descarnado del dinero.<\/p>\n<p>Ahora s\u00ed: la verdad est\u00e1 tom\u00e1ndose el caf\u00e9 en nuestra sala. \u00a1Sea bienvenida! Es la mejor noticia del a\u00f1o que comienza y de una nueva \u00e9poca que se asoma en favor de la libertad.<\/p>\n<p>\u00a1Fuera de nuestra vida el falso periodismo! \u00bfNo cree usted?<\/p>\n<p><strong><em>\u00cdndice Flam\u00edgero<\/em><\/strong><em>: <\/em>En el portal\u00a0<strong><u>Polemon<\/u><\/strong>\u00a0hay un claro ejemplo de lo comentado l\u00edneas arriba: \u201cLos periodistas cr\u00edticos de\u00a0<strong>Andr\u00e9s Manuel L\u00f3pez Obrador<\/strong>\u00a0y muchos empresarios tambi\u00e9n anti-AMLO se enteraron que en\u00a0<em>The Wall Street Journal<\/em>\u00a0se hab\u00eda publicado un texto con el sugerente t\u00edtulo: \u201c<strong><u>Mexico Reduces U.S. Gasoline Imports<\/u><\/strong>\u201d. Pensaron:\u00a0<strong>ya la hicimos<\/strong>, y maquinaron una historia simple y falsa. Esa historia\u00a0<strong>deb\u00eda saberla \u201cel pueblo de M\u00e9xico\u201d<\/strong>, y se deb\u00eda contar de la siguiente manera: Andr\u00e9s Manuel\u00a0<strong>hab\u00eda mentido con el combate al robo de gasolina<\/strong>, porque lo que en realidad estaba sucedido era que redujo las importaciones de gasolina y por eso se dio el desabasto. La historia promet\u00eda: atraer\u00eda el p\u00e1nico y el enojo, y pose\u00eda todo lo que ellos hab\u00edan so\u00f1ado: l<strong>a mentira de AMLO y la evidencia de que su gobierno era un caos\u2026 El reportaje citado por estos personajes\u00a0<\/strong>(Carlos Mota, Pascal Beltr\u00e1n del R\u00edo y Le\u00f3n Krauze)<strong>\u00a0no ten\u00eda acceso libre. Es decir, solamente se pod\u00eda leer el texto completo v\u00eda suscripci\u00f3n\u2026 Lo \u00fanico libre era el t\u00edtulo (\u201cM\u00e9xico reduce las importaciones de gasolina de Estados Unidos\u201d) y dos p\u00e1rrafos de tres l\u00edneas cada uno, que dec\u00edan lo siguiente:\u00a0<\/strong>\u201cM\u00e9xico ha reducido significativamente las importaciones de gasolina de los EU. Desde que el presidente Andr\u00e9s Manuel L\u00f3pez Obrador asumi\u00f3 el cargo el 1 de diciembre, debido a la ofensiva del gobierno contra el robo de combustible que ha atascado la distribuci\u00f3n y causado una escasez generalizada de gasolina\u201d. \u201cLas importaciones de gasolina por v\u00eda mar\u00edtima desde la Costa del Golfo de Estados Unidos ha promediado alrededor de\u00a0<strong>350,000 barriles por d\u00eda<\/strong>\u00a0bajo la administraci\u00f3n de L\u00f3pez Obrador, un descenso del 38% con respecto a diciembre de 2017 y enero de 2018, de acuerdo con la firma ClipperData\u201d. Con esas dos l\u00edneas comenz\u00f3\u00a0<strong>una andanada<\/strong>\u00a0para hacer creer a la sociedad que el desabasto en varias gasolineras del pa\u00eds no se deb\u00eda, como lo ha mencionado en m\u00faltiples ocasiones\u00a0<strong>Andr\u00e9s Manuel L\u00f3pez Obrador<\/strong>, a una cuesti\u00f3n de transportaci\u00f3n, sino a<strong>\u00a0la falta de combustible en el territorio nacional.\u00a0<\/strong>Esta andanada fue tan fuerte que<strong>\u00a0el mismo autor del texto tuvo que salir en\u00a0<u>Twitter<\/u>a aclarar la situaci\u00f3n.\u00a0 <\/strong>Escribi\u00f3 un mensaje dirigido a quienes solamente leyeron los dos p\u00e1rrafos y a partir de ah\u00ed afirmaron que el desabasto en el pa\u00eds se deb\u00eda a que AMLO redujo importaciones de gasolina: \u201cUna gran cantidad de mexicanos en Twitter est\u00e1 retuiteando esta historia [su art\u00edculo] como prueba de que AMLO caus\u00f3 la crisis de gasolina a prop\u00f3sito, al reducir las importaciones de combustible estadounidense y crudo ligero, y que\u00a0<strong>est\u00e1 usando el robo del huachicol como pretexto. Les insto a todos a suscribirse a @WSJ porque eso NO es lo que dice la historia\u201d.<\/strong><\/p>\n<p><em><a href=\"http:\/\/www.indicepolitico.com\" target=\"_blank\" rel=\"noopener\">www.indicepolitico.com<\/a><\/em><br \/>\n<a href=\"mailto:pacorodriguez@journalist.com\" target=\"_blank\" rel=\"noopener\"><em>pacorodriguez@journalist.com<\/em><\/a><br \/>\n<em><a href=\"https:\/\/twitter.com\/pacorodriguez\" target=\"_blank\" rel=\"noopener\">@pacorodriguez<\/a><\/em><\/p>\n","protected":false},"excerpt":{"rendered":"<p><span style=\"color: #005497;\"><strong>Francisco Rodr\u00edguez<\/strong><\/span><br \/>\n<br \/>\nDesde que la libertad de expresi\u00f3n se asumi\u00f3 como un derecho humano, como garant\u00eda individual o como derecho inmanente al ser humano \u2014dependiendo de la ideolog\u00eda reinante\u2014 s\u00f3lo tiene dos obst\u00e1culos para ser ejercida: el miedo y la mentira maquinada. Estos dos son los principales enemigos de esa prebenda jur\u00eddica.<\/p>\n","protected":false},"author":3,"featured_media":410870,"comment_status":"open","ping_status":"open","sticky":false,"template":"","format":"standard","meta":{"_monsterinsights_skip_tracking":false,"_monsterinsights_sitenote_active":false,"_monsterinsights_sitenote_note":"","_monsterinsights_sitenote_category":0,"footnotes":""},"categories":[549],"tags":[43689,550,43674],"class_list":["post-410826","post","type-post","status-publish","format-standard","has-post-thumbnail","hentry","category-francisco-rodriguez","tag-francisco-rodriguez","tag-indice-politico","tag-opinion"],"_links":{"self":[{"href":"https:\/\/www.diarioimagen.net\/index.php?rest_route=\/wp\/v2\/posts\/410826","targetHints":{"allow":["GET"]}}],"collection":[{"href":"https:\/\/www.diarioimagen.net\/index.php?rest_route=\/wp\/v2\/posts"}],"about":[{"href":"https:\/\/www.diarioimagen.net\/index.php?rest_route=\/wp\/v2\/types\/post"}],"author":[{"embeddable":true,"href":"https:\/\/www.diarioimagen.net\/index.php?rest_route=\/wp\/v2\/users\/3"}],"replies":[{"embeddable":true,"href":"https:\/\/www.diarioimagen.net\/index.php?rest_route=%2Fwp%2Fv2%2Fcomments&post=410826"}],"version-history":[{"count":0,"href":"https:\/\/www.diarioimagen.net\/index.php?rest_route=\/wp\/v2\/posts\/410826\/revisions"}],"wp:featuredmedia":[{"embeddable":true,"href":"https:\/\/www.diarioimagen.net\/index.php?rest_route=\/wp\/v2\/media\/410870"}],"wp:attachment":[{"href":"https:\/\/www.diarioimagen.net\/index.php?rest_route=%2Fwp%2Fv2%2Fmedia&parent=410826"}],"wp:term":[{"taxonomy":"category","embeddable":true,"href":"https:\/\/www.diarioimagen.net\/index.php?rest_route=%2Fwp%2Fv2%2Fcategories&post=410826"},{"taxonomy":"post_tag","embeddable":true,"href":"https:\/\/www.diarioimagen.net\/index.php?rest_route=%2Fwp%2Fv2%2Ftags&post=410826"}],"curies":[{"name":"wp","href":"https:\/\/api.w.org\/{rel}","templated":true}]}}