{"id":410880,"date":"2019-01-16T00:09:29","date_gmt":"2019-01-16T06:09:29","guid":{"rendered":"https:\/\/www.diarioimagen.net\/?p=410880"},"modified":"2019-01-16T00:04:18","modified_gmt":"2019-01-16T06:04:18","slug":"se-conocera-la-verdad-del-caso-ayotzinapa-asegura-sanchez-cordero","status":"publish","type":"post","link":"https:\/\/www.diarioimagen.net\/?p=410880","title":{"rendered":"Se conocer\u00e1 la verdad en caso Ayotzinapa: S\u00e1nchez Cordero"},"content":{"rendered":"<ul>\n<li><em><strong>\u201cEn un plazo humanamente razonable\u201d<\/strong><\/em><\/li>\n<li><em><strong>Se recompensar\u00e1 a quien brinde datos confiables, anuncia Encinas<\/strong><\/em><\/li>\n<\/ul>\n<p>&nbsp;<\/p>\n<div id=\"attachment_410881\" style=\"width: 470px\" class=\"wp-caption aligncenter\"><img loading=\"lazy\" decoding=\"async\" aria-describedby=\"caption-attachment-410881\" class=\"wp-image-410881 size-large\" src=\"https:\/\/www.diarioimagen.net\/wp-content\/uploads\/2019\/01\/CORDERO16-portal-460x268.jpg\" alt=\"\" width=\"460\" height=\"268\" srcset=\"https:\/\/www.diarioimagen.net\/wp-content\/uploads\/2019\/01\/CORDERO16-portal-460x268.jpg 460w, https:\/\/www.diarioimagen.net\/wp-content\/uploads\/2019\/01\/CORDERO16-portal-240x140.jpg 240w, https:\/\/www.diarioimagen.net\/wp-content\/uploads\/2019\/01\/CORDERO16-portal.jpg 480w\" sizes=\"auto, (max-width: 460px) 100vw, 460px\" \/><p id=\"caption-attachment-410881\" class=\"wp-caption-text\">La secretaria de Gobernaci\u00f3n, Olga S\u00e1nchez Cordero, durante la instalaci\u00f3n de la Comisi\u00f3n para la Verdad y Acceso a la Justicia en el caso Ayotzinapa.<\/p><\/div>\n<p>&nbsp;<\/p>\n<p>Olga S\u00e1nchez Cordero, secretaria de Gobernaci\u00f3n, resalt\u00f3 el compromiso de esta administraci\u00f3n para esclarecer los hechos y conocer la verdad del caso Ayotzinapa, en un plazo humanamente razonable, as\u00ed como fincar responsabilidades y aplicar la ley, sin importar qui\u00e9nes participaron o el cargo que ocupaban.<\/p>\n<p>Durante la instalaci\u00f3n de la Comisi\u00f3n para la Verdad y Acceso a la Justicia en el caso Ayotzinapa, indic\u00f3 que el objetivo de esta instancia es muy claro: \u201cConocer la verdad e impartir justicia para fincar responsabilidades y hacer valer la ley\u201d.<\/p>\n<p>Aclar\u00f3 que la comisi\u00f3n no partir\u00e1 de cero, sino que se descartar\u00e1n elementos falsos e incorrectos, y se corregir\u00e1 lo que se hizo de una manera indebida: \u201cContamos con informaci\u00f3n, pruebas para esclarecer las circunstancias en las que ocurrieron los hechos\u201d, puntualiz\u00f3.<\/p>\n<p>\u201cVamos a esclarecer los hechos. Vamos a conocer la verdad. Esa es la orden que nos ha dado el presidente (Andr\u00e9s Manuel L\u00f3pez Obrador) y la vamos a cumplir\u201d, dijo ante representantes de los padres y familiares de los 43 j\u00f3venes normalistas desaparecidos de Ayotzinapa el 26 y 27 de septiembre de 2014.<\/p>\n<p>S\u00e1nchez Cordero indic\u00f3 que esta administraci\u00f3n tiene la firme voluntad de completar las investigaciones y entregar resultados, al tiempo que pidi\u00f3 a los integrantes de la comisi\u00f3n su m\u00e1s decidi\u00f3 esfuerzo y compromiso para dar a conocer la verdad en el breve plazo.<\/p>\n<p>Record\u00f3 que el objetivo del primer decreto presidencial firmado el 3 de diciembre y publicado al d\u00eda siguiente en el <em>Diario Oficial de la Federaci\u00f3n<\/em>, es coadyuvar a la satisfacci\u00f3n de la verdad para los padres y las madres de los 43 estudiantes desaparecidos.<\/p>\n<p>\u201cHoy instalamos la comisi\u00f3n que deber\u00e1 coadyuvar a revelar lo ocurrido en Iguala\u201d, remarc\u00f3 la responsable de la pol\u00edtica interna del pa\u00eds, al precisar que esta instancia estar\u00e1 integrada por los familiares de los estudiantes desaparecidos o quien ellos designen que los represente. Adem\u00e1s, se sumar\u00e1n un representante de las secretar\u00edas de Gobernaci\u00f3n, de Relaciones Exteriores, y de Hacienda y Cr\u00e9dito P\u00fablico, as\u00ed como los expertos profesionales y t\u00e9cnicos que se requieran.<\/p>\n<p style=\"text-align: center;\"><strong>Recompensar\u00e1n a quien<\/strong><strong>\u00a0brinde datos del caso<\/strong><\/p>\n<p>Por su parte, el subsecretario Gobernaci\u00f3n, Alejandro Encinas, dio a conocer que se recurrir\u00e1 al esquema de recompensas o beneficios de ley para quienes otorguen informaci\u00f3n sobre el caso Iguala, incluso quienes est\u00e9n privados de su libertad.<\/p>\n<p>Advirti\u00f3 que no habr\u00e1 borr\u00f3n y cuenta nueva en las indagatorias de los hechos ocurridos en septiembre de 2014, por lo que se retomar\u00e1n todas las l\u00edneas de investigaci\u00f3n y las indagaciones efectuadas sobre ese asunto.<\/p>\n<p>Entrevistado al t\u00e9rmino de la instalaci\u00f3n de la Comisi\u00f3n para la Verdad y Acceso a la Justicia en el caso Iguala, mencion\u00f3 que la semana pr\u00f3xima se anunciar\u00e1 el monto de los recursos que se destinar\u00e1n para esta instancia.<\/p>\n<p>Creo que b\u00e1sicamente ser\u00e1 por los beneficios de ley; nos estamos refiriendo a gente que tiene informaci\u00f3n y que est\u00e1 compurgando una pena y puede aportar mucha informaci\u00f3n (sobre el caso)\u201d expres\u00f3.<\/p>\n<p>Cuestionado sobre el tiempo que llevar\u00e1n las nuevas indagatorias del caso, dijo que ese asunto lleva ya m\u00e1s de cuatro a\u00f1os; \u201chay que reconstruir muchas de las investigaciones\u201d, aunque se pretende concluir lo m\u00e1s breve posible sin generar falsas expectativas.<\/p>\n<p>Encinas Rodr\u00edguez coment\u00f3 que las investigaciones iniciar\u00e1n \u201ccon lo que no se hizo, lo que se hizo mal\u201d, de tal suerte que se cuenta con claridad de d\u00f3nde empezar.<\/p>\n<p>A pregunta expresa, destac\u00f3 que \u201ctodos los servidores p\u00fablicos, independientemente de la instituci\u00f3n a la que hayan participado estar\u00e1n formando parte de la investigaci\u00f3n\u201d.<\/p>\n","protected":false},"excerpt":{"rendered":"<p>Olga S\u00e1nchez Cordero, secretaria de Gobernaci\u00f3n, resalt\u00f3 el compromiso de esta administraci\u00f3n para esclarecer los hechos y conocer la verdad del caso Ayotzinapa, en un plazo humanamente razonable, as\u00ed como fincar responsabilidades y aplicar la ley, sin importar qui\u00e9nes participaron o el cargo que ocupaban.<\/p>\n","protected":false},"author":5,"featured_media":410881,"comment_status":"open","ping_status":"open","sticky":false,"template":"","format":"standard","meta":{"_monsterinsights_skip_tracking":false,"_monsterinsights_sitenote_active":false,"_monsterinsights_sitenote_note":"","_monsterinsights_sitenote_category":0,"footnotes":""},"categories":[7],"tags":[21346,43673,10638,75569,442,81901],"class_list":["post-410880","post","type-post","status-publish","format-standard","has-post-thumbnail","hentry","category-seguridad","tag-ayotzinapa","tag-nacional","tag-olga-sanchez-cordero","tag-sanchez-cordero","tag-secretaria-de-gobernacion","tag-verdad"],"_links":{"self":[{"href":"https:\/\/www.diarioimagen.net\/index.php?rest_route=\/wp\/v2\/posts\/410880","targetHints":{"allow":["GET"]}}],"collection":[{"href":"https:\/\/www.diarioimagen.net\/index.php?rest_route=\/wp\/v2\/posts"}],"about":[{"href":"https:\/\/www.diarioimagen.net\/index.php?rest_route=\/wp\/v2\/types\/post"}],"author":[{"embeddable":true,"href":"https:\/\/www.diarioimagen.net\/index.php?rest_route=\/wp\/v2\/users\/5"}],"replies":[{"embeddable":true,"href":"https:\/\/www.diarioimagen.net\/index.php?rest_route=%2Fwp%2Fv2%2Fcomments&post=410880"}],"version-history":[{"count":0,"href":"https:\/\/www.diarioimagen.net\/index.php?rest_route=\/wp\/v2\/posts\/410880\/revisions"}],"wp:featuredmedia":[{"embeddable":true,"href":"https:\/\/www.diarioimagen.net\/index.php?rest_route=\/wp\/v2\/media\/410881"}],"wp:attachment":[{"href":"https:\/\/www.diarioimagen.net\/index.php?rest_route=%2Fwp%2Fv2%2Fmedia&parent=410880"}],"wp:term":[{"taxonomy":"category","embeddable":true,"href":"https:\/\/www.diarioimagen.net\/index.php?rest_route=%2Fwp%2Fv2%2Fcategories&post=410880"},{"taxonomy":"post_tag","embeddable":true,"href":"https:\/\/www.diarioimagen.net\/index.php?rest_route=%2Fwp%2Fv2%2Ftags&post=410880"}],"curies":[{"name":"wp","href":"https:\/\/api.w.org\/{rel}","templated":true}]}}