{"id":410945,"date":"2019-01-16T00:10:14","date_gmt":"2019-01-16T06:10:14","guid":{"rendered":"https:\/\/www.diarioimagen.net\/?p=410945"},"modified":"2019-01-16T05:45:45","modified_gmt":"2019-01-16T11:45:45","slug":"inicia-caravana-de-hondurenos-largo-recorrido-con-destino-a-eu","status":"publish","type":"post","link":"https:\/\/www.diarioimagen.net\/?p=410945","title":{"rendered":"Inicia caravana de hondure\u00f1os largo recorrido con destino a EU"},"content":{"rendered":"<ul>\n<li><em><strong>Detienen a supuesto organizador<\/strong><\/em><\/li>\n<li><em><strong>Se mueven a pie, en camiones o veh\u00edculos particulares para cruzar a M\u00e9xico<\/strong><\/em><\/li>\n<\/ul>\n<p>&nbsp;<\/p>\n<div id=\"attachment_411037\" style=\"width: 470px\" class=\"wp-caption aligncenter\"><a href=\"https:\/\/www.diarioimagen.net\/?attachment_id=411037\" rel=\"attachment wp-att-411037\"><img loading=\"lazy\" decoding=\"async\" aria-describedby=\"caption-attachment-411037\" class=\"wp-image-411037 size-large\" src=\"https:\/\/www.diarioimagen.net\/wp-content\/uploads\/2019\/01\/MIGRANTES16e-460x259.jpg\" alt=\"\" width=\"460\" height=\"259\" srcset=\"https:\/\/www.diarioimagen.net\/wp-content\/uploads\/2019\/01\/MIGRANTES16e-460x259.jpg 460w, https:\/\/www.diarioimagen.net\/wp-content\/uploads\/2019\/01\/MIGRANTES16e-240x135.jpg 240w, https:\/\/www.diarioimagen.net\/wp-content\/uploads\/2019\/01\/MIGRANTES16e-235x132.jpg 235w, https:\/\/www.diarioimagen.net\/wp-content\/uploads\/2019\/01\/MIGRANTES16e-202x114.jpg 202w, https:\/\/www.diarioimagen.net\/wp-content\/uploads\/2019\/01\/MIGRANTES16e-350x196.jpg 350w, https:\/\/www.diarioimagen.net\/wp-content\/uploads\/2019\/01\/MIGRANTES16e-220x123.jpg 220w, https:\/\/www.diarioimagen.net\/wp-content\/uploads\/2019\/01\/MIGRANTES16e-237x132.jpg 237w, https:\/\/www.diarioimagen.net\/wp-content\/uploads\/2019\/01\/MIGRANTES16e.jpg 480w\" sizes=\"auto, (max-width: 460px) 100vw, 460px\" \/><\/a><p id=\"caption-attachment-411037\" class=\"wp-caption-text\">Un primer grupo, de unas 500 personas, sali\u00f3 la noche del lunes y otro similar la ma\u00f1ana de ayer martes.<\/p><\/div>\n<p>&nbsp;<\/p>\n<p>Unas mil personas iniciaron su largo y agotador recorrido con destino a Estados Unidos, pasando por Guatemala y M\u00e9xico.<\/p>\n<p>Un primer grupo, de unas 500 personas, sali\u00f3 la noche del lunes y otro similar la ma\u00f1ana de ayer martes desde la Gran Estaci\u00f3n Metropolitana de Autobuses de San Pedro Sula (norte), movi\u00e9ndose a pie, en camiones o veh\u00edculos particulares hacia el occidente de Honduras, cruzar Guatemala, M\u00e9xico y llegar a Estados Unidos.<\/p>\n<p>Entre hombres, mujeres -algunas embarazadas-, ni\u00f1os y adultos mayores, los migrantes con ropa ligera y peque\u00f1as maletas con s\u00f3lo lo necesario caminaron sobre el sector de Chamelec\u00f3n hacia la carretera occidente, donde se encuentra la aduana de Agua Caliente, fronteriza con Guatemala.<\/p>\n<p>Algunos de ellos dijeron a la prensa que s\u00f3lo llevan dos mudas, chamarras, una cobija, medicamentos y pocos alimentos para el largo camino.<\/p>\n<p>Las autoridades hondure\u00f1as han fracasado en su intento por hacer desistir a los ciudadanos de abandonar el pa\u00eds, mientras ellos desde la primera caravana, del 13 de octubre pasado, han asegurado que se marchan por la falta de empleo y seguridad.<\/p>\n<p>En tanto, el presidente estadunidense Donald Trump se\u00f1al\u00f3 a trav\u00e9s de Twitter la tarde del pasado lunes que \u201cs\u00f3lo los detendr\u00e1 un muro\u201d.<\/p>\n<p style=\"text-align: center;\"><strong>Detienen a supuesto organizador<\/strong><\/p>\n<p>Las autoridades hondure\u00f1as identificaron y detuvieron a un ciudadano como supuesto organizador de la tercera caravana de migrantes<\/p>\n<p>Las fuerzas de seguridad, sin dar m\u00e1s detalles, se\u00f1alaron que hab\u00edan detenido a un hombre en el sector de Cofrad\u00eda, en el departamento de Cort\u00e9s, en el norte del pa\u00eds, de acuerdo con reportes de la prensa local.<\/p>\n<p>El subdirector de la Polic\u00eda de Fronteras de Honduras, Miguel P\u00e9rez, dijo a la prensa: \u201cidentificamos que una de las personas que formaba parte del grupo que sali\u00f3 en horas de la noche (del lunes) fue requerido por tener una orden de captura por el delito de violaci\u00f3n\u201d.<\/p>\n<p>Se\u00f1al\u00f3 que estaba viajando con documentos falsos de identificaci\u00f3n y que no se descarta que sea una de los coordinadores de la caravana, la tercera que sale del pa\u00eds desde octubre pasado, pese a las advertencias del gobierno.<\/p>\n<p>La convocatoria fue \u201cCaravana migrante 15 de enero\u201d que un grupo an\u00f3nimo comparti\u00f3 en las redes sociales, seg\u00fan los reportes de prensa.<\/p>\n<p style=\"text-align: center;\"><strong>Honduras sella frontera para evitar paso de caravana migrante<\/strong><\/p>\n<p>Las autoridades de Honduras reforzaron desde ayer martes las medidas de control migratorio en el punto de Agua Caliente, fronterizo con Guatemala, para evitar que crucen al vecino pa\u00eds m\u00e1s de mil hondure\u00f1os que salieron anteoche en una nueva caravana que busca llegar a M\u00e9xico y Estados Unidos.<\/p>\n<p>Decenas de polic\u00edas permanecen apostados en Agua Caliente para evitar el paso de hondure\u00f1os que no cumplan con los requisitos para cruzar la l\u00ednea divisoria entre los dos pa\u00edses, dijo el ministro de Seguridad de Honduras, Juli\u00e1n Pacheco.<\/p>\n<p>Est\u00e1 reforzada la frontera y los pasos ilegales, si la gente va a salir que salga por los puestos legales autorizados\u201d, afirm\u00f3 el ministro hondure\u00f1o en una rueda de prensa en Tegucigalpa. Un primer grupo de la caravana que comenz\u00f3 la movilizaci\u00f3n este lunes est\u00e1 por llegar a Agua Caliente, seg\u00fan los medios hondure\u00f1os.<\/p>\n<p>El responsable de la seguridad en Honduras indic\u00f3 que a los menores de edad se les exige pasaporte y una autorizaci\u00f3n escrita de los padres para salir del pa\u00eds, mientras que a sus progenitores se les permite avanzar s\u00f3lo con el documento de identidad.<\/p>\n<p>Si un padre de familia va con su hijo y no lleva la documentaci\u00f3n correspondiente va a ser requerido (judicialmente), y podr\u00eda enfrentar hasta tres a\u00f1os de prisi\u00f3n en Honduras, explic\u00f3.<\/p>\n<p style=\"text-align: center;\"><strong>Habilitan albergue en Suchiate para recibir a caravana migrante<\/strong><\/p>\n<p>El gobierno de Chiapas habilita un albergue en las inmediaciones de la franja fronteriza de M\u00e9xico con Guatemala, para recibir a unos mil hondure\u00f1os que desde la media noche del lunes partieron de San Pedro Sula rumbo a M\u00e9xico.<\/p>\n<p>Sin embargo, la ayuda se prestar\u00e1 s\u00f3lo a aquellos que cumplan con las leyes migratorias de nuestro pa\u00eds.<\/p>\n<p>El albergue estar\u00e1 ubicado en el campo de futbol de Suchiate, a medio kil\u00f3metro del puente fronterizo \u2018Rodolfo Robles\u2019, principal paso fronterizo en la zona. Se trata de brindar ayuda humanitaria a los migrantes, afirm\u00f3 el secretario de Protecci\u00f3n Civil, Luis Manuel Garc\u00eda Moreno.<\/p>\n<p>El funcionario dijo que este d\u00eda empezaron a llevar los productos b\u00e1sicos para que sean proporcionados a los integrantes de la nueva caravana.<\/p>\n","protected":false},"excerpt":{"rendered":"<p>Unas mil personas iniciaron su largo y agotador recorrido con destino a Estados Unidos, pasando por Guatemala y M\u00e9xico. Un primer grupo, de unas 500 personas, sali\u00f3 la noche del lunes y otro similar la ma\u00f1ana de ayer martes desde la Gran Estaci\u00f3n Metropolitana de Autobuses de San Pedro Sula (norte), movi\u00e9ndose a pie, en camiones o veh\u00edculos particulares hacia el occidente de Honduras, cruzar Guatemala, M\u00e9xico y llegar a Estados Unidos.<\/p>\n","protected":false},"author":3,"featured_media":411037,"comment_status":"open","ping_status":"open","sticky":false,"template":"","format":"standard","meta":{"_monsterinsights_skip_tracking":false,"_monsterinsights_sitenote_active":false,"_monsterinsights_sitenote_note":"","_monsterinsights_sitenote_category":0,"footnotes":""},"categories":[3],"tags":[69572,177,1549,81900,43673,47553],"class_list":["post-410945","post","type-post","status-publish","format-standard","has-post-thumbnail","hentry","category-nacional","tag-caravana","tag-estados-unidos","tag-honduras","tag-hondurena","tag-nacional","tag-recorrido"],"_links":{"self":[{"href":"https:\/\/www.diarioimagen.net\/index.php?rest_route=\/wp\/v2\/posts\/410945","targetHints":{"allow":["GET"]}}],"collection":[{"href":"https:\/\/www.diarioimagen.net\/index.php?rest_route=\/wp\/v2\/posts"}],"about":[{"href":"https:\/\/www.diarioimagen.net\/index.php?rest_route=\/wp\/v2\/types\/post"}],"author":[{"embeddable":true,"href":"https:\/\/www.diarioimagen.net\/index.php?rest_route=\/wp\/v2\/users\/3"}],"replies":[{"embeddable":true,"href":"https:\/\/www.diarioimagen.net\/index.php?rest_route=%2Fwp%2Fv2%2Fcomments&post=410945"}],"version-history":[{"count":0,"href":"https:\/\/www.diarioimagen.net\/index.php?rest_route=\/wp\/v2\/posts\/410945\/revisions"}],"wp:featuredmedia":[{"embeddable":true,"href":"https:\/\/www.diarioimagen.net\/index.php?rest_route=\/wp\/v2\/media\/411037"}],"wp:attachment":[{"href":"https:\/\/www.diarioimagen.net\/index.php?rest_route=%2Fwp%2Fv2%2Fmedia&parent=410945"}],"wp:term":[{"taxonomy":"category","embeddable":true,"href":"https:\/\/www.diarioimagen.net\/index.php?rest_route=%2Fwp%2Fv2%2Fcategories&post=410945"},{"taxonomy":"post_tag","embeddable":true,"href":"https:\/\/www.diarioimagen.net\/index.php?rest_route=%2Fwp%2Fv2%2Ftags&post=410945"}],"curies":[{"name":"wp","href":"https:\/\/api.w.org\/{rel}","templated":true}]}}