{"id":410956,"date":"2019-01-16T00:09:43","date_gmt":"2019-01-16T06:09:43","guid":{"rendered":"https:\/\/www.diarioimagen.net\/?p=410956"},"modified":"2019-01-16T08:59:21","modified_gmt":"2019-01-16T14:59:21","slug":"en-cuautitlan-venimos-a-poner-orden-afirma-teresa-r-perez","status":"publish","type":"post","link":"https:\/\/www.diarioimagen.net\/?p=410956","title":{"rendered":"En Cuautitl\u00e1n venimos a poner orden, afirma Teresa R. P\u00e9rez"},"content":{"rendered":"<ul>\n<li><strong><em>En el \u00e1rea administrativa<\/em><\/strong><\/li>\n<\/ul>\n<p>&nbsp;<\/p>\n<div id=\"attachment_411051\" style=\"width: 470px\" class=\"wp-caption aligncenter\"><a href=\"https:\/\/www.diarioimagen.net\/?attachment_id=411051\" rel=\"attachment wp-att-411051\"><img loading=\"lazy\" decoding=\"async\" aria-describedby=\"caption-attachment-411051\" class=\"size-large wp-image-411051\" src=\"https:\/\/www.diarioimagen.net\/wp-content\/uploads\/2019\/01\/CUAUTITLAN-16-BIS-460x259.jpg\" alt=\"\" width=\"460\" height=\"259\" srcset=\"https:\/\/www.diarioimagen.net\/wp-content\/uploads\/2019\/01\/CUAUTITLAN-16-BIS-460x259.jpg 460w, https:\/\/www.diarioimagen.net\/wp-content\/uploads\/2019\/01\/CUAUTITLAN-16-BIS-240x135.jpg 240w, https:\/\/www.diarioimagen.net\/wp-content\/uploads\/2019\/01\/CUAUTITLAN-16-BIS-235x132.jpg 235w, https:\/\/www.diarioimagen.net\/wp-content\/uploads\/2019\/01\/CUAUTITLAN-16-BIS-202x114.jpg 202w, https:\/\/www.diarioimagen.net\/wp-content\/uploads\/2019\/01\/CUAUTITLAN-16-BIS-350x196.jpg 350w, https:\/\/www.diarioimagen.net\/wp-content\/uploads\/2019\/01\/CUAUTITLAN-16-BIS-220x123.jpg 220w, https:\/\/www.diarioimagen.net\/wp-content\/uploads\/2019\/01\/CUAUTITLAN-16-BIS-237x132.jpg 237w, https:\/\/www.diarioimagen.net\/wp-content\/uploads\/2019\/01\/CUAUTITLAN-16-BIS.jpg 480w\" sizes=\"auto, (max-width: 460px) 100vw, 460px\" \/><\/a><p id=\"caption-attachment-411051\" class=\"wp-caption-text\">La abogada Mar\u00eda Teresa Ruiz P\u00e9rez fue ratificada por el cabildo de Cuautitl\u00e1n como directora de Administraci\u00f3n del ayuntamiento.<\/p><\/div>\n<p>&nbsp;<\/p>\n<p><strong>Cuautitl\u00e1n, Estado de M\u00e9xico<\/strong>.- Luego de ser ratificado su nombramiento como directora de Administraci\u00f3n del ayuntamiento, por parte del alcalde Ariel Ju\u00e1rez, Mar\u00eda Teresa Ruiz P\u00e9rez asegur\u00f3 que su labor al frente del \u00e1rea \u201cser\u00e1 la de poner en orden la casa\u201d.<\/p>\n<p>Ello en referencia a su labor como la encargada de los aspectos administrativos de la reci\u00e9n iniciada gesti\u00f3n municipal de extracci\u00f3n morenista.<\/p>\n<p>Al respecto, la directora manifest\u00f3 que a ella le corresponder\u00e1 verificar el adecuado manejo de la gesti\u00f3n p\u00fablica cuautitlense en materia administrativa, as\u00ed como el correcto desempe\u00f1o de las distintas \u00e1reas que conforman el ayuntamiento.<\/p>\n<p>Dijo que el objetivo \u201ces poner en orden la casa, que para el caso de nosotros, los servidores p\u00fablicos, es el gobierno municipal que es como nuestro segundo hogar, por lo que como en el caso de nuestras propias viviendas, la actual administraci\u00f3n debe contar con orden y un sistema organizativo eficiente\u201d.<\/p>\n<p>Asimismo expres\u00f3 que es una indicaci\u00f3n del presidente municipal Ariel Ju\u00e1rez optimizar el funcionamiento del gobierno local \u201ca partir de los bueno oficios de quienes integran esta Direcci\u00f3n General de Administraci\u00f3n siempre en beneficio de los cuautitlenses\u201d.<\/p>\n<p>Ruiz P\u00e9rez concluy\u00f3 al se\u00f1alar que los resultados de lo que haya de aplicarse desde esta \u00e1rea para aportar a la gesti\u00f3n en general del alcalde ser\u00e1n notorios en lo inmediato, dada la disponibilidad de su equipo de trabajo y del resto de los trabajadores de esa \u00e1rea del gobierno municipal.<\/p>\n","protected":false},"excerpt":{"rendered":"<p> Luego de ser ratificado su nombramiento como directora de Administraci\u00f3n del ayuntamiento, por parte del alcalde Ariel Ju\u00e1rez, Mar\u00eda Teresa Ruiz P\u00e9rez asegur\u00f3 que su labor al frente del \u00e1rea \u201cser\u00e1 la de poner en orden la casa\u201d.<\/p>\n","protected":false},"author":3,"featured_media":411051,"comment_status":"open","ping_status":"open","sticky":false,"template":"","format":"standard","meta":{"_monsterinsights_skip_tracking":false,"_monsterinsights_sitenote_active":false,"_monsterinsights_sitenote_note":"","_monsterinsights_sitenote_category":0,"footnotes":""},"categories":[35155],"tags":[2977,681,43675,81902],"class_list":["post-410956","post","type-post","status-publish","format-standard","has-post-thumbnail","hentry","category-estado-de-mexico-estado-de-mexico","tag-ayuntamiento","tag-cuautitlan","tag-estado-de-mexico","tag-maria-teresa-ruiz-perez"],"_links":{"self":[{"href":"https:\/\/www.diarioimagen.net\/index.php?rest_route=\/wp\/v2\/posts\/410956","targetHints":{"allow":["GET"]}}],"collection":[{"href":"https:\/\/www.diarioimagen.net\/index.php?rest_route=\/wp\/v2\/posts"}],"about":[{"href":"https:\/\/www.diarioimagen.net\/index.php?rest_route=\/wp\/v2\/types\/post"}],"author":[{"embeddable":true,"href":"https:\/\/www.diarioimagen.net\/index.php?rest_route=\/wp\/v2\/users\/3"}],"replies":[{"embeddable":true,"href":"https:\/\/www.diarioimagen.net\/index.php?rest_route=%2Fwp%2Fv2%2Fcomments&post=410956"}],"version-history":[{"count":0,"href":"https:\/\/www.diarioimagen.net\/index.php?rest_route=\/wp\/v2\/posts\/410956\/revisions"}],"wp:featuredmedia":[{"embeddable":true,"href":"https:\/\/www.diarioimagen.net\/index.php?rest_route=\/wp\/v2\/media\/411051"}],"wp:attachment":[{"href":"https:\/\/www.diarioimagen.net\/index.php?rest_route=%2Fwp%2Fv2%2Fmedia&parent=410956"}],"wp:term":[{"taxonomy":"category","embeddable":true,"href":"https:\/\/www.diarioimagen.net\/index.php?rest_route=%2Fwp%2Fv2%2Fcategories&post=410956"},{"taxonomy":"post_tag","embeddable":true,"href":"https:\/\/www.diarioimagen.net\/index.php?rest_route=%2Fwp%2Fv2%2Ftags&post=410956"}],"curies":[{"name":"wp","href":"https:\/\/api.w.org\/{rel}","templated":true}]}}