{"id":410959,"date":"2019-01-16T00:08:06","date_gmt":"2019-01-16T06:08:06","guid":{"rendered":"https:\/\/www.diarioimagen.net\/?p=410959"},"modified":"2019-01-16T09:00:05","modified_gmt":"2019-01-16T15:00:05","slug":"aprueban-titulares-de-los-oficiales-calificadores-y-las-comisiones-edilicias-en-cuautitlan-izcalli","status":"publish","type":"post","link":"https:\/\/www.diarioimagen.net\/?p=410959","title":{"rendered":"Aprueban titulares de los oficiales calificadores y las comisiones edilicias en Cuautitl\u00e1n Izcalli"},"content":{"rendered":"<p><a href=\"https:\/\/www.diarioimagen.net\/?attachment_id=411054\" rel=\"attachment wp-att-411054\"><img loading=\"lazy\" decoding=\"async\" class=\"aligncenter size-large wp-image-411054\" src=\"https:\/\/www.diarioimagen.net\/wp-content\/uploads\/2019\/01\/CUAUTITLAN-16-460x259.jpg\" alt=\"\" width=\"460\" height=\"259\" srcset=\"https:\/\/www.diarioimagen.net\/wp-content\/uploads\/2019\/01\/CUAUTITLAN-16-460x259.jpg 460w, https:\/\/www.diarioimagen.net\/wp-content\/uploads\/2019\/01\/CUAUTITLAN-16-240x135.jpg 240w, https:\/\/www.diarioimagen.net\/wp-content\/uploads\/2019\/01\/CUAUTITLAN-16-235x132.jpg 235w, https:\/\/www.diarioimagen.net\/wp-content\/uploads\/2019\/01\/CUAUTITLAN-16-202x114.jpg 202w, https:\/\/www.diarioimagen.net\/wp-content\/uploads\/2019\/01\/CUAUTITLAN-16-350x196.jpg 350w, https:\/\/www.diarioimagen.net\/wp-content\/uploads\/2019\/01\/CUAUTITLAN-16-220x123.jpg 220w, https:\/\/www.diarioimagen.net\/wp-content\/uploads\/2019\/01\/CUAUTITLAN-16-237x132.jpg 237w, https:\/\/www.diarioimagen.net\/wp-content\/uploads\/2019\/01\/CUAUTITLAN-16.jpg 480w\" sizes=\"auto, (max-width: 460px) 100vw, 460px\" \/><\/a><\/p>\n<p>&nbsp;<\/p>\n<p><strong>Cuautitl\u00e1n Izcalli, Estado de M\u00e9xico<\/strong><strong>.-<\/strong> Con la aceptaci\u00f3n de todos los ediles, en cabildo fueron aprobados los nuevos titulares a la Oficial\u00eda Calificadora, propuestos por el alcalde Ricardo N\u00fa\u00f1ez Ayala, quedando Antonio L\u00f3pez M\u00e9ndez, Ren\u00e9 Navarrete P\u00e1ez y Elo\u00edsa Matilde Ru\u00edz S\u00e1nchez.<\/p>\n<p>En sesi\u00f3n ordinaria de tipo p\u00fablico, que encabez\u00f3 el presidente municipal, Ricardo N\u00fa\u00f1ez Ayala, rindieron protesta luego de ser aprobados por el cuerpo edilicio, los titulares de la oficial\u00eda calificadora reconociendo su capacidad, conocimientos y experiencia necesaria para desempe\u00f1ar el cargo.<\/p>\n","protected":false},"excerpt":{"rendered":"<p>Con la aceptaci\u00f3n de todos los ediles, en cabildo fueron aprobados los nuevos titulares a la Oficial\u00eda Calificadora, propuestos por el alcalde Ricardo N\u00fa\u00f1ez Ayala, quedando Antonio L\u00f3pez M\u00e9ndez, Ren\u00e9 Navarrete P\u00e1ez y Elo\u00edsa Matilde Ru\u00edz S\u00e1nchez.<\/p>\n","protected":false},"author":3,"featured_media":411054,"comment_status":"open","ping_status":"open","sticky":false,"template":"","format":"standard","meta":{"_monsterinsights_skip_tracking":false,"_monsterinsights_sitenote_active":false,"_monsterinsights_sitenote_note":"","_monsterinsights_sitenote_category":0,"footnotes":""},"categories":[35155],"tags":[81903,76588,971,43675],"class_list":["post-410959","post","type-post","status-publish","format-standard","has-post-thumbnail","hentry","category-estado-de-mexico-estado-de-mexico","tag-calificadores","tag-comisiones","tag-cuautitlan-izcalli","tag-estado-de-mexico"],"_links":{"self":[{"href":"https:\/\/www.diarioimagen.net\/index.php?rest_route=\/wp\/v2\/posts\/410959","targetHints":{"allow":["GET"]}}],"collection":[{"href":"https:\/\/www.diarioimagen.net\/index.php?rest_route=\/wp\/v2\/posts"}],"about":[{"href":"https:\/\/www.diarioimagen.net\/index.php?rest_route=\/wp\/v2\/types\/post"}],"author":[{"embeddable":true,"href":"https:\/\/www.diarioimagen.net\/index.php?rest_route=\/wp\/v2\/users\/3"}],"replies":[{"embeddable":true,"href":"https:\/\/www.diarioimagen.net\/index.php?rest_route=%2Fwp%2Fv2%2Fcomments&post=410959"}],"version-history":[{"count":0,"href":"https:\/\/www.diarioimagen.net\/index.php?rest_route=\/wp\/v2\/posts\/410959\/revisions"}],"wp:featuredmedia":[{"embeddable":true,"href":"https:\/\/www.diarioimagen.net\/index.php?rest_route=\/wp\/v2\/media\/411054"}],"wp:attachment":[{"href":"https:\/\/www.diarioimagen.net\/index.php?rest_route=%2Fwp%2Fv2%2Fmedia&parent=410959"}],"wp:term":[{"taxonomy":"category","embeddable":true,"href":"https:\/\/www.diarioimagen.net\/index.php?rest_route=%2Fwp%2Fv2%2Fcategories&post=410959"},{"taxonomy":"post_tag","embeddable":true,"href":"https:\/\/www.diarioimagen.net\/index.php?rest_route=%2Fwp%2Fv2%2Ftags&post=410959"}],"curies":[{"name":"wp","href":"https:\/\/api.w.org\/{rel}","templated":true}]}}